{"id":1251903,"date":"2023-03-15T21:05:15","date_gmt":"2023-03-16T03:05:15","guid":{"rendered":"https:\/\/www.acapulcopress.com\/?p=1251903"},"modified":"2023-03-15T21:05:15","modified_gmt":"2023-03-16T03:05:15","slug":"inauguro-gobernadora-segunda-sala-de-lo-familiar-del-tsj-en-acapulco","status":"publish","type":"post","link":"https:\/\/www.acapulcopress.com\/index.php\/2023\/03\/15\/inauguro-gobernadora-segunda-sala-de-lo-familiar-del-tsj-en-acapulco\/","title":{"rendered":"Inaugur\u00f3 Gobernadora Segunda Sala de lo Familiar del TSJ en Acapulco"},"content":{"rendered":"<p style=\"text-align: justify;\">ACAPULCO * 15 de marzo de 2023.<br \/>\n<em>) Gobierno de Guerrero<br \/>\n<\/em>\u201cNuestra administraci\u00f3n siempre va a mantener, como lo ha hecho hasta ahora una relaci\u00f3n <img loading=\"lazy\" decoding=\"async\" class=\"alignleft size-medium wp-image-1251913\" src=\"https:\/\/www.acapulcopress.com\/wp-content\/uploads\/2023\/03\/esp.jc10-375x250.jpg\" alt=\"\" width=\"375\" height=\"250\" \/>de respeto absoluto e irrestricto a la autonom\u00eda de los Poderes\u201d, se\u00f1al\u00f3 la gobernadora <a href=\"https:\/\/www.facebook.com\/EvelynSalgadoP\" target=\"_blank\" rel=\"noopener\">Evelyn Salgado Pineda<\/a> durante la inauguraci\u00f3n de la Segunda Sala de lo Familiar del Tribunal Superior de Justicia con sede en Acapulco.<\/p>\n<p style=\"text-align: justify;\">Con la presencia del presidente del Tribunal Superior de Justicia y del Consejo de la Judicatura de Guerrero, <a href=\"https:\/\/www.facebook.com\/profile.php?id=100077968715353\" target=\"_blank\" rel=\"noopener\">Raymundo Casarrubias V\u00e1zquez<\/a>, y de la alcaldesa de Acapulco, Abelina L\u00f3pez Rodr\u00edguez, la jefa del Ejecutivo estatal resalt\u00f3 la coordinaci\u00f3n de esfuerzos interinstitucionales para poner en marcha los cambios que requiere la entidad. Por ello reconoci\u00f3 el gran esfuerzo del Tribunal y del Poder Judicial para continuar consolidando la atenci\u00f3n a las familias guerrerenses.<\/p>\n<p style=\"text-align: justify;\"><img loading=\"lazy\" decoding=\"async\" class=\"alignleft size-medium wp-image-1251908\" src=\"https:\/\/www.acapulcopress.com\/wp-content\/uploads\/2023\/03\/esp.jc5_-375x250.jpg\" alt=\"\" width=\"375\" height=\"250\" \/>\u201cEstamos trabajando como el gran equipo que somos y tenemos el absoluto inter\u00e9s de que la justicia se imparta en todas sus materias sin distingos, para todas y para todos, aplicando la m\u00e1xima de que al margen de la ley nada y por encima de la ley nadie\u201d, afirm\u00f3.<\/p>\n<p style=\"text-align: justify;\">Dijo que con esta nueva sala, que beneficiar\u00e1 a la poblaci\u00f3n de 24 municipios de la entidad que habitan en los distritos judiciales como Abasolo, Altamirano, Allende, Galeana, Montes de Oca y Tabares, se consolida el Sistema Judicial Estatal, dando mayor atenci\u00f3n y resoluci\u00f3n a los temas que se presenten en esta materia, promoviendo adem\u00e1s la eficacia y transparencia.<\/p>\n<p style=\"text-align: justify;\">En este sentido reiter\u00f3 que siempre habr\u00e1 una gran comunicaci\u00f3n y respeto hacia todos los <img loading=\"lazy\" decoding=\"async\" class=\"alignleft size-medium wp-image-1251911\" src=\"https:\/\/www.acapulcopress.com\/wp-content\/uploads\/2023\/03\/esp.jc8_-375x250.jpg\" alt=\"\" width=\"375\" height=\"250\" \/>Poderes, para poder generar los espacios necesarios que permitan sentar las bases de una transformaci\u00f3n duradera en Guerrero.<\/p>\n<p style=\"text-align: justify;\">\u201cSi nos unimos todos los Poderes s\u00ed podemos hacer grandes cambios en nuestro estado, soy pro equipo, pro di\u00e1logo, pro fraternidad, pro solidaridad y creo firmemente que tenemos que salir unidas y unidos, juntas y juntos. Sin importar ideolog\u00edas de ning\u00fan tipo, ni religiosas, ni pol\u00edticas\u201d, a\u00f1adi\u00f3 la gobernadora.<\/p>\n<p style=\"text-align: justify;\">Durante su participaci\u00f3n, el presidente del Tribunal Superior de Justicia se\u00f1al\u00f3 que este es un d\u00eda importante e hist\u00f3rico para la sociedad, para la comunidad jur\u00eddica guerrerense y para el Poder Judicial del Estado, pues con la inauguraci\u00f3n de este espacio se contribuye a una pronta y eficaz impartici\u00f3n de justicia de segunda instancia en la materia familiar, en <img loading=\"lazy\" decoding=\"async\" class=\"alignleft size-medium wp-image-1251912\" src=\"https:\/\/www.acapulcopress.com\/wp-content\/uploads\/2023\/03\/esp.jc9_-375x563.jpg\" alt=\"\" width=\"375\" height=\"563\" \/>las regiones Acapulco, Costa Grande y Costa Chica.<\/p>\n<p style=\"text-align: justify;\">\u201cCon el funcionamiento de esta sala se beneficiar\u00e1 a cerca de un mill\u00f3n 700 mil personas de las regiones Acapulco, Costa Chica y Costa Grande. Esta nueva sala familiar contribuir\u00e1, igualmente, por elementales razones, a elevar la calidad en la prestaci\u00f3n del servicio de impartici\u00f3n de justicia; esta habr\u00e1 de ser m\u00e1s \u00e1gil y efectiva\u201d, detall\u00f3.<\/p>\n<p style=\"text-align: justify;\">Raymundo Casarrubias agradeci\u00f3 el apoyo de la gobernadora por la entrega de mobiliario y equipo de c\u00f3mputo que permitir\u00e1n que esta nueva sala comience a brindar servicio. \u201cMuchas gracias apreciada gobernadora, el Poder Judicial y el pueblo de Guerrero le reconocen estas importantes acciones a favor, sobre todo, de las familias guerrerenses. Nos demuestra, una vez m\u00e1s, que es una verdadera aliada de las causas m\u00e1s nobles\u201d, dijo.<\/p>\n<p style=\"text-align: justify;\">De manera previa, la gobernadora y el presidente del Tribunal Superior de Justicia, visitaron las instalaciones del Centro Integral de Justicia de Acapulco.<\/p>\n<p style=\"text-align: justify;\">Asistieron a este evento la presidenta de la Mesa Directiva del Congreso Local, <a href=\"https:\/\/www.facebook.com\/profile.php?id=100076222897427\" target=\"_blank\" rel=\"noopener\">Yanelly Hern\u00e1ndez Mart\u00ednez<\/a>; el comandante de la Novena Regi\u00f3n Militar, Ricardo Flores Gonz\u00e1lez; el comandante de la D\u00e9cima Segunda Regi\u00f3n Naval, Julio C\u00e9sar Pescina \u00c1vila; el secretario general de Gobierno, Ludwig Marcial Reynoso N\u00fa\u00f1ez, as\u00ed como jueces, presidentes y presidentas de barras de abogados, personal jurisdiccional y administrativo,\u00a0entre\u00a0otros.<\/p>\n<p style=\"text-align: justify;\"><em>) S\u00edguenos en nuestra p\u00e1gina Facebook @<a href=\"https:\/\/www.facebook.com\/acapulcopress.news\" target=\"_blank\" rel=\"noopener\">acapulcopress.news<\/a><\/em><\/p>\n","protected":false},"excerpt":{"rendered":"<p>ACAPULCO * 15 de marzo de 2023. ) Gobierno de Guerrero \u201cNuestra administraci\u00f3n siempre va a mantener, como lo ha hecho hasta ahora una relaci\u00f3n de respeto absoluto e irrestricto a la autonom\u00eda de los Poderes\u201d, se\u00f1al\u00f3 la gobernadora Evelyn Salgado Pineda durante la inauguraci\u00f3n de la Segunda Sala de lo Familiar del Tribunal Superior&#8230;<\/p>\n","protected":false},"author":2,"featured_media":1251909,"comment_status":"closed","ping_status":"closed","sticky":false,"template":"","format":"standard","meta":{"footnotes":""},"categories":[1972,1983,18561],"tags":[6444,8251,9302,15320,17401],"class_list":["post-1251903","post","type-post","status-publish","format-standard","has-post-thumbnail","hentry","category-special","category-guerrerogob","category-society-politics","tag-consejo-de-la-judicatura-de-guerrero","tag-evelyn-salgado-pineda","tag-gobierno-de-guerrero","tag-raymundo-casarrubias-vazquez","tag-tribunal-superior-de-justicia-de-guerrero-tsj"],"_links":{"self":[{"href":"https:\/\/www.acapulcopress.com\/index.php\/wp-json\/wp\/v2\/posts\/1251903","targetHints":{"allow":["GET"]}}],"collection":[{"href":"https:\/\/www.acapulcopress.com\/index.php\/wp-json\/wp\/v2\/posts"}],"about":[{"href":"https:\/\/www.acapulcopress.com\/index.php\/wp-json\/wp\/v2\/types\/post"}],"author":[{"embeddable":true,"href":"https:\/\/www.acapulcopress.com\/index.php\/wp-json\/wp\/v2\/users\/2"}],"replies":[{"embeddable":true,"href":"https:\/\/www.acapulcopress.com\/index.php\/wp-json\/wp\/v2\/comments?post=1251903"}],"version-history":[{"count":0,"href":"https:\/\/www.acapulcopress.com\/index.php\/wp-json\/wp\/v2\/posts\/1251903\/revisions"}],"wp:featuredmedia":[{"embeddable":true,"href":"https:\/\/www.acapulcopress.com\/index.php\/wp-json\/"}],"wp:attachment":[{"href":"https:\/\/www.acapulcopress.com\/index.php\/wp-json\/wp\/v2\/media?parent=1251903"}],"wp:term":[{"taxonomy":"category","embeddable":true,"href":"https:\/\/www.acapulcopress.com\/index.php\/wp-json\/wp\/v2\/categories?post=1251903"},{"taxonomy":"post_tag","embeddable":true,"href":"https:\/\/www.acapulcopress.com\/index.php\/wp-json\/wp\/v2\/tags?post=1251903"}],"curies":[{"name":"wp","href":"https:\/\/api.w.org\/{rel}","templated":true}]}}