{"id":1251915,"date":"2023-03-15T21:27:44","date_gmt":"2023-03-16T03:27:44","guid":{"rendered":"https:\/\/www.acapulcopress.com\/?p=1251915"},"modified":"2023-03-15T21:27:44","modified_gmt":"2023-03-16T03:27:44","slug":"imss-e-insabi-supervisan-con-evelyn-salgado-trabajos-de-transformacion-de-salud-en-guerrero","status":"publish","type":"post","link":"https:\/\/www.acapulcopress.com\/index.php\/2023\/03\/15\/imss-e-insabi-supervisan-con-evelyn-salgado-trabajos-de-transformacion-de-salud-en-guerrero\/","title":{"rendered":"IMSS e Insabi supervisan con Evelyn Salgado trabajos de transformaci\u00f3n de salud en Guerrero"},"content":{"rendered":"<p style=\"text-align: justify;\">ACAPULCO * 15 de marzo de 2023.<br \/>\n<em>) Gobierno de Guerrero<\/em><br \/>\nLa gobernadora<a href=\"https:\/\/www.facebook.com\/EvelynSalgadoP\" target=\"_blank\" rel=\"noopener\"> Evelyn Salgado Pineda<\/a> recibi\u00f3 en Guerrero al director general del IMSS, <a href=\"https:\/\/www.facebook.com\/RobledoZoe\" target=\"_blank\" rel=\"noopener\"><img loading=\"lazy\" decoding=\"async\" class=\"alignleft size-medium wp-image-1251917\" src=\"https:\/\/www.acapulcopress.com\/wp-content\/uploads\/2023\/03\/zoe-robledo2-375x250.jpg\" alt=\"\" width=\"375\" height=\"250\" \/>Zo\u00e9 Robledo Aburto<\/a>, junto con el director general del <a href=\"https:\/\/www.facebook.com\/InstitutoDeSaludParaElBienestar\" target=\"_blank\" rel=\"noopener\">Instituto de Salud para el Bienestar<\/a> (Insabi), Juan Antonio Ferrer Aguilar, para revisar los avances en los trabajos para mejorar y transformar el sistema de salud en Guerrero.<\/p>\n<p style=\"text-align: justify;\">En esta reuni\u00f3n interinstitucional celebrada en <em>Casa Guerrero<\/em>, se dio seguimiento a los avances en el abasto de medicamentos, obras de infraestructura hospitalaria, as\u00ed como equipamiento m\u00e9dico y la federalizaci\u00f3n de los servicios de salud en Guerrero.<\/p>\n<p style=\"text-align: justify;\">\u00abNo hay nada m\u00e1s importante que la salud y la vida, es un \u00e1rea a la que le hemos dedicado todo nuestro empe\u00f1o y dedicaci\u00f3n y llevamos un buen avance en la transformaci\u00f3n del sistema de salud en Guerrero para ofrecer un servicio de excelencia y acceso a la salud en <img loading=\"lazy\" decoding=\"async\" class=\"alignleft size-medium wp-image-1251919\" src=\"https:\/\/www.acapulcopress.com\/wp-content\/uploads\/2023\/03\/zoe-robledo4-375x250.jpg\" alt=\"\" width=\"375\" height=\"250\" \/>las zonas m\u00e1s alejadas\u00bb, puntualiz\u00f3 la gobernadora quien tambi\u00e9n reconoci\u00f3 el trabajo en equipo entre las instituciones de salud federales con Guerrero.<\/p>\n<p style=\"text-align: justify;\">En la mesa de trabajo el director general del IMSS, Zo\u00e9 Robledo Aburto, inform\u00f3 que a Guerrero llegar\u00e1n 69 m\u00e9dicos especialistas de base y 349 residentes de \u00faltimo a\u00f1o, adem\u00e1s de equipo m\u00e9dico y obras de infraestructura para fortalecer el sistema de salud prioritariamente a la poblaci\u00f3n sin seguridad social como uno de los compromisos del presidente Andr\u00e9s Manuel L\u00f3pez Obrador con la entidad.<\/p>\n<p style=\"text-align: justify;\">Evelyn Salgado reconoci\u00f3 el trabajo desarrollado para mejorar el acceso a la salud de las instituciones como el IMSS-Bienestar y el Insabi, as\u00ed como la Secretar\u00eda de Salud Federal en coordinaci\u00f3n con la Secretar\u00eda de Salud Guerrero, prioritariamente en zonas alejadas como las regiones de La Monta\u00f1a y La Sierra donde mayor necesidad se tiene.<\/p>\n<p style=\"text-align: justify;\">La mandataria estatal, puntualiz\u00f3 se realiza un trabajo a fondo en los servicios de salud en Guerrero donde, \u00abno solo hac\u00eda falta una manita de gato, sino un zarpazo de tigre a todo el sistema de salud, y que hoy se est\u00e1 haciendo, la misma gente lo est\u00e1 reconociendo, incluso la gente de las comunidades all\u00e1 en la sierra, en la monta\u00f1a, en Costa Chica, con medicamentos y m\u00e9dicos atendiendo\u00bb.<\/p>\n<p style=\"text-align: justify;\">A la reuni\u00f3n asistieron la secretaria de Salud Guerrero, <a href=\"https:\/\/www.facebook.com\/Dra.AideIbarezCastro\" target=\"_blank\" rel=\"noopener\">Aid\u00e9 Ibarez Castro<\/a>; Marcos Cantero Cort\u00e9s, secretario del Consejo de Salubridad General y representante del secretario de Salud, Jorge Alcocer Varela; el enlace <a href=\"https:\/\/www.facebook.com\/IMSSGuerrero\" target=\"_blank\" rel=\"noopener\">IMSS-Bienestar Guerrero<\/a>, V\u00edctor Hugo Borja Aburto; el titular de la Unidad del Programa IMSS-Bienestar, Manuel Cervantes Ocampo; el gerente de proyectos de Desarrollo, V\u00edctor Manuel Tapia Casta\u00f1eda y Josefina Estrada Mart\u00ednez, titular de la Oficina de Representaci\u00f3n del IMSS en la entidad, entre otros.<\/p>\n<p style=\"text-align: justify;\"><em>) S\u00edguenos en nuestra p\u00e1gina Facebook @<a href=\"https:\/\/www.facebook.com\/acapulcopress.news\" target=\"_blank\" rel=\"noopener\">acapulcopress.news<\/a><\/em><\/p>\n","protected":false},"excerpt":{"rendered":"<p>ACAPULCO * 15 de marzo de 2023. ) Gobierno de Guerrero La gobernadora Evelyn Salgado Pineda recibi\u00f3 en Guerrero al director general del IMSS, Zo\u00e9 Robledo Aburto, junto con el director general del Instituto de Salud para el Bienestar (Insabi), Juan Antonio Ferrer Aguilar, para revisar los avances en los trabajos para mejorar y transformar&#8230;<\/p>\n","protected":false},"author":2,"featured_media":1251916,"comment_status":"closed","ping_status":"closed","sticky":false,"template":"","format":"standard","meta":{"footnotes":""},"categories":[1983,18561],"tags":[3423,8251,10087,10220,11153,16252,18327],"class_list":["post-1251915","post","type-post","status-publish","format-standard","has-post-thumbnail","hentry","category-guerrerogob","category-society-politics","tag-aide-ibarez-castro","tag-evelyn-salgado-pineda","tag-imss","tag-instituto-de-salud-para-el-bienestar-insabi","tag-juan-antonio-ferrer-aguilar","tag-secretaria-de-salud-guerrero-ssg","tag-zoe-robledo-aburto"],"_links":{"self":[{"href":"https:\/\/www.acapulcopress.com\/index.php\/wp-json\/wp\/v2\/posts\/1251915","targetHints":{"allow":["GET"]}}],"collection":[{"href":"https:\/\/www.acapulcopress.com\/index.php\/wp-json\/wp\/v2\/posts"}],"about":[{"href":"https:\/\/www.acapulcopress.com\/index.php\/wp-json\/wp\/v2\/types\/post"}],"author":[{"embeddable":true,"href":"https:\/\/www.acapulcopress.com\/index.php\/wp-json\/wp\/v2\/users\/2"}],"replies":[{"embeddable":true,"href":"https:\/\/www.acapulcopress.com\/index.php\/wp-json\/wp\/v2\/comments?post=1251915"}],"version-history":[{"count":0,"href":"https:\/\/www.acapulcopress.com\/index.php\/wp-json\/wp\/v2\/posts\/1251915\/revisions"}],"wp:featuredmedia":[{"embeddable":true,"href":"https:\/\/www.acapulcopress.com\/index.php\/wp-json\/"}],"wp:attachment":[{"href":"https:\/\/www.acapulcopress.com\/index.php\/wp-json\/wp\/v2\/media?parent=1251915"}],"wp:term":[{"taxonomy":"category","embeddable":true,"href":"https:\/\/www.acapulcopress.com\/index.php\/wp-json\/wp\/v2\/categories?post=1251915"},{"taxonomy":"post_tag","embeddable":true,"href":"https:\/\/www.acapulcopress.com\/index.php\/wp-json\/wp\/v2\/tags?post=1251915"}],"curies":[{"name":"wp","href":"https:\/\/api.w.org\/{rel}","templated":true}]}}