{"id":1251921,"date":"2023-03-15T21:48:47","date_gmt":"2023-03-16T03:48:47","guid":{"rendered":"https:\/\/www.acapulcopress.com\/?p=1251921"},"modified":"2023-03-15T21:48:47","modified_gmt":"2023-03-16T03:48:47","slug":"camaras-espias-en-banos-tema-muerto-en-uagro","status":"publish","type":"post","link":"https:\/\/www.acapulcopress.com\/index.php\/2023\/03\/15\/camaras-espias-en-banos-tema-muerto-en-uagro\/","title":{"rendered":"C\u00e1maras esp\u00edas en ba\u00f1os, tema muerto en UAGro"},"content":{"rendered":"<p style=\"text-align: justify;\">CHILPANCINGO * 15 de marzo de 2023.<br \/>\n<em>) <a href=\"https:\/\/a-nasa.com.mx\/\" target=\"_blank\" rel=\"noopener\">ANASA<\/a><br \/>\n<\/em>A 10 d\u00edas de que denunciaran la colocaci\u00f3n de c\u00e1maras tipo esp\u00eda en los ba\u00f1os de la Preparatoria 29, ninguna autoridad de la <a href=\"https:\/\/www.facebook.com\/UAGro.MX.Oficial\" target=\"_blank\" rel=\"noopener\">Universidad Aut\u00f3noma de Guerrero<\/a> (UAGro) ha <img loading=\"lazy\" decoding=\"async\" class=\"alignleft size-medium wp-image-1251923\" src=\"https:\/\/www.acapulcopress.com\/wp-content\/uploads\/2023\/03\/Jose-Alfredo-Romero-Olea-375x250.jpg\" alt=\"\" width=\"375\" height=\"250\" \/>dado importancia al reclamo de las estudiantes agraviadas, mientras que el director del plantel, Jos\u00e9 Francisco Calvo Hern\u00e1ndez, hace lo necesario por minimizar el hecho.<\/p>\n<p style=\"text-align: justify;\">Un grupo de alumnas de la preparatoria ubicada en el municipio de Tixtla se trasladaron a Chilpancingo para denunciar ante los medios de comunicaci\u00f3n que, hasta el momento, las autoridades de la m\u00e1xima casa de estudios guerrerense &#8211;l\u00e9ase Rector <strong>Jos\u00e9 Alfredo Romero Olea,<\/strong> protegido del ex <a href=\"https:\/\/www.facebook.com\/JavSaldana\" target=\"_blank\" rel=\"noopener\"><strong>Javier Salda\u00f1a Almaz\u00e1n<\/strong><\/a>&#8212; ha tratado de minimizar un hecho que consideran como grave.<\/p>\n<p style=\"text-align: justify;\">La mayor\u00eda con el rostro cubierto, responsabilizaron al director de la instituci\u00f3n, Jos\u00e9 Francisco Calvo Hern\u00e1ndez, de la difusi\u00f3n de los videos que se captaron con las c\u00e1maras <img loading=\"lazy\" decoding=\"async\" class=\"alignleft size-medium wp-image-1251924\" src=\"https:\/\/www.acapulcopress.com\/wp-content\/uploads\/2023\/03\/prepa-29-uagro-375x196.jpeg\" alt=\"\" width=\"375\" height=\"196\" \/>esp\u00eda, mismos que aseguran, est\u00e1n circulando en redes sociales.<\/p>\n<p style=\"text-align: justify;\">En el caso particular del director, se\u00f1alaron que ha hecho lo posible por invisibilizar los hechos.<\/p>\n<p style=\"text-align: justify;\">Fueron siete alumnas las que incluso tuvieron que cerrar las instalaciones de la preparatoria para llamar la atenci\u00f3n de rector\u00eda y de la defensor\u00eda de los Derechos Humanos de la UAGro, pero hasta el momento no se tiene el seguimiento correspondiente.<br \/>\nPara resguardar sus identidades, las j\u00f3venes utilizaron cubrebocas y sudaderas con gorro, dijeron que en el \u00e1rea de Derechos Humanos tienen las c\u00e1maras, pero no se ha realizado ming\u00fan tipo de trabajo para recuperar el material.<\/p>\n<p style=\"text-align: justify;\">Ante la versi\u00f3n de que algunos de los videos captados por esas c\u00e1maras ya circulan en ciertas redes sociales y aplicaciones de telefon\u00eda digital, responsabilizaron al director, ya que fue a quien le entregaron las c\u00e1maras con el contenido, pero cuando este entreg\u00f3 el equipo a Derechos Humanos de la instituci\u00f3n ya estaban en blanco.<\/p>\n<p style=\"text-align: justify;\">Varios padres han acudido a la preparatoria para pedir informaci\u00f3n sobre el proceso de investigaci\u00f3n, pero es el propio director el que los recibe y solamente les da largas o refiere que lo denunciado solo son \u201cni\u00f1er\u00edas\u201d.<\/p>\n<p style=\"text-align: justify;\">Ante el silencio de las autoridades universitarias, las alumnas ya analizan la opci\u00f3n de realizar una denuncia colectiva ante la Fiscal\u00eda General del Estado (FGE) y solicitar la ayuda de la Polic\u00eda Cibern\u00e9tica para rastrear la difusi\u00f3n de los videos, ya que las autoridades universitarias no hacen caso a sus denuncias.<\/p>\n<p style=\"text-align: justify;\"><em>) S\u00edguenos en nuestra p\u00e1gina Facebook @<a href=\"https:\/\/www.facebook.com\/acapulcopress.news\" target=\"_blank\" rel=\"noopener\">acapulcopress.news<\/a><\/em><\/p>\n","protected":false},"excerpt":{"rendered":"<p>CHILPANCINGO * 15 de marzo de 2023. ) ANASA A 10 d\u00edas de que denunciaran la colocaci\u00f3n de c\u00e1maras tipo esp\u00eda en los ba\u00f1os de la Preparatoria 29, ninguna autoridad de la Universidad Aut\u00f3noma de Guerrero (UAGro) ha dado importancia al reclamo de las estudiantes agraviadas, mientras que el director del plantel, Jos\u00e9 Francisco Calvo&#8230;<\/p>\n","protected":false},"author":2,"featured_media":1251922,"comment_status":"closed","ping_status":"closed","sticky":false,"template":"","format":"standard","meta":{"footnotes":""},"categories":[1997],"tags":[5013,8696,10980,11019,14706,14878,17610],"class_list":["post-1251921","post","type-post","status-publish","format-standard","has-post-thumbnail","hentry","category-noticias-destacadas","tag-camaras-espias-uagro","tag-fiscalia-general-del-estado-fge","tag-jose-alfredo-romero-olea","tag-jose-francisco-calvo-hernandez","tag-policia-cibernetica","tag-preparatoria-29-tixtla","tag-universidad-autonoma-de-guerrero-uagro"],"_links":{"self":[{"href":"https:\/\/www.acapulcopress.com\/index.php\/wp-json\/wp\/v2\/posts\/1251921","targetHints":{"allow":["GET"]}}],"collection":[{"href":"https:\/\/www.acapulcopress.com\/index.php\/wp-json\/wp\/v2\/posts"}],"about":[{"href":"https:\/\/www.acapulcopress.com\/index.php\/wp-json\/wp\/v2\/types\/post"}],"author":[{"embeddable":true,"href":"https:\/\/www.acapulcopress.com\/index.php\/wp-json\/wp\/v2\/users\/2"}],"replies":[{"embeddable":true,"href":"https:\/\/www.acapulcopress.com\/index.php\/wp-json\/wp\/v2\/comments?post=1251921"}],"version-history":[{"count":0,"href":"https:\/\/www.acapulcopress.com\/index.php\/wp-json\/wp\/v2\/posts\/1251921\/revisions"}],"wp:featuredmedia":[{"embeddable":true,"href":"https:\/\/www.acapulcopress.com\/index.php\/wp-json\/"}],"wp:attachment":[{"href":"https:\/\/www.acapulcopress.com\/index.php\/wp-json\/wp\/v2\/media?parent=1251921"}],"wp:term":[{"taxonomy":"category","embeddable":true,"href":"https:\/\/www.acapulcopress.com\/index.php\/wp-json\/wp\/v2\/categories?post=1251921"},{"taxonomy":"post_tag","embeddable":true,"href":"https:\/\/www.acapulcopress.com\/index.php\/wp-json\/wp\/v2\/tags?post=1251921"}],"curies":[{"name":"wp","href":"https:\/\/api.w.org\/{rel}","templated":true}]}}