{"id":1251931,"date":"2023-03-16T10:34:15","date_gmt":"2023-03-16T16:34:15","guid":{"rendered":"https:\/\/www.acapulcopress.com\/?p=1251931"},"modified":"2023-03-16T10:34:15","modified_gmt":"2023-03-16T16:34:15","slug":"el-potencial-economico-de-las-artesanias-guerrerenses","status":"publish","type":"post","link":"https:\/\/www.acapulcopress.com\/index.php\/2023\/03\/16\/el-potencial-economico-de-las-artesanias-guerrerenses\/","title":{"rendered":"El potencial econ\u00f3mico de las Artesan\u00edas Guerrerenses"},"content":{"rendered":"<p style=\"text-align: justify;\">Marem\u00e1gnum<br \/>\n\u00bb <strong>RICARDO<\/strong> | <strong>CASTILLO BARRIENTOS<\/strong><br \/>\n<em>) Facebook: @<a href=\"https:\/\/www.facebook.com\/ricardocastill01\" target=\"_blank\" rel=\"noopener\">Ricardo Castillo Barrientos<\/a><\/em><\/p>\n<p style=\"text-align: justify;\">Guerrero es una entidad con gran riqueza cultural y \u00e9tnica, que se refleja en t\u00e9cnicas y estilos artesanales diversos. Se aplican t\u00e9cnicas prehisp\u00e1nicas y hasta contempor\u00e1neas en distintos materiales, creando una enorme variedad de opciones para compradores y coleccionistas.<\/p>\n<p style=\"text-align: justify;\">Los artesanos han perfeccionado sus t\u00e9cnicas que han trasmitido a trav\u00e9s de generaciones, que se traduce en productos de alta calidad y valor est\u00e9tico, los cuales reflejan la identidad cultural y son un elemento vital de la vida cotidiana de las comunidades.<\/p>\n<p style=\"text-align: justify;\">Las Artesan\u00edas Guerrerenses son un elemento importante en la oferta tur\u00edstica de la entidad lo que podr\u00eda generar un potencial de ventas y desarrollo econ\u00f3mico. Debido a la variedad, calidad, identidad cultural y potencial tur\u00edstico, el Arte Popular de Guerrero es reconocido y codiciado en el pa\u00eds y el extranjero, por su vistosidad y colorido.<\/p>\n<p style=\"text-align: justify;\">Las Artesan\u00edas Guerrerenses son elaboradas en infinidad de comunidades en cada una de las regiones; en la mayor\u00eda de los casos, son el sustento principal de innumerables familias, principalmente ind\u00edgenas y mestizas.<\/p>\n<p style=\"text-align: justify;\">Contamos con una gama de artesan\u00edas, entre ellas, las cajitas de Olinal\u00e1, los huipiles de Xochistlahuaca, Metlat\u00f3noc y Cochoapa el Grande, los bordados de Santa Mar\u00eda, los rebozos de Acatl\u00e1n, el papel amate de Xalitla, las m\u00e1scaras de San Francisco, los collares de San Juan Tetelcingo, la orfebrer\u00eda de Iguala y Ciudad Altamirano, los machetes de Ayutla, la jugueter\u00eda deTemalacatzingo, las hamacas de Copalillo y Coyuca de Ben\u00edtez, las figuras de madera de Tonalapa del Sur, las vajillas de palo de rosa y caoba de Acahuizotla, las esculturas de madera de Venta Vieja, la cer\u00e1mica, las vajillas y muebles coloniales de Taxco, los deshilados de Chichihualco, los sombreros de Tlapehuala y San Luis Acatl\u00e1n, la jarcier\u00eda de hoja de ma\u00edz y las canastas de Chilapa y las tinajas de Atzacoaloya, etc.<\/p>\n<p style=\"text-align: justify;\">Alusi\u00f3n especial merecen la plata de Taxco y el oro de Iguala y Ciudad Altamirano, las monturas y cinturones piteados de Huitzuco y la talabarter\u00eda de Buena Vista de Cu\u00e9llar.<\/p>\n<p style=\"text-align: justify;\">Anteriormente, el Gobierno del Estado estableci\u00f3 con gran \u00e9xito Casas de Artesan\u00edas en Chilpancingo, Acapulco, Zihuatanejo, Guadalajara y Tijuana, adem\u00e1s, los artesanos guerrerenses participaban con entusiasmo en las principales ferias y exposiciones del pa\u00eds obteniendo buenos ingresos.<\/p>\n<p style=\"text-align: justify;\">Todo se vino abajo en el gobierno de Ru\u00edz Massieu porque era \u201ccosa de indios\u201d, seg\u00fan trascendi\u00f3 al iniciarse una fallida modernizaci\u00f3n que pretendi\u00f3 ese gobierno.<br \/>\nEste importante potencial econ\u00f3mico deber\u00e1 ser reconsiderado por la presente administraci\u00f3n estatal como una forma de justicia social a las familias guerrerenses marginadas, que tanto apoyo necesitan para sobrevivir con dignidad.<\/p>\n<p style=\"text-align: justify;\"><strong>Marea Baja.-<\/strong> Encomiable la iniciativa de la Secretar\u00eda de Fomento y Desarrollo Econ\u00f3mico (Sefodeco) del Gobierno del Estado, al convocar al Primer Concurso Estatal de Artesan\u00edas Guerrero 2023, con la idea de estimular la creatividad y calidad en la producci\u00f3n de piezas artesanales, con motivo del D\u00eda de la y el Artesano, que se celebra el 19 de marzo, con atractivos premios econ\u00f3micos, dentro del Programa del Fortalecimiento de la Producci\u00f3n y Comercializaci\u00f3n de las Artesan\u00edas.<\/p>\n<p style=\"text-align: justify;\">Los artesanos y artesanas podr\u00e1n participar en las siguientes categor\u00edas: Fibras vegetales, talabarter\u00eda, alfarer\u00eda, textiles, pintura popular, maque y laca, tallado en madera, joyer\u00eda lapidaria, y nuevos dise\u00f1os con innovaci\u00f3n.<\/p>\n<p style=\"text-align: justify;\"><strong>Marea Alta.-<\/strong> En total abandono se encuentran los terrenos del ex Ineban, llenos de maleza y basura, ignor\u00e1ndose el destino final que tendr\u00e1n las casi dos hect\u00e1reas de terreno; sin que hasta la fecha se conozca alg\u00fan proyecto.<\/p>\n<p style=\"text-align: justify;\">Estos terrenos se encuentran ubicados en la avenida Rufo Figueroa de la ciudad capital, zona de alta plusval\u00eda, que fueron abandonados por las frecuentes tomas de las instalaciones de la SEP. Actualmente las oficinas se encuentran dispersas por todos los rumbos de la ciudad, pag\u00e1ndose elevadas rentas que impactan al presupuesto educativo.<br \/>\nMaremoto.- Sigue subiendo de tono la lucha interna en Morena por la candidatura presidencial y en Guerrero ya est\u00e1n midiendo fuerzas.<\/p>\n<p style=\"text-align: justify;\">El domingo, simpatizantes de Marcelo Ebrard, llenaron el z\u00f3calo porte\u00f1o y un carril de la Costera Miguel Alem\u00e1n con una asistencia aproximada de 3 mil 500 personas. El Titular de Relaciones Exteriores se mostr\u00f3 complacido por la nutrida movilizaci\u00f3n organizada por Luis Walton, la alcaldesa Abelina L\u00f3pez y Alberto L\u00f3pez Rosas.<\/p>\n<p style=\"text-align: justify;\">El pr\u00f3ximo 1\u00ba de Abril vendr\u00e1 a estos lares, el Secretario de Gobernaci\u00f3n Ad\u00e1n Augusto L\u00f3pez, seg\u00fan anunci\u00f3 el coordinador estatal Yoshio Avila, qui\u00e9n viene desplegando una intensa actividad a favor de este aspirante presidencial.<\/p>\n<p style=\"text-align: justify;\">Por su parte, tambi\u00e9n los simpatizantes de Claudia Sheinbaum hacen proselitismo, realizando pegas de calcoman\u00edas en veh\u00edculos y pinta de paredes. Todav\u00eda no se tiene conocimiento de la fecha de su arribo a la entidad.<\/p>\n<p style=\"text-align: justify;\"><em>) S\u00edguenos en nuestra p\u00e1gina Facebook @<a href=\"https:\/\/www.facebook.com\/acapulcopress.news\">acapulcopress.news<\/a><\/em><\/p>\n","protected":false},"excerpt":{"rendered":"<p>Marem\u00e1gnum \u00bb RICARDO | CASTILLO BARRIENTOS ) Facebook: @Ricardo Castillo Barrientos Guerrero es una entidad con gran riqueza cultural y \u00e9tnica, que se refleja en t\u00e9cnicas y estilos artesanales diversos. Se aplican t\u00e9cnicas prehisp\u00e1nicas y hasta contempor\u00e1neas en distintos materiales, creando una enorme variedad de opciones para compradores y coleccionistas. Los artesanos han perfeccionado sus&#8230;<\/p>\n","protected":false},"author":2,"featured_media":1251932,"comment_status":"closed","ping_status":"closed","sticky":false,"template":"","format":"standard","meta":{"footnotes":""},"categories":[2071,1991],"tags":[5851,12503,15575],"class_list":["post-1251931","post","type-post","status-publish","format-standard","has-post-thumbnail","hentry","category-opinion-analisis-columnas","category-libertad-de-expresion","tag-claudia-sheinbaum","tag-maremagnum","tag-ricardo-castillo-barrientos"],"_links":{"self":[{"href":"https:\/\/www.acapulcopress.com\/index.php\/wp-json\/wp\/v2\/posts\/1251931","targetHints":{"allow":["GET"]}}],"collection":[{"href":"https:\/\/www.acapulcopress.com\/index.php\/wp-json\/wp\/v2\/posts"}],"about":[{"href":"https:\/\/www.acapulcopress.com\/index.php\/wp-json\/wp\/v2\/types\/post"}],"author":[{"embeddable":true,"href":"https:\/\/www.acapulcopress.com\/index.php\/wp-json\/wp\/v2\/users\/2"}],"replies":[{"embeddable":true,"href":"https:\/\/www.acapulcopress.com\/index.php\/wp-json\/wp\/v2\/comments?post=1251931"}],"version-history":[{"count":0,"href":"https:\/\/www.acapulcopress.com\/index.php\/wp-json\/wp\/v2\/posts\/1251931\/revisions"}],"wp:featuredmedia":[{"embeddable":true,"href":"https:\/\/www.acapulcopress.com\/index.php\/wp-json\/"}],"wp:attachment":[{"href":"https:\/\/www.acapulcopress.com\/index.php\/wp-json\/wp\/v2\/media?parent=1251931"}],"wp:term":[{"taxonomy":"category","embeddable":true,"href":"https:\/\/www.acapulcopress.com\/index.php\/wp-json\/wp\/v2\/categories?post=1251931"},{"taxonomy":"post_tag","embeddable":true,"href":"https:\/\/www.acapulcopress.com\/index.php\/wp-json\/wp\/v2\/tags?post=1251931"}],"curies":[{"name":"wp","href":"https:\/\/api.w.org\/{rel}","templated":true}]}}