{"id":1251935,"date":"2023-03-17T14:46:58","date_gmt":"2023-03-17T20:46:58","guid":{"rendered":"https:\/\/www.acapulcopress.com\/?p=1251935"},"modified":"2023-03-17T14:46:58","modified_gmt":"2023-03-17T20:46:58","slug":"corte-internacional-ordena-captura-de-putin","status":"publish","type":"post","link":"https:\/\/www.acapulcopress.com\/index.php\/2023\/03\/17\/corte-internacional-ordena-captura-de-putin\/","title":{"rendered":"Corte Internacional ordena captura de Putin"},"content":{"rendered":"<p style=\"text-align: justify;\">LA HAYA, Holanda * 17 de marzo de 2023.<br \/>\n<em>) <a href=\"https:\/\/efe.com\/mundo\/2023-03-17\/cpi-putin-orden-detencion-deportacion-ilegal\/\" target=\"_blank\" rel=\"noopener\">Efe <\/a><br \/>\n<\/em>La Corte Penal Internacional (CPI) emiti\u00f3 este viernes una orden de arresto contra el presidente ruso, Vlad\u00edmir Putin, como \u201cpresunto responsable\u201d de la deportaci\u00f3n ilegal de ni\u00f1os ucranianos y su traslado de zonas ocupadas en Ucrania a Rusia, lo que supone un crimen de guerra seg\u00fan el tratado de este tribunal, el Estatuto de Roma.<\/p>\n<p style=\"text-align: justify;\">Por su parte, Rusia calific\u00f3 hoy de \u201cnula jur\u00eddicamente\u201d la orden de arresto del jefe del Kremlin, Vlad\u00edmir Putin.<\/p>\n<p style=\"text-align: justify;\">\u201cLas posibles \u2018prescripciones\u2019 de arresto que salgan del Tribunal Internacional ser\u00e1n para nosotros jur\u00eddicamente nulas\u201d, escribi\u00f3 Mar\u00eda Zaj\u00e1rova, portavoz de Exteriores rusa, en su canal de Telegram.<\/p>\n<p style=\"text-align: justify;\">La diplom\u00e1tica argument\u00f3 que \u201cRusia no es part\u00edcipe del Estatuto de Roma del Tribunal Penal Internacional\u201d, por lo que, al respecto, \u201cno tiene obligaciones\u201d.<\/p>\n<p style=\"text-align: justify;\">La sala de cuestiones preliminares de la CPI tambi\u00e9n emiti\u00f3 una segunda orden de detenci\u00f3n contra la pol\u00edtica rusa Mar\u00eda Lvova-Belova, comisionada presidencial para los Derechos del Ni\u00f1o en Rusia, con la misma acusaci\u00f3n.<\/p>\n<p style=\"text-align: justify;\">Ambas \u00f3rdenes de detenci\u00f3n son las primeras de su tipo que emite la CPI en el contexto de su investigaci\u00f3n de cr\u00edmenes en la guerra en Ucrania.<\/p>\n<p style=\"text-align: justify;\">\u201cVlad\u00edmir Vladimirovich Putin, nacido el 7 de octubre de 1952, presidente de la Federaci\u00f3n de Rusia, es presuntamente responsable del crimen de guerra de deportaci\u00f3n ilegal de poblaci\u00f3n (ni\u00f1os) y traslado ilegal de poblaci\u00f3n (ni\u00f1os) de las zonas ocupadas de Ucrania a Rusia\u201d, dice la acusaci\u00f3n formal que argumenta la emisi\u00f3n de la orden de arresto.<\/p>\n<p style=\"text-align: justify;\"><strong>DELITOS IMPUTADOS<\/strong><\/p>\n<p>Los delitos de los que se le acusa ocurrieron al menos desde el 24 de febrero de 2022 en el \u201cterritorio ocupado de Ucrania\u201d, se\u00f1al\u00f3 la CPI, que considera que hay \u201cmotivos razonables\u201d para creer que Putin tiene \u201cresponsabilidad penal individual\u201d por el crimen de guerra que <img loading=\"lazy\" decoding=\"async\" class=\"alignleft size-medium wp-image-1251936\" src=\"https:\/\/www.acapulcopress.com\/wp-content\/uploads\/2023\/03\/corte-penal-internacional-375x211.jpg\" alt=\"\" width=\"375\" height=\"211\" \/>supone la deportaci\u00f3n de menores.<\/p>\n<p style=\"text-align: justify;\">La responsabilidad individual de Putin, como jefe de Estado y responsable superior, podr\u00eda traducirse tanto en \u201chaber cometido los actos directamente, junto con otros o a trav\u00e9s de otros\u201d, o por \u201cno haber ejercido un control adecuado sobre sus subordinados civiles o militares que cometieron los actos o permitieron su comisi\u00f3n y estaban bajo su control y autoridad efectiva\u201d, seg\u00fan se explica en el art\u00edculo 28 del tratado fundacional de la CPI.<\/p>\n<p style=\"text-align: justify;\">En lo que respecta a Lvova-Belova (1984), la CPI considera que tiene \u201cresponsabilidad penal individual\u201d por el mismo tipo de crimen de guerra tras \u201chaber cometido los actos directamente, junto con otros y\/o a trav\u00e9s de otros\u201d desde el 24 de febrero del a\u00f1o pasado, fecha en la que comenz\u00f3 la invasi\u00f3n rusa de Ucrania.<\/p>\n<p style=\"text-align: justify;\"><strong>Rusia no ha ratificado el Estatuto de Roma<\/strong><\/p>\n<p>El fiscal de la CPI, Karim Khan, solicit\u00f3 al tribunal autorizaci\u00f3n para emitir estas dos \u00f3rdenes de detenci\u00f3n el pasado 22 de febrero, seg\u00fan comunic\u00f3 hoy la CPI.<\/p>\n<p style=\"text-align: justify;\">La Corte tambi\u00e9n detalla que estas \u00f3rdenes son generalmente secretas para proteger a las v\u00edctimas, los testigos y la investigaci\u00f3n en curso sobre Ucrania, pero acept\u00f3 hacer p\u00fablicos los nombres de los sospechosos porque \u201cla conducta abordada en la presente situaci\u00f3n supuestamente contin\u00faa\u201d y hacer p\u00fablica esta informaci\u00f3n podr\u00eda contribuir a la prevenci\u00f3n de nuevos delitos.<\/p>\n<p style=\"text-align: justify;\">Rusia no ha ratificado el Estatuto de Roma, el tratado fundacional de la CPI, por lo que no es miembro de este tribunal, como tampoco lo es Ucrania, pero Kiev s\u00ed ha autorizado a la Corte a investigar la comisi\u00f3n de cr\u00edmenes de guerra durante la invasi\u00f3n rusa.<\/p>\n<p style=\"text-align: justify;\"><strong>\u201cCientos de ni\u00f1os\u201d deportados<\/strong><\/p>\n<p>El fiscal de la CPI tambi\u00e9n identific\u00f3, en su petici\u00f3n de orden de detenci\u00f3n del presidente Vladimir Putin, la deportaci\u00f3n a Rusia de \u201cal menos cientos de ni\u00f1os sacados de orfanatos y hogares de cuidado infantil\u201d ucranianos, en el contexto de \u201cactos de agresi\u00f3n\u201d del Ej\u00e9rcito ruso contra Ucrania.<\/p>\n<p style=\"text-align: justify;\">Khan aleg\u00f3 que estos actos de deportaci\u00f3n de menores ucranianos a Rusia y su adopci\u00f3n por familias rusas \u201cdemuestran la intenci\u00f3n de sacar permanentemente a estos ni\u00f1os de su propio pa\u00eds\u201d, un acto ilegal contrario a los Convenios de Ginebra.<\/p>\n<p style=\"text-align: justify;\">La CPI emiti\u00f3 este viernes dos \u00f3rdenes de arresto, una contra Putin y otra contra la pol\u00edtica rusa Mar\u00eda Lvova-Belova, comisionada presidencial para los Derechos del Ni\u00f1o en Rusia, por deportaci\u00f3n ilegal y forzosa de ni\u00f1os ucranianos, un crimen de guerra.<\/p>\n<p style=\"text-align: justify;\">Kuleba aplaude la orden de detenci\u00f3n de la CPI contra Putin: \u201cLa Justicia est\u00e1 en marcha\u201d<br \/>\nEl ministro de Exteriores de Ucrania, Dmytro Kuleba, celebr\u00f3 hoy la orden de arresto internacional dictada contra el presidente ruso, Vlad\u00edmir Putin, por la Corte Penal Internacional de La Haya (CPI).<\/p>\n<p style=\"text-align: justify;\">\u201cLa Justicia est\u00e1 es marcha: aplaudo la decisi\u00f3n de la CPI de emitir \u00f3rdenes de arresto para Vlad\u00edmir Putin y Mar\u00eda Lvova-Belova por el traslado forzoso de ni\u00f1os ucranianos\u201d, dijo Kuleba en referencia a la comisionada presidencial rusa para los Derechos del Ni\u00f1o, cuya detenci\u00f3n tambi\u00e9n ha sido ordenada por La Haya.<\/p>\n<p style=\"text-align: justify;\">\u201cLos criminales internacionales pagar\u00e1n por secuestrar ni\u00f1os y por otros cr\u00edmenes internacionales\u201d, remach\u00f3 el jefe de la diplomacia ucraniana, que lleva meses moviliz\u00e1ndose para conseguir que la comunidad internacional enjuicie los m\u00e1s de 70.000 cr\u00edmenes de guerra rusos que Kiev dice haber registrado en su territorio.<\/p>\n<p style=\"text-align: justify;\">Las autoridades ucranianas investigan la deportaci\u00f3n forzosa a Rusia de m\u00e1s de 16.000 ni\u00f1os ucranianos de los territorios ocupados, y han enviado a La Haya ingentes materiales con pruebas que demostrar\u00edan el tratamiento infligido por Mosc\u00fa a estos menores.<\/p>\n<p style=\"text-align: justify;\">Ucrania hab\u00eda iniciado varios procesos contra Rusia en La Haya por los m\u00e1s de 70.000 cr\u00edmenes de guerra rusos que dice haber documentado en el territorio.<\/p>\n<p style=\"text-align: justify;\">Es la primera vez en la historia que la CPI dicta una orden de arresto contra el presidente de un pa\u00eds miembro del Consejo de Seguridad de la ONU.<\/p>\n<p style=\"text-align: justify;\">) S\u00edguenos en nuestra p\u00e1gina Facebook @acapulcopress.news<br \/>\nhttps:\/\/www.facebook.com\/acapulcopress.news<\/p>\n","protected":false},"excerpt":{"rendered":"<p>LA HAYA, Holanda * 17 de marzo de 2023. ) Efe La Corte Penal Internacional (CPI) emiti\u00f3 este viernes una orden de arresto contra el presidente ruso, Vlad\u00edmir Putin, como \u201cpresunto responsable\u201d de la deportaci\u00f3n ilegal de ni\u00f1os ucranianos y su traslado de zonas ocupadas en Ucrania a Rusia, lo que supone un crimen de&#8230;<\/p>\n","protected":false},"author":2,"featured_media":1251937,"comment_status":"closed","ping_status":"closed","sticky":false,"template":"","format":"standard","meta":{"footnotes":""},"categories":[1997],"tags":[6676,12598,12610,15878,17396,17976,17977],"class_list":["post-1251935","post","type-post","status-publish","format-standard","has-post-thumbnail","hentry","category-noticias-destacadas","tag-corte-penal-internacional-cpi","tag-maria-lvova-belova","tag-maria-zajarova","tag-rusia","tag-tribunal-penal-internacional","tag-vladimir-putin","tag-vladimir-vladimirovich-putin"],"_links":{"self":[{"href":"https:\/\/www.acapulcopress.com\/index.php\/wp-json\/wp\/v2\/posts\/1251935","targetHints":{"allow":["GET"]}}],"collection":[{"href":"https:\/\/www.acapulcopress.com\/index.php\/wp-json\/wp\/v2\/posts"}],"about":[{"href":"https:\/\/www.acapulcopress.com\/index.php\/wp-json\/wp\/v2\/types\/post"}],"author":[{"embeddable":true,"href":"https:\/\/www.acapulcopress.com\/index.php\/wp-json\/wp\/v2\/users\/2"}],"replies":[{"embeddable":true,"href":"https:\/\/www.acapulcopress.com\/index.php\/wp-json\/wp\/v2\/comments?post=1251935"}],"version-history":[{"count":0,"href":"https:\/\/www.acapulcopress.com\/index.php\/wp-json\/wp\/v2\/posts\/1251935\/revisions"}],"wp:featuredmedia":[{"embeddable":true,"href":"https:\/\/www.acapulcopress.com\/index.php\/wp-json\/"}],"wp:attachment":[{"href":"https:\/\/www.acapulcopress.com\/index.php\/wp-json\/wp\/v2\/media?parent=1251935"}],"wp:term":[{"taxonomy":"category","embeddable":true,"href":"https:\/\/www.acapulcopress.com\/index.php\/wp-json\/wp\/v2\/categories?post=1251935"},{"taxonomy":"post_tag","embeddable":true,"href":"https:\/\/www.acapulcopress.com\/index.php\/wp-json\/wp\/v2\/tags?post=1251935"}],"curies":[{"name":"wp","href":"https:\/\/api.w.org\/{rel}","templated":true}]}}