{"id":1251940,"date":"2023-03-17T15:14:03","date_gmt":"2023-03-17T21:14:03","guid":{"rendered":"https:\/\/www.acapulcopress.com\/?p=1251940"},"modified":"2023-03-17T15:14:03","modified_gmt":"2023-03-17T21:14:03","slug":"por-evasion-fiscal-e-incitar-el-odio-y-la-discordia-social-encarcelan-dos-periodistas-bielorrusos","status":"publish","type":"post","link":"https:\/\/www.acapulcopress.com\/index.php\/2023\/03\/17\/por-evasion-fiscal-e-incitar-el-odio-y-la-discordia-social-encarcelan-dos-periodistas-bielorrusos\/","title":{"rendered":"Por evasi\u00f3n fiscal e incitar el odio y la discordia social encarcelan dos periodistas bielorrusos"},"content":{"rendered":"<p style=\"text-align: justify;\">MINSK, Bielorrusia * 17 de marzo de 2023.<br \/>\n<em>) Efe<\/em><br \/>\nEl Tribunal de la Ciudad de Minsk conden\u00f3 este viernes a doce a\u00f1os de prisi\u00f3n a dos periodistas del mayor portal independiente bielorruso, Tut.by, desmantelado por la Justicia, <img loading=\"lazy\" decoding=\"async\" class=\"alignleft size-medium wp-image-1251943\" src=\"https:\/\/www.acapulcopress.com\/wp-content\/uploads\/2023\/03\/Liudmila-Chekina-y-Marina-Zolatova-375x297.jpg\" alt=\"\" width=\"375\" height=\"297\" \/>por distribuir informaci\u00f3n con llamamientos a tomar el poder estatal y por organizar acciones para incitar el odio y la discordia social.<\/p>\n<p style=\"text-align: justify;\">La juez Valyantsina Ziankevich ley\u00f3 la sentencia tras dos meses de juicio a puerta cerrada contra la ex redactora jefa Marina Zolatova y la ex directora general Liudmila Chekina, inform\u00f3 la organizaci\u00f3n de derechos humanos Viasna en su cuenta de <em>Telegram<\/em>.<\/p>\n<p style=\"text-align: justify;\">El portal Zerkalo, sucesora de <em>Tut.by<\/em> y registrado fuera de Bielorrusia, indic\u00f3 que Zolotova fue hallada culpable de distribuir materiales con llamamientos p\u00fablicos para la toma del poder estatal y cambiar por la fuerza el orden constitucional.<\/p>\n<p style=\"text-align: justify;\">Tambi\u00e9n la condenaron por haber hecho a trav\u00e9s del medio de comunicaci\u00f3n llamamientos a pa\u00edses extranjeros y organizaciones internacionales para que act\u00faen en detrimento de la <img loading=\"lazy\" decoding=\"async\" class=\"alignleft size-medium wp-image-1251942\" src=\"https:\/\/www.acapulcopress.com\/wp-content\/uploads\/2023\/03\/Liudmila-Chekina-2-375x211.jpg\" alt=\"\" width=\"375\" height=\"211\" \/>seguridad nacional de Bielorrusia y por promover acciones encaminadas a incitar el odio y la discordia social.<\/p>\n<p style=\"text-align: justify;\">Chekina fue condenada por pr\u00e1cticamente los mismos cargos y tambi\u00e9n por evasi\u00f3n fiscal, seg\u00fan Zerkalo.<\/p>\n<p style=\"text-align: justify;\">El 18 de mayo de 2021 se abri\u00f3 el caso contra Tut.by, muy importante en la difusi\u00f3n de noticias sobre la represi\u00f3n de las protestas masivas contra el presidente bielorruso, Alexandr Lukashenko, tras las elecciones presidenciales de agosto de 2020, en las que el jefe de Estado se atribuy\u00f3 un sexto mandato en unos comicios calificados de fraudulentos por la oposici\u00f3n y Occidente.<\/p>\n<p style=\"text-align: justify;\">Las fuerzas de seguridad llegaron a las casas de algunos empleados del medio y de representantes de organizaciones asociadas, as\u00ed como a las oficinas de Tut.by en Minsk y centros regionales. Ese d\u00eda fueron detenidas 15 personas.<\/p>\n<p style=\"text-align: justify;\">Marina Zolotova y Liudmila Chekina son las \u00fanicas acusadas en el caso que siguen encarceladas y son reconocidas como presas pol\u00edticas.<\/p>\n<p style=\"text-align: justify;\">El KGB bielorruso las incluy\u00f3 en la lista de \u00abpersonas involucradas en actividades terroristas\u00bb.<\/p>\n<p style=\"text-align: justify;\"><em>) S\u00edguenos en nuestra p\u00e1gina Facebook @<a href=\"https:\/\/www.facebook.com\/acapulcopress.news\" target=\"_blank\" rel=\"noopener\">acapulcopress.news<\/a><\/em><\/p>\n","protected":false},"excerpt":{"rendered":"<p>MINSK, Bielorrusia * 17 de marzo de 2023. ) Efe El Tribunal de la Ciudad de Minsk conden\u00f3 este viernes a doce a\u00f1os de prisi\u00f3n a dos periodistas del mayor portal independiente bielorruso, Tut.by, desmantelado por la Justicia, por distribuir informaci\u00f3n con llamamientos a tomar el poder estatal y por organizar acciones para incitar el&#8230;<\/p>\n","protected":false},"author":2,"featured_media":1251941,"comment_status":"closed","ping_status":"closed","sticky":false,"template":"","format":"standard","meta":{"footnotes":""},"categories":[1969,1972,2020],"tags":[4737,12007,12661,17032,17754,17816],"class_list":["post-1251940","post","type-post","status-publish","format-standard","has-post-thumbnail","hentry","category-trending","category-special","category-world-news","tag-bielorrusia","tag-liudmila-chekina","tag-marina-zolatova","tag-telegram","tag-valyantsina-ziankevich","tag-viasna"],"_links":{"self":[{"href":"https:\/\/www.acapulcopress.com\/index.php\/wp-json\/wp\/v2\/posts\/1251940","targetHints":{"allow":["GET"]}}],"collection":[{"href":"https:\/\/www.acapulcopress.com\/index.php\/wp-json\/wp\/v2\/posts"}],"about":[{"href":"https:\/\/www.acapulcopress.com\/index.php\/wp-json\/wp\/v2\/types\/post"}],"author":[{"embeddable":true,"href":"https:\/\/www.acapulcopress.com\/index.php\/wp-json\/wp\/v2\/users\/2"}],"replies":[{"embeddable":true,"href":"https:\/\/www.acapulcopress.com\/index.php\/wp-json\/wp\/v2\/comments?post=1251940"}],"version-history":[{"count":0,"href":"https:\/\/www.acapulcopress.com\/index.php\/wp-json\/wp\/v2\/posts\/1251940\/revisions"}],"wp:featuredmedia":[{"embeddable":true,"href":"https:\/\/www.acapulcopress.com\/index.php\/wp-json\/"}],"wp:attachment":[{"href":"https:\/\/www.acapulcopress.com\/index.php\/wp-json\/wp\/v2\/media?parent=1251940"}],"wp:term":[{"taxonomy":"category","embeddable":true,"href":"https:\/\/www.acapulcopress.com\/index.php\/wp-json\/wp\/v2\/categories?post=1251940"},{"taxonomy":"post_tag","embeddable":true,"href":"https:\/\/www.acapulcopress.com\/index.php\/wp-json\/wp\/v2\/tags?post=1251940"}],"curies":[{"name":"wp","href":"https:\/\/api.w.org\/{rel}","templated":true}]}}