{"id":1251947,"date":"2023-03-17T19:59:31","date_gmt":"2023-03-18T01:59:31","guid":{"rendered":"https:\/\/www.acapulcopress.com\/?p=1251947"},"modified":"2023-03-17T19:59:31","modified_gmt":"2023-03-18T01:59:31","slug":"mas-fentanilo-llega-directo-a-estados-unidos-y-canada-que-a-mexico-amlo","status":"publish","type":"post","link":"https:\/\/www.acapulcopress.com\/index.php\/2023\/03\/17\/mas-fentanilo-llega-directo-a-estados-unidos-y-canada-que-a-mexico-amlo\/","title":{"rendered":"M\u00e1s fentanilo llega directo a Estados Unidos y Canad\u00e1 que a M\u00e9xico, se defiende AMLO"},"content":{"rendered":"<p style=\"text-align: justify;\">CIUDAD DE M\u00c9XICO * 17 de marzo de 2023.<br \/>\n<em>) <a href=\"https:\/\/www.reuters.com\/world\/americas\/mexican-president-says-more-fentanyl-enters-us-canada-than-mexico-2023-03-16\/\" target=\"_blank\" rel=\"noopener\">Reuters<\/a><\/em><br \/>\nMayores cantidades de fentanilo opioide sint\u00e9tico ingresan directamente a Estados Unidos y Canad\u00e1 que a M\u00e9xico, dijo el presidente de M\u00e9xico el jueves, rechazando las cr\u00edticas de <img loading=\"lazy\" decoding=\"async\" class=\"alignleft size-medium wp-image-1251955\" src=\"https:\/\/www.acapulcopress.com\/wp-content\/uploads\/2023\/03\/amlo-fentanilo-375x231.webp\" alt=\"\" width=\"375\" height=\"231\" \/>Estados Unidos a su historial en la represi\u00f3n del tr\u00e1fico de la droga letal.<\/p>\n<p style=\"text-align: justify;\">Se ha culpado al fentanilo, un poderoso analg\u00e9sico, de impulsar un aumento en las sobredosis de drogas en Estados Unidos, y algunos legisladores republicanos han instado a Washington a autorizar el uso de la fuerza militar en M\u00e9xico para someter a las bandas de narcotraficantes del pa\u00eds.<\/p>\n<p style=\"text-align: justify;\">El mes pasado, Anne Milgram, jefa de la <a href=\"https:\/\/www.dea.gov\/es\" target=\"_blank\" rel=\"noopener\">Administraci\u00f3n para el Control de Drogas<\/a> (DEA, por sus siglas en ingl\u00e9s) de Estados Unidos dijo en una audiencia en el Congreso estadounidense sobre narcotr\u00e1fico que el <em>Cartel de Sinaloa<\/em> y el<em> Cartel Jalisco Nueva Generaci\u00f3n<\/em> rival eran responsables de \u00abla gran mayor\u00eda del fentanilo que ingresa a Estados Unidos\u00bb.<\/p>\n<p style=\"text-align: justify;\">Sin embargo, el presidente <a href=\"https:\/\/www.acapulcopress.com\/society-politics\/aprueban-lista-de-candidatos-de-control-del-itaigro-fge-cedh-tja-iepc-y-congreso\/\" target=\"_blank\" rel=\"noopener\">Andr\u00e9s Manuel L\u00f3pez Obrador<\/a> dijo en una conferencia de prensa que no era M\u00e9xico el responsable de la introducci\u00f3n de la mayor parte del fentanilo en Estados Unidos.<\/p>\n<p style=\"text-align: justify;\">\u201cSostengo que m\u00e1s fentanilo llega directamente a Estados Unidos y Canad\u00e1 que a M\u00e9xico\u201d, dijo.<\/p>\n<p style=\"text-align: justify;\">L\u00f3pez Obrador, que se ha enfadado con las sugerencias de que Estados Unidos podr\u00eda intervenir en M\u00e9xico, dijo que las autoridades mexicanas le hab\u00edan explicado que en M\u00e9xico solo hab\u00edan aparecido pastillas de fentanilo azul.<\/p>\n<p style=\"text-align: justify;\">\u201cAll\u00e1 en los Estados Unidos tienen todos los colores y sabores\u201d, dijo el presidente.<\/p>\n<p style=\"text-align: justify;\">Sin embargo, L\u00f3pez Obrador, quien critic\u00f3 los esfuerzos de Estados Unidos para lidiar con los narcotraficantes estadounidenses, sugiri\u00f3 que hab\u00eda alg\u00fan tipo de fabricaci\u00f3n de fentanilo en M\u00e9xico despu\u00e9s de que el gobierno dijera a principios de esta semana que \u00abno ten\u00eda registro\u00bb de producci\u00f3n.<\/p>\n<p style=\"text-align: justify;\">Cuando se le pregunt\u00f3 si hab\u00eda laboratorios de producci\u00f3n de fentanilo en el pa\u00eds, L\u00f3pez Obrador dijo que \u00abs\u00ed\u00bb, pero subray\u00f3 que la materia prima utilizada para fabricar la droga proven\u00eda de Asia.<\/p>\n<p style=\"text-align: justify;\"><em>) S\u00edguenos en nuestra p\u00e1gina Facebook @<a href=\"https:\/\/www.facebook.com\/acapulcopress.news\" target=\"_blank\" rel=\"noopener\">acapulcopress.news<\/a><\/em><\/p>\n","protected":false},"excerpt":{"rendered":"<p>CIUDAD DE M\u00c9XICO * 17 de marzo de 2023. ) Reuters Mayores cantidades de fentanilo opioide sint\u00e9tico ingresan directamente a Estados Unidos y Canad\u00e1 que a M\u00e9xico, dijo el presidente de M\u00e9xico el jueves, rechazando las cr\u00edticas de Estados Unidos a su historial en la represi\u00f3n del tr\u00e1fico de la droga letal. Se ha culpado&#8230;<\/p>\n","protected":false},"author":2,"featured_media":1251954,"comment_status":"closed","ping_status":"closed","sticky":false,"template":"","format":"standard","meta":{"footnotes":""},"categories":[1969,1972,2005],"tags":[3274,3896,3983,5304,5313],"class_list":["post-1251947","post","type-post","status-publish","format-standard","has-post-thumbnail","hentry","category-trending","category-special","category-seguridad-y-justicia","tag-administracion-para-el-control-de-drogas-dea","tag-andres-manuel-lopez-obrador","tag-anne-milgram","tag-cartel-de-sinaloa","tag-cartel-jalisco-nueva-generacion"],"_links":{"self":[{"href":"https:\/\/www.acapulcopress.com\/index.php\/wp-json\/wp\/v2\/posts\/1251947","targetHints":{"allow":["GET"]}}],"collection":[{"href":"https:\/\/www.acapulcopress.com\/index.php\/wp-json\/wp\/v2\/posts"}],"about":[{"href":"https:\/\/www.acapulcopress.com\/index.php\/wp-json\/wp\/v2\/types\/post"}],"author":[{"embeddable":true,"href":"https:\/\/www.acapulcopress.com\/index.php\/wp-json\/wp\/v2\/users\/2"}],"replies":[{"embeddable":true,"href":"https:\/\/www.acapulcopress.com\/index.php\/wp-json\/wp\/v2\/comments?post=1251947"}],"version-history":[{"count":0,"href":"https:\/\/www.acapulcopress.com\/index.php\/wp-json\/wp\/v2\/posts\/1251947\/revisions"}],"wp:featuredmedia":[{"embeddable":true,"href":"https:\/\/www.acapulcopress.com\/index.php\/wp-json\/"}],"wp:attachment":[{"href":"https:\/\/www.acapulcopress.com\/index.php\/wp-json\/wp\/v2\/media?parent=1251947"}],"wp:term":[{"taxonomy":"category","embeddable":true,"href":"https:\/\/www.acapulcopress.com\/index.php\/wp-json\/wp\/v2\/categories?post=1251947"},{"taxonomy":"post_tag","embeddable":true,"href":"https:\/\/www.acapulcopress.com\/index.php\/wp-json\/wp\/v2\/tags?post=1251947"}],"curies":[{"name":"wp","href":"https:\/\/api.w.org\/{rel}","templated":true}]}}