{"id":1251959,"date":"2023-03-17T20:41:32","date_gmt":"2023-03-18T02:41:32","guid":{"rendered":"https:\/\/www.acapulcopress.com\/?p=1251959"},"modified":"2023-03-17T20:41:32","modified_gmt":"2023-03-18T02:41:32","slug":"500-elementos-daran-cobertura-al-fin-de-semana-largo-en-guerrero-evelyn-salgado","status":"publish","type":"post","link":"https:\/\/www.acapulcopress.com\/index.php\/2023\/03\/17\/500-elementos-daran-cobertura-al-fin-de-semana-largo-en-guerrero-evelyn-salgado\/","title":{"rendered":"500 elementos dar\u00e1n cobertura al fin de semana largo en Guerrero | Evelyn Salgado"},"content":{"rendered":"<p style=\"text-align: justify;\">CHILPANCINGO * 17 de marzo de 2023.<br \/>\n<em>) Coordinaci\u00f3n para la Construcci\u00f3n de la Paz<\/em><br \/>\nM\u00e1s de 500 elementos de la Polic\u00eda Estatal en coordinaci\u00f3n con las fuerzas militares, federales y municipales, resguardaran las principales carreteras y zonas de mayor afluencia tur\u00edstica, como parte del Operativo Especial de Seguridad desplegado para este fin de semana largo en Guerrero, destac\u00f3 la gobernadora <a href=\"https:\/\/www.facebook.com\/EvelynSalgadoP\" target=\"_blank\" rel=\"noopener\">Evelyn Salgado Pineda<\/a> al presidir la sesi\u00f3n de la<em> Mesa de Coordinaci\u00f3n para la Construcci\u00f3n de la Paz.<\/em><\/p>\n<p style=\"text-align: justify;\">En la reuni\u00f3n de trabajo virtual, la mandataria estatal acord\u00f3 reforzar la vigilancia en los principales puntos carreteros que comunican a los principales centros tur\u00edsticos, a fin de garantizar la tranquilidad y seguridad de los vacacionistas en su arribo y estancia a los puntos de recreo en la entidad.<\/p>\n<p style=\"text-align: justify;\">Se detall\u00f3 que la Secretar\u00eda de Seguridad P\u00fablica mantendr\u00e1 este despliegue estrat\u00e9gico en todas las regiones del estado en coordinaci\u00f3n realizando recorridos de prevenci\u00f3n en zonas concurridas y vigilancia durante este periodo a partir del 17 al 20 de marzo.<\/p>\n<p style=\"text-align: justify;\">En la agenda de seguridad, la gobernadora revis\u00f3 la incidencia delictiva en el estado y dio seguimiento a las investigaciones de la Fiscal\u00eda General del Estado en cada uno de los casos registrados en las \u00faltimas 24 horas en los municipios prioritarios.<\/p>\n<p style=\"text-align: justify;\">En el panorama estatal la <em>Mesa de Coordinaci\u00f3n para la Construcci\u00f3n de la Paz<\/em> acord\u00f3 implementar acciones preventivas en el tema del Covid-19 de apoyo a la Secretar\u00eda de Salud en Guerrero. Adem\u00e1s de evaluar las condiciones epidemiol\u00f3gicas del estado y las medidas a implementar para contener\u00a0los\u00a0contagios.<\/p>\n<p style=\"text-align: justify;\"><em>) S\u00edguenos en nuestra p\u00e1gina Facebook @<a href=\"https:\/\/www.facebook.com\/acapulcopress.news\" target=\"_blank\" rel=\"noopener\">acapulcopress.news<\/a><\/em><\/p>\n","protected":false},"excerpt":{"rendered":"<p>CHILPANCINGO * 17 de marzo de 2023. ) Coordinaci\u00f3n para la Construcci\u00f3n de la Paz M\u00e1s de 500 elementos de la Polic\u00eda Estatal en coordinaci\u00f3n con las fuerzas militares, federales y municipales, resguardaran las principales carreteras y zonas de mayor afluencia tur\u00edstica, como parte del Operativo Especial de Seguridad desplegado para este fin de semana&#8230;<\/p>\n","protected":false},"author":2,"featured_media":1251960,"comment_status":"closed","ping_status":"closed","sticky":false,"template":"","format":"standard","meta":{"footnotes":""},"categories":[1969,2005],"tags":[8251,12964],"class_list":["post-1251959","post","type-post","status-publish","format-standard","has-post-thumbnail","hentry","category-trending","category-seguridad-y-justicia","tag-evelyn-salgado-pineda","tag-mesa-de-coordinacion-para-la-construccion-de-la-paz"],"_links":{"self":[{"href":"https:\/\/www.acapulcopress.com\/index.php\/wp-json\/wp\/v2\/posts\/1251959","targetHints":{"allow":["GET"]}}],"collection":[{"href":"https:\/\/www.acapulcopress.com\/index.php\/wp-json\/wp\/v2\/posts"}],"about":[{"href":"https:\/\/www.acapulcopress.com\/index.php\/wp-json\/wp\/v2\/types\/post"}],"author":[{"embeddable":true,"href":"https:\/\/www.acapulcopress.com\/index.php\/wp-json\/wp\/v2\/users\/2"}],"replies":[{"embeddable":true,"href":"https:\/\/www.acapulcopress.com\/index.php\/wp-json\/wp\/v2\/comments?post=1251959"}],"version-history":[{"count":0,"href":"https:\/\/www.acapulcopress.com\/index.php\/wp-json\/wp\/v2\/posts\/1251959\/revisions"}],"wp:featuredmedia":[{"embeddable":true,"href":"https:\/\/www.acapulcopress.com\/index.php\/wp-json\/"}],"wp:attachment":[{"href":"https:\/\/www.acapulcopress.com\/index.php\/wp-json\/wp\/v2\/media?parent=1251959"}],"wp:term":[{"taxonomy":"category","embeddable":true,"href":"https:\/\/www.acapulcopress.com\/index.php\/wp-json\/wp\/v2\/categories?post=1251959"},{"taxonomy":"post_tag","embeddable":true,"href":"https:\/\/www.acapulcopress.com\/index.php\/wp-json\/wp\/v2\/tags?post=1251959"}],"curies":[{"name":"wp","href":"https:\/\/api.w.org\/{rel}","templated":true}]}}