{"id":1251962,"date":"2023-03-17T20:58:14","date_gmt":"2023-03-18T02:58:14","guid":{"rendered":"https:\/\/www.acapulcopress.com\/?p=1251962"},"modified":"2023-03-17T20:58:14","modified_gmt":"2023-03-18T02:58:14","slug":"inauguro-titular-de-seg-juegos-deportivos-regionales-de-ajedrez-de-conade","status":"publish","type":"post","link":"https:\/\/www.acapulcopress.com\/index.php\/2023\/03\/17\/inauguro-titular-de-seg-juegos-deportivos-regionales-de-ajedrez-de-conade\/","title":{"rendered":"Inaugur\u00f3 titular de SEG Juegos Deportivos Regionales de Ajedrez de Conade"},"content":{"rendered":"<p style=\"text-align: justify;\">CHILPANCINGO * 17 de marzo de 2023.<br \/>\n<em>) SEG<\/em><br \/>\nGuerrero es sede en la disciplina de Ajedrez de los Juegos Deportivos Regionales de Ajedrez de la <img loading=\"lazy\" decoding=\"async\" class=\"alignleft size-medium wp-image-1251965\" src=\"https:\/\/www.acapulcopress.com\/wp-content\/uploads\/2023\/03\/conade20234-375x244.jpg\" alt=\"\" width=\"375\" height=\"244\" \/><a href=\"https:\/\/www.facebook.com\/CONADE.oficial\" target=\"_blank\" rel=\"noopener\">Conade<\/a> que se desarrollar\u00e1 del 17 al 19 de marzo en las instalaciones del CREA de Chilpancingo, donde participan delegaciones del Estado de M\u00e9xico, Ciudad de M\u00e9xico, Morelos, Quer\u00e9taro y la guerrerense.<\/p>\n<p style=\"text-align: justify;\">Al inaugurar los juegos, el secretario de Educaci\u00f3n Guerrero,<a href=\"https:\/\/www.facebook.com\/MarcialRodriguezS\" target=\"_blank\" rel=\"noopener\"> Marcial Rodr\u00edguez Salda\u00f1a<\/a>, destac\u00f3 que la administraci\u00f3n p\u00fablica estatal que encabeza <a href=\"https:\/\/www.facebook.com\/EvelynSalgadoP\" target=\"_blank\" rel=\"noopener\">Evelyn Salgado Pineda<\/a>, promueve las actividades deportivas apoyando a los talentos guerrerenses.<\/p>\n<p style=\"text-align: justify;\">Los jugadores participantes se disputar\u00e1n el pase a la siguiente fase.<\/p>\n<p style=\"text-align: justify;\">En el evento, acompa\u00f1ado por la directora del Deporte en Guerrero, <a href=\"https:\/\/www.facebook.com\/almarocio.lopez.313\" target=\"_blank\" rel=\"noopener\">Alma Roc\u00edo L\u00f3pez <img loading=\"lazy\" decoding=\"async\" class=\"alignleft size-medium wp-image-1251966\" src=\"https:\/\/www.acapulcopress.com\/wp-content\/uploads\/2023\/03\/conade20235-375x170.jpg\" alt=\"\" width=\"375\" height=\"170\" \/>Bello<\/a>, el funcionario estatal entreg\u00f3 reconocimientos a medallistas guerrerenses que participaron en los Juegos Nacionales de Sillas de Ruedas en Uruapan, Michoac\u00e1n.<\/p>\n<p style=\"text-align: justify;\">Ellos fueron: Edith Najera Najera, medalla de oro en cien metros planos; Fernando Santos Vargas, medalla de plata en levantamiento de pesas y, Efr\u00e9n Corona Zaragoza, medalla de bronce en lanzamiento de Clava.<\/p>\n<p style=\"text-align: justify;\">Tambi\u00e9n se les entreg\u00f3 reconocimientos a deportistas destacados como: Marco Antonio Cortez Molina, tercer lugar en el ranking nacional, y Mart\u00edn Flores Dircio, cuarto lugar y <img loading=\"lazy\" decoding=\"async\" class=\"alignleft size-medium wp-image-1251967\" src=\"https:\/\/www.acapulcopress.com\/wp-content\/uploads\/2023\/03\/conade20236-375x170.jpg\" alt=\"\" width=\"375\" height=\"170\" \/>seleccionado nacional, ambos en ParaCiclismo.<\/p>\n<p style=\"text-align: justify;\">Respecto al Selectivo Nacional Infantil que se efectu\u00f3 en Ciudad Ju\u00e1rez, Chihuahua, se les reconoci\u00f3 a Eder \u00c1lvarez Hern\u00e1ndez, medalla de oro en la categor\u00eda U13; Math\u00edas Adame Castillo, medalla de oro y bronce en la categor\u00eda U13 y, Aar\u00f3n \u00c1lvarez Hern\u00e1ndez medalla de oro y bronce en las categor\u00edas U-08, U-09 y U-11, quedando los tres seleccionados al Campeonato Centroamericano en Honduras y Panamericano\u00a0en\u00a0Colombia.<\/p>\n<p style=\"text-align: justify;\"><img loading=\"lazy\" decoding=\"async\" class=\"alignnone wp-image-1251963 size-large\" src=\"https:\/\/www.acapulcopress.com\/wp-content\/uploads\/2023\/03\/conade2023-840x560.jpg\" alt=\"\" width=\"696\" height=\"464\" \/><\/p>\n<p style=\"text-align: justify;\"><em>) S\u00edguenos en nuestra p\u00e1gina Facebook @<a href=\"https:\/\/www.facebook.com\/acapulcopress.news\" target=\"_blank\" rel=\"noopener\">acapulcopress.news<\/a><\/em><\/p>\n","protected":false},"excerpt":{"rendered":"<p>CHILPANCINGO * 17 de marzo de 2023. ) SEG Guerrero es sede en la disciplina de Ajedrez de los Juegos Deportivos Regionales de Ajedrez de la Conade que se desarrollar\u00e1 del 17 al 19 de marzo en las instalaciones del CREA de Chilpancingo, donde participan delegaciones del Estado de M\u00e9xico, Ciudad de M\u00e9xico, Morelos, Quer\u00e9taro&#8230;<\/p>\n","protected":false},"author":2,"featured_media":1251964,"comment_status":"closed","ping_status":"closed","sticky":false,"template":"","format":"standard","meta":{"footnotes":""},"categories":[1972,1988,18566],"tags":[3438,6284,8251,11263,12457],"class_list":["post-1251962","post","type-post","status-publish","format-standard","has-post-thumbnail","hentry","category-special","category-lifestyles","category-sports-lifestyles","tag-ajedrez","tag-conade","tag-evelyn-salgado-pineda","tag-juegos-deportivos-regionales-de-ajedrez-2023","tag-marcial-rodriguez-saldana"],"_links":{"self":[{"href":"https:\/\/www.acapulcopress.com\/index.php\/wp-json\/wp\/v2\/posts\/1251962","targetHints":{"allow":["GET"]}}],"collection":[{"href":"https:\/\/www.acapulcopress.com\/index.php\/wp-json\/wp\/v2\/posts"}],"about":[{"href":"https:\/\/www.acapulcopress.com\/index.php\/wp-json\/wp\/v2\/types\/post"}],"author":[{"embeddable":true,"href":"https:\/\/www.acapulcopress.com\/index.php\/wp-json\/wp\/v2\/users\/2"}],"replies":[{"embeddable":true,"href":"https:\/\/www.acapulcopress.com\/index.php\/wp-json\/wp\/v2\/comments?post=1251962"}],"version-history":[{"count":0,"href":"https:\/\/www.acapulcopress.com\/index.php\/wp-json\/wp\/v2\/posts\/1251962\/revisions"}],"wp:featuredmedia":[{"embeddable":true,"href":"https:\/\/www.acapulcopress.com\/index.php\/wp-json\/"}],"wp:attachment":[{"href":"https:\/\/www.acapulcopress.com\/index.php\/wp-json\/wp\/v2\/media?parent=1251962"}],"wp:term":[{"taxonomy":"category","embeddable":true,"href":"https:\/\/www.acapulcopress.com\/index.php\/wp-json\/wp\/v2\/categories?post=1251962"},{"taxonomy":"post_tag","embeddable":true,"href":"https:\/\/www.acapulcopress.com\/index.php\/wp-json\/wp\/v2\/tags?post=1251962"}],"curies":[{"name":"wp","href":"https:\/\/api.w.org\/{rel}","templated":true}]}}