{"id":1251971,"date":"2023-03-17T21:22:57","date_gmt":"2023-03-18T03:22:57","guid":{"rendered":"https:\/\/www.acapulcopress.com\/?p=1251971"},"modified":"2023-03-17T21:22:57","modified_gmt":"2023-03-18T03:22:57","slug":"muere-a-los-94-anos-de-edad-carlos-payan-director-fundador-de-la-jornada","status":"publish","type":"post","link":"https:\/\/www.acapulcopress.com\/index.php\/2023\/03\/17\/muere-a-los-94-anos-de-edad-carlos-payan-director-fundador-de-la-jornada\/","title":{"rendered":"Muere, a los 94 a\u00f1os de edad, Carlos Pay\u00e1n, director fundador de La Jornada"},"content":{"rendered":"<p style=\"text-align: justify;\">CIUDAD DE M\u00c9XICO * 17 de marzo de 2023.<br \/>\n<em>) Radio F\u00f3rmula<br \/>\n<\/em>Carlos Pay\u00e1n Velver, director fundador de el peri\u00f3dico <em>La Jornada<\/em> falleci\u00f3 la noche de este viernes a los 94 a\u00f1os de edad, inform\u00f3 el medio de comunicaci\u00f3n.<\/p>\n<p style=\"text-align: justify;\">A trav\u00e9s de su cuenta de <em><a href=\"https:\/\/twitter.com\/lajornadaonline\" target=\"_blank\" rel=\"noopener\">Twitter<\/a>,<\/em> el diario mexicano confirm\u00f3 la muerte de su primer director y fundador, quien tambi\u00e9n se desempe\u00f1o tambi\u00e9n como pol\u00edtico y escritor.<\/p>\n<p style=\"text-align: justify;\"><img loading=\"lazy\" decoding=\"async\" class=\"alignleft size-medium wp-image-1251972\" src=\"https:\/\/www.acapulcopress.com\/wp-content\/uploads\/2023\/03\/calor-payan-375x171.jpg\" alt=\"\" width=\"375\" height=\"171\" \/>Por su \u00abf\u00e9rrea defensa de la libertad de expresi\u00f3n y los derechos humanos\u00bb, Carlos Pay\u00e1n fue galardonado por el Senado de la Rep\u00fablica con la medalla \u00abBelisario Dominguez\u00bb en diciembre de https:\/\/twitter.com\/lajornadaonline2018.<\/p>\n<p style=\"text-align: justify;\">Fue el 19 de septiembre de 1984 cuando Carlos Pay\u00e1n junto a H\u00e9ctor Aguilar Cam\u00edn, Luis Gonz\u00e1lez de Alba, Miguel \u00c1ngel Granados Chapa, Carmen Lira Saade y Humberto Musacchio fundaron el diario de circulaci\u00f3n nacional.<\/p>\n<p>https:\/\/fb.watch\/jkVGLw1O4B\/<\/p>\n<p style=\"text-align: justify;\"><em>) S\u00edguenos en nuestra p\u00e1gina Facebook @<a href=\"https:\/\/www.facebook.com\/acapulcopress.news\" target=\"_blank\" rel=\"noopener\">acapulcopress.news<\/a><\/em><\/p>\n","protected":false},"excerpt":{"rendered":"<p>CIUDAD DE M\u00c9XICO * 17 de marzo de 2023. ) Radio F\u00f3rmula Carlos Pay\u00e1n Velver, director fundador de el peri\u00f3dico La Jornada falleci\u00f3 la noche de este viernes a los 94 a\u00f1os de edad, inform\u00f3 el medio de comunicaci\u00f3n. A trav\u00e9s de su cuenta de Twitter, el diario mexicano confirm\u00f3 la muerte de su primer&#8230;<\/p>\n","protected":false},"author":2,"featured_media":1251973,"comment_status":"closed","ping_status":"closed","sticky":false,"template":"","format":"standard","meta":{"footnotes":""},"categories":[1988,1994],"tags":[5221,5254,9699,9964,11568,12193,12869,13097],"class_list":["post-1251971","post","type-post","status-publish","format-standard","has-post-thumbnail","hentry","category-lifestyles","category-personalidades","tag-carlos-payan-velver","tag-carmen-lira-saade","tag-hector-aguilar-camin","tag-humberto-musacchio","tag-la-jornada","tag-luis-gonzalez-de-alba","tag-medalla-belisario-dominguez-2018","tag-miguel-angel-granados-chapa"],"_links":{"self":[{"href":"https:\/\/www.acapulcopress.com\/index.php\/wp-json\/wp\/v2\/posts\/1251971","targetHints":{"allow":["GET"]}}],"collection":[{"href":"https:\/\/www.acapulcopress.com\/index.php\/wp-json\/wp\/v2\/posts"}],"about":[{"href":"https:\/\/www.acapulcopress.com\/index.php\/wp-json\/wp\/v2\/types\/post"}],"author":[{"embeddable":true,"href":"https:\/\/www.acapulcopress.com\/index.php\/wp-json\/wp\/v2\/users\/2"}],"replies":[{"embeddable":true,"href":"https:\/\/www.acapulcopress.com\/index.php\/wp-json\/wp\/v2\/comments?post=1251971"}],"version-history":[{"count":0,"href":"https:\/\/www.acapulcopress.com\/index.php\/wp-json\/wp\/v2\/posts\/1251971\/revisions"}],"wp:featuredmedia":[{"embeddable":true,"href":"https:\/\/www.acapulcopress.com\/index.php\/wp-json\/"}],"wp:attachment":[{"href":"https:\/\/www.acapulcopress.com\/index.php\/wp-json\/wp\/v2\/media?parent=1251971"}],"wp:term":[{"taxonomy":"category","embeddable":true,"href":"https:\/\/www.acapulcopress.com\/index.php\/wp-json\/wp\/v2\/categories?post=1251971"},{"taxonomy":"post_tag","embeddable":true,"href":"https:\/\/www.acapulcopress.com\/index.php\/wp-json\/wp\/v2\/tags?post=1251971"}],"curies":[{"name":"wp","href":"https:\/\/api.w.org\/{rel}","templated":true}]}}