{"id":1251989,"date":"2023-03-20T19:09:57","date_gmt":"2023-03-21T01:09:57","guid":{"rendered":"https:\/\/www.acapulcopress.com\/?p=1251989"},"modified":"2023-03-20T19:09:57","modified_gmt":"2023-03-21T01:09:57","slug":"proponen-ampliar-funciones-de-comision-legislativa-de-mineria","status":"publish","type":"post","link":"https:\/\/www.acapulcopress.com\/index.php\/2023\/03\/20\/proponen-ampliar-funciones-de-comision-legislativa-de-mineria\/","title":{"rendered":"Proponen ampliar funciones de Comision Legislativa de Miner\u00eda"},"content":{"rendered":"<p style=\"text-align: justify;\">CHILPANCINGO * 20 de marzo de 2023.<br \/>\n<em>) Congreso de Guerrero<\/em><br \/>\nEl diputado<a href=\"https:\/\/www.facebook.com\/AndresGuevaraCardenasOficial\" target=\"_blank\" rel=\"noopener\"> Andr\u00e9s Guevara C\u00e1rdenas<\/a> present\u00f3 una iniciativa de reforma a la Ley Org\u00e1nica del Poder Legislativo para redimensionar las funciones de la Comisi\u00f3n de Miner\u00eda, con el objeto de considerar los pilares de modernizaci\u00f3n jur\u00eddica y administrativa, desarrollo local sustentable, participaci\u00f3n ciudadana, parlamento abierto y el respeto a los recursos naturales.<\/p>\n<p style=\"text-align: justify;\">En la exposici\u00f3n de la iniciativa, el diputado integrante del Grupo Parlamentario de Morena explic\u00f3 que en M\u00e9xico esta actividad productiva est\u00e1 regulada por la Ley Federal Minera y su aplicaci\u00f3n corresponde al Ejecutivo federal por conducto de la Secretar\u00eda de Econom\u00eda, todo lo cual incluye la exploraci\u00f3n, explotaci\u00f3n y beneficio de los minerales.<\/p>\n<p style=\"text-align: justify;\">Rese\u00f1\u00f3 que en 2009 se cre\u00f3 el Consejo de Miner\u00eda en el estado de Guerrero, con funciones de \u00f3rgano colegiado de consulta, participaci\u00f3n y gesti\u00f3n, en el que est\u00e1n integrados diversos sectores de la sociedad, y dentro de sus funciones est\u00e1 la responsabilidad de dirigir los retos del sector minero y coadyuvar a determinar pol\u00edticas p\u00fablicas en el rubro, as\u00ed como fortalecer el aprovechamiento sustentable e impacto regional.<\/p>\n<p style=\"text-align: justify;\">Por lo que respecta al Poder Legislativo, expuso que en su Ley Org\u00e1nica se cuenta con la Comisi\u00f3n Ordinaria de Miner\u00eda, cuyas atribuciones son analizar lo relativo a la inversi\u00f3n desde la<\/p>\n<p style=\"text-align: justify;\">perspectiva de miner\u00eda responsable y actualizar las disposiciones legales que rigen esta actividad; vigilar, analizar y, en su caso, coadyuvar en la estructuraci\u00f3n de pol\u00edticas p\u00fablicas implementadas por el Gobierno del Estado y los municipios, a fin de crear certeza jur\u00eddica a la inversi\u00f3n, la generaci\u00f3n de empleos locales y desarrollo econ\u00f3mico de las comunidades, con la perspectiva del cuidado y preservaci\u00f3n del medio ambiente, y promover ante la federaci\u00f3n, de manera coordinada con el Ejecutivo estatal y municipios, los mecanismos que permitan inversi\u00f3n en la entidad y las regiones involucradas, entre otras funciones.<\/p>\n<p style=\"text-align: justify;\">Guevara C\u00e1rdenas plantea, sin embargo, que es necesario adicionar que este \u00f3rgano legislativo coadyuve a generar un espacio para el di\u00e1logo, a solicitud de los diferentes actores de la industria minera, para trabajar de manera coordinada en la prevenci\u00f3n y soluci\u00f3n de conflictos sociales; generar acercamientos con la sociedad civil, con la comunidad acad\u00e9mica, cient\u00edfica y t\u00e9cnica, a trav\u00e9s de eventos p\u00fablicos, tales como foros, talleres, mesas redondas y conferencias, con el fin de difundir y promover la miner\u00eda responsable en el territorio guerrerense.<\/p>\n<p style=\"text-align: justify;\">Esta iniciativa de adici\u00f3n a la Ley Org\u00e1nica del Poder Legislativo fue turnada a la Comisi\u00f3n de Estudios Constitucionales y Jur\u00eddicos, para su respectivo an\u00e1lisis y dictaminaci\u00f3n.<\/p>\n<p style=\"text-align: justify;\"><em>) S\u00edguenos en nuestra p\u00e1gina Facebook @<a href=\"https:\/\/www.facebook.com\/acapulcopress.news\" target=\"_blank\" rel=\"noopener\">acapulcopress.news<\/a><\/em><\/p>\n","protected":false},"excerpt":{"rendered":"<p>CHILPANCINGO * 20 de marzo de 2023. ) Congreso de Guerrero El diputado Andr\u00e9s Guevara C\u00e1rdenas present\u00f3 una iniciativa de reforma a la Ley Org\u00e1nica del Poder Legislativo para redimensionar las funciones de la Comisi\u00f3n de Miner\u00eda, con el objeto de considerar los pilares de modernizaci\u00f3n jur\u00eddica y administrativa, desarrollo local sustentable, participaci\u00f3n ciudadana, parlamento&#8230;<\/p>\n","protected":false},"author":2,"featured_media":1251986,"comment_status":"closed","ping_status":"closed","sticky":false,"template":"","format":"standard","meta":{"footnotes":""},"categories":[61,18561],"tags":[3887],"class_list":["post-1251989","post","type-post","status-publish","format-standard","has-post-thumbnail","hentry","category-legislacion","category-society-politics","tag-andres-guevara-cardenas"],"_links":{"self":[{"href":"https:\/\/www.acapulcopress.com\/index.php\/wp-json\/wp\/v2\/posts\/1251989","targetHints":{"allow":["GET"]}}],"collection":[{"href":"https:\/\/www.acapulcopress.com\/index.php\/wp-json\/wp\/v2\/posts"}],"about":[{"href":"https:\/\/www.acapulcopress.com\/index.php\/wp-json\/wp\/v2\/types\/post"}],"author":[{"embeddable":true,"href":"https:\/\/www.acapulcopress.com\/index.php\/wp-json\/wp\/v2\/users\/2"}],"replies":[{"embeddable":true,"href":"https:\/\/www.acapulcopress.com\/index.php\/wp-json\/wp\/v2\/comments?post=1251989"}],"version-history":[{"count":0,"href":"https:\/\/www.acapulcopress.com\/index.php\/wp-json\/wp\/v2\/posts\/1251989\/revisions"}],"wp:featuredmedia":[{"embeddable":true,"href":"https:\/\/www.acapulcopress.com\/index.php\/wp-json\/"}],"wp:attachment":[{"href":"https:\/\/www.acapulcopress.com\/index.php\/wp-json\/wp\/v2\/media?parent=1251989"}],"wp:term":[{"taxonomy":"category","embeddable":true,"href":"https:\/\/www.acapulcopress.com\/index.php\/wp-json\/wp\/v2\/categories?post=1251989"},{"taxonomy":"post_tag","embeddable":true,"href":"https:\/\/www.acapulcopress.com\/index.php\/wp-json\/wp\/v2\/tags?post=1251989"}],"curies":[{"name":"wp","href":"https:\/\/api.w.org\/{rel}","templated":true}]}}