{"id":1251991,"date":"2023-03-21T20:03:28","date_gmt":"2023-03-22T02:03:28","guid":{"rendered":"https:\/\/www.acapulcopress.com\/?p=1251991"},"modified":"2023-03-21T20:03:28","modified_gmt":"2023-03-22T02:03:28","slug":"radiografia-del-sector-salud-en-guerrero","status":"publish","type":"post","link":"https:\/\/www.acapulcopress.com\/index.php\/2023\/03\/21\/radiografia-del-sector-salud-en-guerrero\/","title":{"rendered":"Radiograf\u00eda del Sector Salud en Guerrero"},"content":{"rendered":"<p style=\"text-align: justify;\">Marem\u00e1gnum<br \/>\n\u00bb <strong>RICARDO<\/strong> | <strong>CASTILLO BARRIENTOS<\/strong><br \/>\n<em>) Facebook: @<a href=\"https:\/\/www.facebook.com\/ricardocastill01\" target=\"_blank\" rel=\"noopener\">Ricardo Castillo Barrientos<\/a><\/em><\/p>\n<p style=\"text-align: justify;\">La operaci\u00f3n del Sector Salud en M\u00e9xico es bastante compleja por sus componentes institucionales y los mecanismos de atenci\u00f3n a la poblaci\u00f3n derechohabiente y no derechohabiente, que no cumplen con las expectativas de calidad y calidez demandante por los usuarios.<\/p>\n<p style=\"text-align: justify;\">El IMSS es la instituci\u00f3n m\u00e9dica que cumpl\u00eda con mayor eficiencia los par\u00e1metros de prestaci\u00f3n de servicios; no as\u00ed el ISSSTE y la Secretar\u00eda de Salud, cuya operaci\u00f3n se ha tornado deficiente al no prestar servicios de manera integral y normal.<\/p>\n<p style=\"text-align: justify;\">Destacan las cl\u00ednicas, hospitales, centros y casas de salud de la SSA, con sus vicios y carencias de todo tipo, m\u00e1s los generados por la representaci\u00f3n sindical, empe\u00f1ada en imponer sus condiciones sobre las propias autoridades de esta instituci\u00f3n en la entidad, adem\u00e1s de la ineptitud de la Titular de la dependencia.<\/p>\n<p style=\"text-align: justify;\">La descentralizaci\u00f3n y traslado de la Secretar\u00eda de Salud a Acapulco, trajo consigo la oportunidad del mejoramiento de los servicios m\u00e9dicos en Guerrero, referente al incremento de recursos humanos, materiales y financieros, otorgados a cuenta gotas y no como lo instruy\u00f3 el Presidente de la Rep\u00fablica.<\/p>\n<p style=\"text-align: justify;\">El ISSSTE es la instituci\u00f3n m\u00e9dica con mayor n\u00famero de inconformidades. No tiene el cuadro b\u00e1sico completo de medicamentos y por ende, no surten una receta completa. Las citas m\u00e9dicas de especialistas se programan hasta en seis meses, as\u00ed como algunas intervenciones quir\u00fargicas, ex\u00e1menes de laboratorio, ultrasonido y rayos X, entre otros.<\/p>\n<p style=\"text-align: justify;\">Por el crecimiento poblacional, las instituciones del Sector Salud, no han evolucionado al mismo ritmo, rezag\u00e1ndose la infraestructura hospitalaria, siendo incapaz de ofrecer servicios que satisfagan la atenci\u00f3n que se demanda cada d\u00eda.<\/p>\n<p style=\"text-align: justify;\">El IMSS-Bienestar es la nueva modalidad institucional tendiente a incorporar los servicios m\u00e9dicos de la Secretar\u00eda de Salud, como un intento de emular al IMSS-Coplamar, que funcion\u00f3 con \u00e9xito en las zonas rurales, en la d\u00e9cada de los a\u00f1os 70\u2019s.<\/p>\n<p style=\"text-align: justify;\">Se reconocen los esfuerzos que en materia de salud desarrolla la administraci\u00f3n federal con el INSABI, -antes Seguro Popular- en anexar a este sistema a un considerable n\u00famero de especialistas nacionales y extranjeros, para que cubran vacantes tanto en zonas urbanas como rurales y as\u00ed, otorgar una aceptable atenci\u00f3n m\u00e9dica.<\/p>\n<p style=\"text-align: justify;\">Un acierto que debe atribu\u00edrsele a la gobernadora <a href=\"https:\/\/www.facebook.com\/EvelynSalgadoP\" target=\"_blank\" rel=\"noopener\">Evelyn Salgado Pineda<\/a>, es la primera Cl\u00ednica de Hemodi\u00e1lisis que puso en marcha en Acapulco y pr\u00f3ximamente, en Chilpancingo y Ometepec, que beneficiar\u00e1 en demas\u00eda a pacientes con insuficiencia renal cr\u00f3nica, quienes realizan gastos onerosos en su atenci\u00f3n.<\/p>\n<p style=\"text-align: justify;\">Estamos lejos de contar con un sistema de salud como Dinamarca, seg\u00fan deseo d el Presidente L\u00f3pez Obrador, por lo embrollado del Sector, que no logra erradicar vicios y deficiencias caracter\u00edsticos de este importante sistema de salud p\u00fablica.<\/p>\n<p style=\"text-align: justify;\"><strong>Marea Baja.-<\/strong> El joven y diestro pol\u00edtico <a href=\"https:\/\/www.facebook.com\/YoshioAvilaG\" target=\"_blank\" rel=\"noopener\">Yoshio \u00c1vila<\/a> se encuentra cada vez m\u00e1s cerca del secretario de Gobernaci\u00f3n, <a href=\"https:\/\/www.facebook.com\/AdanAugustoLopezHdz\" target=\"_blank\" rel=\"noopener\">Ad\u00e1n Augusto L\u00f3pez Hern\u00e1ndez<\/a>, mismo que recibi\u00f3 en sus oficinas de Bucareli, donde anunci\u00f3 que el pr\u00f3ximo primero de abril, visitar\u00e1 el puerto de Acapulco para sumar simpat\u00edas como aspirante a la candidatura de Morena a la Presidencia de la Rep\u00fablica.<\/p>\n<p style=\"text-align: justify;\">Desde ahora, Yoshio \u00c1vila afianza sus aspiraciones a la alcald\u00eda de Acapulco; aboc\u00e1ndose a realizar tareas preparatorias, a fin de dar un entusiasta recibimiento al aspirante presidencial, amigo y paisano del Presidente<a href=\"https:\/\/www.facebook.com\/lopezobrador.org.mx\" target=\"_blank\" rel=\"noopener\"> L\u00f3pez Obrador<\/a>. Ad\u00e1n Augusto sigue creciendo en las preferencias electorales y a punto de dar alcance en las encuestas, a <a href=\"https:\/\/www.facebook.com\/ClaudiaSheinbaumPardo\" target=\"_blank\" rel=\"noopener\">Claudia Sheinbaum<\/a> y <a href=\"https:\/\/www.facebook.com\/MarceloEbrardC\" target=\"_blank\" rel=\"noopener\">Marcelo Ebrard<\/a>.<\/p>\n<p style=\"text-align: justify;\"><strong>Marea Alta.-<\/strong> En v\u00edsperas de la publicaci\u00f3n de la convocatoria para elegir rector de la UAGro, la efervescencia universitaria sigue in crescendo. Las fuerzas internas se movilizan para concientizar a la comunidad estudiantil del riesgo que implica la consolidaci\u00f3n de un cacicazgo que se entronice en la alma m\u00e1ter.<\/p>\n<p style=\"text-align: justify;\">Varias organizaciones estudiantiles y magisteriales est\u00e1n decididas a cerrar el paso a <a href=\"https:\/\/www.facebook.com\/JavSaldana\" target=\"_blank\" rel=\"noopener\">Javier Salda\u00f1a Almaz\u00e1n<\/a>, -que si no pasa otra cosa- tiene asegurado un tercer periodo rectoral, con base al apoyo incondicional de la estructura universitaria y casi la totalidad del Consejo Universitario. Se perfila como candidato \u00fanico debido al candado que impuso para el registro de aspirantes, pues se requiere el apoyo y firmas de 40 consejeros, haza\u00f1a imposible de lograr, al menos que el Consejo Universitario rectifique y elimine esta absurda regla antidemocr\u00e1tica y se abra el registro a m\u00e1s candidatos. Salda\u00f1a debe declinar a favor de otro destacado aspirante de su grupo pol\u00edtico<em> Fredeuag<\/em> y seguir el ejemplo del senador F\u00e9lix Salgado, que rechaza cualquier forma de reelecci\u00f3n por su naturaleza antidemocr\u00e1tica.<\/p>\n<p style=\"text-align: justify;\"><strong>Maremoto.-<\/strong> El dirigente de \u201cLos Chuchos\u201d del PRD, <a href=\"https:\/\/www.facebook.com\/jesus.ortega.martinez\" target=\"_blank\" rel=\"noopener\">Jes\u00fas Ortega<\/a>, no se imagin\u00f3 que en la reciente sesi\u00f3n del <a href=\"https:\/\/www.facebook.com\/GrupoAcaAC\" target=\"_blank\" rel=\"noopener\">Grupo Aca<\/a>, tendr\u00eda un desaguisado con el ex senador <a href=\"https:\/\/www.facebook.com\/sofioramirezh\" target=\"_blank\" rel=\"noopener\">Sof\u00edo Ram\u00edrez<\/a>. Este le reclam\u00f3 en\u00e9rgicamente la postura asumida por su grupo pol\u00edtico contra el ex gobernador <a href=\"http:\/\/\u00c1ngel Aguirre Rivero\" target=\"_blank\" rel=\"noopener\">\u00c1ngel Aguirre Rivero<\/a>.<\/p>\n<p style=\"text-align: justify;\">Sof\u00edo Ram\u00edrez le restreg\u00f3 en su cara, el abandono de la direcci\u00f3n de ese partido, que fue objeto Aguirre Rivero. <em>Chucho<\/em> Ortega se vio obligado a reconocer que el ex gobernador pr\u00e1cticamente fue exonerado en el \u00faltimo informe de <a href=\"https:\/\/www.facebook.com\/UnidosPodemosMas\" target=\"_blank\" rel=\"noopener\">Alejandro Encinas<\/a> y en la propia \u201cVerdad Hist\u00f3rica\u201d, por no tener se\u00f1alamientos directos que lo incriminen en la desaparici\u00f3n de los 43 estudiantes de Ayotzinapa. Aguirre Rivero tuvo que renunciar a la gubernatura del estado, lo que origin\u00f3 la hecatombe del PRD.<\/p>\n<p style=\"text-align: justify;\"><em>) S\u00edguenos en nuestra p\u00e1gina Facebook @<a href=\"https:\/\/www.facebook.com\/acapulcopress.news\" target=\"_blank\" rel=\"noopener\">acapulcopress.news<\/a><\/em><\/p>\n","protected":false},"excerpt":{"rendered":"<p>Marem\u00e1gnum \u00bb RICARDO | CASTILLO BARRIENTOS ) Facebook: @Ricardo Castillo Barrientos La operaci\u00f3n del Sector Salud en M\u00e9xico es bastante compleja por sus componentes institucionales y los mecanismos de atenci\u00f3n a la poblaci\u00f3n derechohabiente y no derechohabiente, que no cumplen con las expectativas de calidad y calidez demandante por los usuarios. El IMSS es la&#8230;<\/p>\n","protected":false},"author":2,"featured_media":1251992,"comment_status":"closed","ping_status":"closed","sticky":false,"template":"","format":"standard","meta":{"footnotes":""},"categories":[1972,2071,1991],"tags":[3247,8251,8912,10741,10742,12079,12503,15575,18271],"class_list":["post-1251991","post","type-post","status-publish","format-standard","has-post-thumbnail","hentry","category-special","category-opinion-analisis-columnas","category-libertad-de-expresion","tag-adan-augusto-lopez-hernandez","tag-evelyn-salgado-pineda","tag-fredeuag","tag-jesus-ortega","tag-jesus-ortega-martinez","tag-los-chuchos","tag-maremagnum","tag-ricardo-castillo-barrientos","tag-yoshio-avila"],"_links":{"self":[{"href":"https:\/\/www.acapulcopress.com\/index.php\/wp-json\/wp\/v2\/posts\/1251991","targetHints":{"allow":["GET"]}}],"collection":[{"href":"https:\/\/www.acapulcopress.com\/index.php\/wp-json\/wp\/v2\/posts"}],"about":[{"href":"https:\/\/www.acapulcopress.com\/index.php\/wp-json\/wp\/v2\/types\/post"}],"author":[{"embeddable":true,"href":"https:\/\/www.acapulcopress.com\/index.php\/wp-json\/wp\/v2\/users\/2"}],"replies":[{"embeddable":true,"href":"https:\/\/www.acapulcopress.com\/index.php\/wp-json\/wp\/v2\/comments?post=1251991"}],"version-history":[{"count":0,"href":"https:\/\/www.acapulcopress.com\/index.php\/wp-json\/wp\/v2\/posts\/1251991\/revisions"}],"wp:featuredmedia":[{"embeddable":true,"href":"https:\/\/www.acapulcopress.com\/index.php\/wp-json\/"}],"wp:attachment":[{"href":"https:\/\/www.acapulcopress.com\/index.php\/wp-json\/wp\/v2\/media?parent=1251991"}],"wp:term":[{"taxonomy":"category","embeddable":true,"href":"https:\/\/www.acapulcopress.com\/index.php\/wp-json\/wp\/v2\/categories?post=1251991"},{"taxonomy":"post_tag","embeddable":true,"href":"https:\/\/www.acapulcopress.com\/index.php\/wp-json\/wp\/v2\/tags?post=1251991"}],"curies":[{"name":"wp","href":"https:\/\/api.w.org\/{rel}","templated":true}]}}