{"id":1252007,"date":"2023-03-21T21:06:34","date_gmt":"2023-03-22T03:06:34","guid":{"rendered":"https:\/\/www.acapulcopress.com\/?p=1252007"},"modified":"2023-03-21T21:06:34","modified_gmt":"2023-03-22T03:06:34","slug":"inauguro-evelyn-salgado-tercera-etapa-de-pavimentacion-del-camino-el-veladero-morelos","status":"publish","type":"post","link":"https:\/\/www.acapulcopress.com\/index.php\/2023\/03\/21\/inauguro-evelyn-salgado-tercera-etapa-de-pavimentacion-del-camino-el-veladero-morelos\/","title":{"rendered":"Inaugur\u00f3 Evelyn Salgado tercera etapa de pavimentaci\u00f3n del camino El Veladero\/Morelos"},"content":{"rendered":"<p style=\"text-align: justify;\"><em>* \u201cNo queremos que haya dos Acapulcos ni tres Acapulcos, ni cuatro Acapulcos. Aqu\u00ed debe haber un solo Acapulco, todos con los mismos derechos, todos los mismos servicios y con el mismo desarrollo\u201d, dijo<\/em><br \/>\n<strong><em>* Se invirtieron casi 10 MDP en beneficio de poco m\u00e1s de 5 mil habitantes<\/em><\/strong><br \/>\n<em>* Ofrecer\u00e1 una v\u00eda con dos carriles y una longitud de 1.08 kil\u00f3metros<\/em><br \/>\n<strong><em>*Permitir\u00e1 agilizar los traslados, acercar los servicios y mejorar el nivel de vida de la poblaci\u00f3n<\/em><\/strong><br \/>\n<em>* Gobernadora anuncia la continuaci\u00f3n de las siguientes etapas de la obra hasta lograr la conectividad con la colonia 24 de Octubre<\/em><\/p>\n<p><img loading=\"lazy\" decoding=\"async\" class=\"alignnone wp-image-1252016 \" src=\"https:\/\/www.acapulcopress.com\/wp-content\/uploads\/2023\/03\/esp.veladero9.jpg\" alt=\"\" width=\"696\" height=\"1033\" \/><\/p>\n<p style=\"text-align: justify;\">ACAPULCO * 21 de marzo de 2023.<br \/>\n<em>) Gobierno de Guerrero<\/em><br \/>\nEn un acto de justicia <img loading=\"lazy\" decoding=\"async\" class=\"alignleft size-medium wp-image-1252017\" src=\"https:\/\/www.acapulcopress.com\/wp-content\/uploads\/2023\/03\/esp.veladero10-375x279.jpg\" alt=\"\" width=\"375\" height=\"279\" \/>social, la gobernadora <a href=\"https:\/\/www.facebook.com\/EvelynSalgadoP\" target=\"_blank\" rel=\"noopener\">Evelyn Salgado Pineda<\/a> inaugur\u00f3 la tercera etapa de la pavimentaci\u00f3n del camino <em>Acapulco-El Veladero de Morelos,<\/em> en la que se invirtieron casi 10 millones de pesos y que beneficia a poco m\u00e1s de 5 mil habitantes.<\/p>\n<p style=\"text-align: justify;\">Con estas acciones se promueve la conectividad a trav\u00e9s de la construcci\u00f3n de una v\u00eda de dos carriles con una longitud de m\u00e1s de un kil\u00f3metro, lo que permitir\u00e1 acercar los servicios, agilizar los tiempos de traslado y mejorar el nivel de vida de la poblaci\u00f3n.<\/p>\n<p style=\"text-align: justify;\">\u201cYo estoy muy contenta de estar aqu\u00ed, de presenciar este momento en un lugar hist\u00f3rico y en un momento tambi\u00e9n hist\u00f3rico para este lugar, porque se le est\u00e1 haciendo justicia. Debe de existir la justicia social para nuestras comunidades y para nuestras colonias en todo <img loading=\"lazy\" decoding=\"async\" class=\"alignleft size-medium wp-image-1252014\" src=\"https:\/\/www.acapulcopress.com\/wp-content\/uploads\/2023\/03\/esp.veladero7-375x250.jpg\" alt=\"\" width=\"375\" height=\"250\" \/>Acapulco\u201d, expres\u00f3 la jefa del Ejecutivo estatal.<\/p>\n<p style=\"text-align: justify;\">En compa\u00f1\u00eda de habitantes de distintas colonias y comunidades de este municipio, la mandataria anunci\u00f3 que se dar\u00e1 continuidad a los 2.2 kil\u00f3metros restantes, hasta conectar con la colonia 24 de Octubre, lo que se realizar\u00e1 en una concurrencia de esfuerzos entre la <em><a href=\"https:\/\/www.facebook.com\/opdcicaeg2127\" target=\"_blank\" rel=\"noopener\">Comisi\u00f3n de Infraestructura Carretera y Aeroportuaria del Estado de Guerrero<\/a> (CICAEG)<\/em> y la <em>Secretar\u00eda de Desarrollo Urbano, Obras P\u00fablicas y Ordenamiento Territorial (SDUOPyOT)<\/em>.<\/p>\n<p style=\"text-align: justify;\">En su mensaje, la gobernadora destac\u00f3 la riqueza cultural e hist\u00f3rica de El Veladero, en donde acampaban las tropas del general Jos\u00e9 Mar\u00eda Morelos y Pav\u00f3n durante la Guerra de Independencia y lograron derrotar a las <em>Fuerzas Realistas<\/em> del teniente Juan Antonio <img loading=\"lazy\" decoding=\"async\" class=\"alignleft size-medium wp-image-1252015\" src=\"https:\/\/www.acapulcopress.com\/wp-content\/uploads\/2023\/03\/esp.veladero8-375x250.jpg\" alt=\"\" width=\"375\" height=\"250\" \/>Fuentes. Por ello la mandataria reafirm\u00f3 su compromiso de detonar el crecimiento y el desarrollo de todas estas comunidades, que son lugares hist\u00f3ricos, con gran relevancia.<\/p>\n<p style=\"text-align: justify;\">\u201cNo queremos que haya dos Acapulcos ni tres Acapulcos, ni cuatro Acapulcos. Aqu\u00ed debe haber un solo Acapulco, todos con los mismos derechos, todos los mismos servicios y con el mismo desarrollo. Es lo que nosotros queremos, que haya un solo Acapulco y por eso vamos a seguir luchando por nuestra querida zona rural, tambi\u00e9n por todas esas colonias que han sido olvidadas, para que sea un Acapulco pr\u00f3spero, un Acapulco con bienestar y con desarrollo\u201d, expres\u00f3.<\/p>\n<p style=\"text-align: justify;\">En su turno, el titular de <em>CICAEG<\/em>, Mart\u00edn Vega Gonz\u00e1lez, explic\u00f3 que esta obra tiene como <img loading=\"lazy\" decoding=\"async\" class=\"alignleft size-medium wp-image-1252008\" src=\"https:\/\/www.acapulcopress.com\/wp-content\/uploads\/2023\/03\/esp.veladero-375x245.jpg\" alt=\"\" width=\"375\" height=\"245\" \/>prop\u00f3sito el dotar de mejores vialidades a los habitantes de la zona, impulsar el desarrollo y promover un mejor nivel de vida para la poblaci\u00f3n. \u201cEs por eso amigos del Parque El Veladero, tengan por seguro que no los vamos a dejar solos, que seguiremos trabajando de la mano y que nuestra gobernadora seguir\u00e1 siendo una aliada para seguir impulsando la transformaci\u00f3n de nuestro estado\u201d, a\u00f1adi\u00f3.<\/p>\n<p style=\"text-align: justify;\">Explic\u00f3 que esta acci\u00f3n de infraestructura carretera tiene un ancho de siete metros de corona, se realizaron excavaciones en corto, obras de drenaje, bases, cunetas, sub-bases, carpeta asf\u00e1ltica de 5 cent\u00edmetros de espesor, as\u00ed como se\u00f1alamientos vertical y horizontal. El funcionario enfatiz\u00f3 que tal como lo instruy\u00f3 la gobernadora, se dar\u00e1 continuidad a la <img loading=\"lazy\" decoding=\"async\" class=\"alignleft size-medium wp-image-1252013\" src=\"https:\/\/www.acapulcopress.com\/wp-content\/uploads\/2023\/03\/esp.veladero6-375x250.jpg\" alt=\"\" width=\"375\" height=\"250\" \/>pavimentaci\u00f3n hasta lograr la conexi\u00f3n con la colonia 24 de Octubre.<\/p>\n<p style=\"text-align: justify;\">Tambi\u00e9n se cont\u00f3 con la participaci\u00f3n de la presidenta de la Junta de Coordinaci\u00f3n Pol\u00edtica del Congreso Local, la diputada <a href=\"https:\/\/www.facebook.com\/YoloczinDominguez\" target=\"_blank\" rel=\"noopener\">Yoloczin Dom\u00ednguez Serna<\/a>, quien reconoci\u00f3 el gran compromiso de la gobernadora para lograr que el estado de Guerrero camine hacia el desarrollo. \u201cPor eso, para esta comunidad y para estos colonos, para esta gente que habita en el Parque El Veladero era importante que se pudiera realizar una obra de tal magnitud para la seguridad y para la estabilidad de quienes diariamente transitan por esta v\u00eda\u201d, dijo.<\/p>\n<p style=\"text-align: justify;\">A nombre de los beneficiarios, el comisario de El Veladero, Mart\u00edn Garc\u00eda L\u00f3pez le dio las gracias a la gobernadora por todo su apoyo para hacer realidad esta obra, que ser\u00e1 de gran ayuda para el desarrollo de la comunidad y de las colonias aleda\u00f1as.<\/p>\n<p style=\"text-align: justify;\">Al evento asistieron habitantes de La Zanja, El Veladero, Villa Madero, Zapata, Laguna del Quemado, Lomas del Aire, La Laja y El Palmar, entre otros.<\/p>\n<p style=\"text-align: justify;\">Acompa\u00f1aron a la mandataria la habitante de la comunidad El Veladero, Susana Mariano Garc\u00eda, as\u00ed como los diputados locales <a href=\"https:\/\/www.facebook.com\/SoyJackoBadillo\" target=\"_blank\" rel=\"noopener\">Joaqu\u00edn Badillo<\/a>, <a href=\"https:\/\/www.facebook.com\/DiputadoMarcoTulioSanchez\" target=\"_blank\" rel=\"noopener\">Marco Tulio S\u00e1nchez Alarc\u00f3n<\/a>,<a href=\"https:\/\/www.facebook.com\/CitlaliCalixtoJimenez\" target=\"_blank\" rel=\"noopener\"> Gloria Citlali Calixto Jim\u00e9nez<\/a>, <a href=\"https:\/\/www.facebook.com\/SoyJulietaFernandez\" target=\"_blank\" rel=\"noopener\">Julieta Fern\u00e1ndez<\/a>, <a href=\"https:\/\/www.facebook.com\/profile.php?id=100063708536360\" target=\"_blank\" rel=\"noopener\">Estrella de la Paz Bernal<\/a>, <a href=\"https:\/\/www.facebook.com\/BeatrizMojicaM\" target=\"_blank\" rel=\"noopener\">Beatriz Mojica<\/a> y <a href=\"https:\/\/www.facebook.com\/JaGo2024Va\" target=\"_blank\" rel=\"noopener\">Jacinto Gonz\u00e1lez<\/a>, entre otros.<\/p>\n<p style=\"text-align: justify;\"><em>) S\u00edguenos en nuestra p\u00e1gina Facebook @<a href=\"https:\/\/www.facebook.com\/acapulcopress.news\" target=\"_blank\" rel=\"noopener\">acapulcopress.news<\/a><\/em><\/p>\n","protected":false},"excerpt":{"rendered":"<p>* \u201cNo queremos que haya dos Acapulcos ni tres Acapulcos, ni cuatro Acapulcos. Aqu\u00ed debe haber un solo Acapulco, todos con los mismos derechos, todos los mismos servicios y con el mismo desarrollo\u201d, dijo * Se invirtieron casi 10 MDP en beneficio de poco m\u00e1s de 5 mil habitantes * Ofrecer\u00e1 una v\u00eda con dos&#8230;<\/p>\n","protected":false},"author":2,"featured_media":1252025,"comment_status":"closed","ping_status":"closed","sticky":false,"template":"","format":"standard","meta":{"footnotes":""},"categories":[1972,1983,18561],"tags":[8251,12762,14254],"class_list":["post-1252007","post","type-post","status-publish","format-standard","has-post-thumbnail","hentry","category-special","category-guerrerogob","category-society-politics","tag-evelyn-salgado-pineda","tag-martin-vega-gonzalez","tag-parque-el-veladero"],"_links":{"self":[{"href":"https:\/\/www.acapulcopress.com\/index.php\/wp-json\/wp\/v2\/posts\/1252007","targetHints":{"allow":["GET"]}}],"collection":[{"href":"https:\/\/www.acapulcopress.com\/index.php\/wp-json\/wp\/v2\/posts"}],"about":[{"href":"https:\/\/www.acapulcopress.com\/index.php\/wp-json\/wp\/v2\/types\/post"}],"author":[{"embeddable":true,"href":"https:\/\/www.acapulcopress.com\/index.php\/wp-json\/wp\/v2\/users\/2"}],"replies":[{"embeddable":true,"href":"https:\/\/www.acapulcopress.com\/index.php\/wp-json\/wp\/v2\/comments?post=1252007"}],"version-history":[{"count":0,"href":"https:\/\/www.acapulcopress.com\/index.php\/wp-json\/wp\/v2\/posts\/1252007\/revisions"}],"wp:featuredmedia":[{"embeddable":true,"href":"https:\/\/www.acapulcopress.com\/index.php\/wp-json\/"}],"wp:attachment":[{"href":"https:\/\/www.acapulcopress.com\/index.php\/wp-json\/wp\/v2\/media?parent=1252007"}],"wp:term":[{"taxonomy":"category","embeddable":true,"href":"https:\/\/www.acapulcopress.com\/index.php\/wp-json\/wp\/v2\/categories?post=1252007"},{"taxonomy":"post_tag","embeddable":true,"href":"https:\/\/www.acapulcopress.com\/index.php\/wp-json\/wp\/v2\/tags?post=1252007"}],"curies":[{"name":"wp","href":"https:\/\/api.w.org\/{rel}","templated":true}]}}