{"id":1252032,"date":"2023-03-21T22:17:45","date_gmt":"2023-03-22T04:17:45","guid":{"rendered":"https:\/\/www.acapulcopress.com\/?p=1252032"},"modified":"2023-03-21T22:17:45","modified_gmt":"2023-03-22T04:17:45","slug":"no-entienden-en-el-pri-guerrero","status":"publish","type":"post","link":"https:\/\/www.acapulcopress.com\/index.php\/2023\/03\/21\/no-entienden-en-el-pri-guerrero\/","title":{"rendered":"No entienden en el PRI Guerrero"},"content":{"rendered":"<p style=\"text-align: justify;\">Un Rapid\u00edn<br \/>\n\u00bb <strong>\u00c1NGEL<\/strong> | <strong>IRRA CARCEDA<\/strong><br \/>\n\u00bb angelirracar@hotmail.com<br \/>\n<em>) Facebook @angel.irracarceda.7<\/em><br \/>\n<em>https:\/\/www.facebook.com\/<a href=\"https:\/\/www.facebook.com\/angel.irracarceda.7\" target=\"_blank\" rel=\"noopener\">angel.irracarceda.7<\/a><\/em><br \/>\n\u00c1ngel Irra Carceda, Un Rapid\u00edn,<\/p>\n<p style=\"text-align: justify;\">La senadora priista de la Rep\u00fablica, <a href=\"https:\/\/www.facebook.com\/RuizMassieu\" target=\"_blank\" rel=\"noopener\">Claudia Ruiz Salinas<\/a>, estuvo este martes en Chilpancingo como parte de un recorrido por todos los estados del pa\u00eds en su aspiraci\u00f3n de ser la candidata de la alianza PAN-PRI-PRD por la Presidencia de la Rep\u00fablica en la elecci\u00f3n del 2024.<\/p>\n<p style=\"text-align: justify;\">La presentaron ante un centenar de priistas y, adem\u00e1s, un grupo de periodistas. Estableci\u00f3 que esta alianza debe tener un sello ciudadano que sume voluntades, porque ning\u00fan partido de oposici\u00f3n, por s\u00ed solo, tiene la suficiente fuerza ni la confianza ciudadana para enfrentar \u201cuna elecci\u00f3n de Estado\u201d en el 2024.<\/p>\n<p style=\"text-align: justify;\">Y vaya que tiene raz\u00f3n. Se necesita eso y m\u00e1s para vencer la popularidad de <a href=\"https:\/\/www.facebook.com\/lopezobrador.org.mx\" target=\"_blank\" rel=\"noopener\">AMLO<\/a> y de Morena, que es un a marca fuerte porque, por si fuera poco, goza del respaldo de todo el aparato del gobierno federal y los de sus gobiernos estatales y municipales.<\/p>\n<p style=\"text-align: justify;\">Por eso creo que, en su aspiraci\u00f3n por la candidatura presidencial de la alianza, Claudia Ruiz deber\u00eda abrirse mucho m\u00e1s, primero, ante sus correligionarios, los priistas.<\/p>\n<p>La hija del extinto Jos\u00e9 Francisco Ruiz Massieu es, hasta ahora en el PRI, la \u00fanica aspirante a la candidatura presidencial que ha iniciado un recorrido por el pa\u00eds para posicionarse.<\/p>\n<p>Por lo mismo, y sin temor a equivocarme, creo que los priistas de Chilpancingo y los de la regi\u00f3n Centro del estado les habr\u00eda gustado verla, saludarla, tomarse con ella la foto del recuerdo, escuchar su propuesta.<\/p>\n<p style=\"text-align: justify;\">Muy poco ayuda a Claudia Ruiz que la encapsulen. La deben abrir, primero, ante la militancia.<\/p>\n<p style=\"text-align: justify;\">Hacer lo contrario, es alimentar el permanente calificativo que les endilgan desde Palacio Nacional, el de \u201cclasistas\u201d.<\/p>\n<p style=\"text-align: justify;\">Y si la propia Claudia Ruiz sostiene que la alianza debe tener un sello ciudadano, y ella anhela encabezarla como su candidata a la Presidencia de la Rep\u00fablica, entonces de plano no ser\u00eda mala idea presentarla ante la militancia priista y la sociedad, en general.<\/p>\n<p style=\"text-align: justify;\">O \u00bfqu\u00e9 opinar\u00e1n los priistas, sobre todo los de a pi\u00e9?<\/p>\n<p style=\"text-align: justify;\"><em>) S\u00edguenos en nuestra p\u00e1gina Facebook @<a href=\"https:\/\/www.facebook.com\/acapulcopress.news\" target=\"_blank\" rel=\"noopener\">acapulcopress.news<\/a><\/em><\/p>\n","protected":false},"excerpt":{"rendered":"<p>Un Rapid\u00edn \u00bb \u00c1NGEL | IRRA CARCEDA \u00bb angelirracar@hotmail.com ) Facebook @angel.irracarceda.7 https:\/\/www.facebook.com\/angel.irracarceda.7 \u00c1ngel Irra Carceda, Un Rapid\u00edn, La senadora priista de la Rep\u00fablica, Claudia Ruiz Salinas, estuvo este martes en Chilpancingo como parte de un recorrido por todos los estados del pa\u00eds en su aspiraci\u00f3n de ser la candidata de la alianza PAN-PRI-PRD por&#8230;<\/p>\n","protected":false},"author":2,"featured_media":1252035,"comment_status":"closed","ping_status":"closed","sticky":false,"template":"","format":"standard","meta":{"footnotes":""},"categories":[1972,2071,1991],"tags":[3938,5848,11021,14914,17511],"class_list":["post-1252032","post","type-post","status-publish","format-standard","has-post-thumbnail","hentry","category-special","category-opinion-analisis-columnas","category-libertad-de-expresion","tag-angel-irra-carceda","tag-claudia-ruiz-salinas","tag-jose-francisco-ruiz-massieu","tag-pri","tag-un-rapidin"],"_links":{"self":[{"href":"https:\/\/www.acapulcopress.com\/index.php\/wp-json\/wp\/v2\/posts\/1252032","targetHints":{"allow":["GET"]}}],"collection":[{"href":"https:\/\/www.acapulcopress.com\/index.php\/wp-json\/wp\/v2\/posts"}],"about":[{"href":"https:\/\/www.acapulcopress.com\/index.php\/wp-json\/wp\/v2\/types\/post"}],"author":[{"embeddable":true,"href":"https:\/\/www.acapulcopress.com\/index.php\/wp-json\/wp\/v2\/users\/2"}],"replies":[{"embeddable":true,"href":"https:\/\/www.acapulcopress.com\/index.php\/wp-json\/wp\/v2\/comments?post=1252032"}],"version-history":[{"count":0,"href":"https:\/\/www.acapulcopress.com\/index.php\/wp-json\/wp\/v2\/posts\/1252032\/revisions"}],"wp:featuredmedia":[{"embeddable":true,"href":"https:\/\/www.acapulcopress.com\/index.php\/wp-json\/"}],"wp:attachment":[{"href":"https:\/\/www.acapulcopress.com\/index.php\/wp-json\/wp\/v2\/media?parent=1252032"}],"wp:term":[{"taxonomy":"category","embeddable":true,"href":"https:\/\/www.acapulcopress.com\/index.php\/wp-json\/wp\/v2\/categories?post=1252032"},{"taxonomy":"post_tag","embeddable":true,"href":"https:\/\/www.acapulcopress.com\/index.php\/wp-json\/wp\/v2\/tags?post=1252032"}],"curies":[{"name":"wp","href":"https:\/\/api.w.org\/{rel}","templated":true}]}}