{"id":1252046,"date":"2023-03-21T23:58:12","date_gmt":"2023-03-22T05:58:12","guid":{"rendered":"https:\/\/www.acapulcopress.com\/?p=1252046"},"modified":"2023-03-21T23:58:12","modified_gmt":"2023-03-22T05:58:12","slug":"en-guerrero-no-se-dialoga-ni-pacta-con-ningun-grupo-fuera-de-la-ley-evelyn","status":"publish","type":"post","link":"https:\/\/www.acapulcopress.com\/index.php\/2023\/03\/21\/en-guerrero-no-se-dialoga-ni-pacta-con-ningun-grupo-fuera-de-la-ley-evelyn\/","title":{"rendered":"En Guerrero no se dialoga ni pacta con ning\u00fan grupo fuera de la ley | #Evelyn"},"content":{"rendered":"<p style=\"text-align: justify;\">CHILPANCINGO * 21 de marzo de 2023.<br \/>\n<em>) Gobierno de Guerrero<\/em><br \/>\nAl encabezar la sesi\u00f3n de la Mesa de Coordinaci\u00f3n para la Construcci\u00f3n de la Paz, la gobernadora <a href=\"https:\/\/www.acapulcopress.com\/society-politics\/goverment\/guerrerogob\/gobierno-del-estado-pinto-pasos-peatonales-del-bulevard-de-las-naciones\/\" target=\"_blank\" rel=\"noopener\">Evelyn Salgado Pineda<\/a> reiter\u00f3 que en Guerrero no se pacta ni se negocia con ning\u00fan grupo fuera de la ley y se trabaja por la seguridad y tranquilidad de los guerrerenses, principalmente en la Tierra Caliente y la Sierra.<\/p>\n<p style=\"text-align: justify;\">La mandataria estatal se\u00f1al\u00f3 que hoy la gente est\u00e1 reconociendo que, como nunca antes desde hace muchos a\u00f1os, se le est\u00e1 haciendo frente a todos los grupos que estaban lastimando a la gente m\u00e1s pobre de la Tierra Caliente, de la Sierra y sus comunidades.<\/p>\n<p style=\"text-align: justify;\">\u00abEsta Mesa de Coordinaci\u00f3n y todos los que la conformamos no vamos a permitir que la violencia contin\u00fae. Nuestro compromiso est\u00e1 m\u00e1s firme que nunca, el de la gobernadora, el de las fuerzas militares y fuerzas civiles\u00bb, se\u00f1al\u00f3 Evelyn Salgado y puntualiz\u00f3 que con los grupos criminales no se va a dialogar ni conciliar, pues hay un combate frontal.<\/p>\n<p style=\"text-align: justify;\">La gobernadora Evelyn Salgado reconoci\u00f3 el apoyo de la Secretar\u00eda de la Defensa Nacional y de todas las instituciones que participan en la seguridad de las comunidades de la Sierra, as\u00ed mismo la titular del ejecutivo estatal y los integrantes de la Mesa de Coordinaci\u00f3n para la Construcci\u00f3n de la Paz, se\u00f1alaron que no se va a intimidar a ninguna instituci\u00f3n y se combatir\u00e1 con m\u00e1s fuerza a los generadores de violencia y la corrupci\u00f3n con el compromiso de proteger a la poblaci\u00f3n.<\/p>\n<p style=\"text-align: justify;\">Por su parte, la Fiscal\u00eda General del Estado, inform\u00f3 de las acciones y resultados logrados durante este fin de semana, as\u00ed como el seguimiento al enfrentamiento en la comunidad de \u00abEl Pescado\u00bb, en regi\u00f3n Tierra Caliente de Guerrero.<\/p>\n<p style=\"text-align: justify;\">Por su parte, la Secretar\u00eda de Seguridad P\u00fablica, inform\u00f3 de los resultados de los operativos durante este fin de semana largo que dej\u00f3 saldo blanco en el tema de la afluencia tur\u00edstica en los destinos de Guerrero y principalmente carreteras transitadas por los visitantes.<\/p>\n<p style=\"text-align: justify;\">Adem\u00e1s, se inform\u00f3 de la detenci\u00f3n de 40 personas por diversos delitos en distintos puntos y municipios del estado, as\u00ed como al recuperaci\u00f3n y aseguramiento de 29 veh\u00edculos, armamento, estupefacientes, as\u00ed como diversos objetivos utilizados en la comisi\u00f3n\u00a0de\u00a0delitos.<\/p>\n<p style=\"text-align: justify;\"><em>) S\u00edguenos en nuestra p\u00e1gina Facebook @<a href=\"https:\/\/www.facebook.com\/acapulcopress.news\" target=\"_blank\" rel=\"noopener\">acapulcopress.news<\/a><\/em><\/p>\n","protected":false},"excerpt":{"rendered":"<p>CHILPANCINGO * 21 de marzo de 2023. ) Gobierno de Guerrero Al encabezar la sesi\u00f3n de la Mesa de Coordinaci\u00f3n para la Construcci\u00f3n de la Paz, la gobernadora Evelyn Salgado Pineda reiter\u00f3 que en Guerrero no se pacta ni se negocia con ning\u00fan grupo fuera de la ley y se trabaja por la seguridad y&#8230;<\/p>\n","protected":false},"author":2,"featured_media":1252047,"comment_status":"closed","ping_status":"closed","sticky":false,"template":"","format":"standard","meta":{"footnotes":""},"categories":[1983,18561],"tags":[8251,9302,12964],"class_list":["post-1252046","post","type-post","status-publish","format-standard","has-post-thumbnail","hentry","category-guerrerogob","category-society-politics","tag-evelyn-salgado-pineda","tag-gobierno-de-guerrero","tag-mesa-de-coordinacion-para-la-construccion-de-la-paz"],"_links":{"self":[{"href":"https:\/\/www.acapulcopress.com\/index.php\/wp-json\/wp\/v2\/posts\/1252046","targetHints":{"allow":["GET"]}}],"collection":[{"href":"https:\/\/www.acapulcopress.com\/index.php\/wp-json\/wp\/v2\/posts"}],"about":[{"href":"https:\/\/www.acapulcopress.com\/index.php\/wp-json\/wp\/v2\/types\/post"}],"author":[{"embeddable":true,"href":"https:\/\/www.acapulcopress.com\/index.php\/wp-json\/wp\/v2\/users\/2"}],"replies":[{"embeddable":true,"href":"https:\/\/www.acapulcopress.com\/index.php\/wp-json\/wp\/v2\/comments?post=1252046"}],"version-history":[{"count":0,"href":"https:\/\/www.acapulcopress.com\/index.php\/wp-json\/wp\/v2\/posts\/1252046\/revisions"}],"wp:featuredmedia":[{"embeddable":true,"href":"https:\/\/www.acapulcopress.com\/index.php\/wp-json\/"}],"wp:attachment":[{"href":"https:\/\/www.acapulcopress.com\/index.php\/wp-json\/wp\/v2\/media?parent=1252046"}],"wp:term":[{"taxonomy":"category","embeddable":true,"href":"https:\/\/www.acapulcopress.com\/index.php\/wp-json\/wp\/v2\/categories?post=1252046"},{"taxonomy":"post_tag","embeddable":true,"href":"https:\/\/www.acapulcopress.com\/index.php\/wp-json\/wp\/v2\/tags?post=1252046"}],"curies":[{"name":"wp","href":"https:\/\/api.w.org\/{rel}","templated":true}]}}