{"id":1252049,"date":"2023-03-22T18:03:23","date_gmt":"2023-03-23T00:03:23","guid":{"rendered":"https:\/\/www.acapulcopress.com\/?p=1252049"},"modified":"2023-03-22T18:03:23","modified_gmt":"2023-03-23T00:03:23","slug":"cobertura-de-agua-de-guerrero-es-del-88-6","status":"publish","type":"post","link":"https:\/\/www.acapulcopress.com\/index.php\/2023\/03\/22\/cobertura-de-agua-de-guerrero-es-del-88-6\/","title":{"rendered":"Cobertura de agua de Guerrero es del 88.6%"},"content":{"rendered":"<p style=\"text-align: justify;\">CHILPANCINGO * 22 de marzo de 2023.<br \/>\n<em>) CAPASEG<\/em><br \/>\nCon un llamado a hacer conciencia para cuidar, conservar y aprovechar el recurso vital, el <img loading=\"lazy\" decoding=\"async\" class=\"alignleft size-medium wp-image-1252052\" src=\"https:\/\/www.acapulcopress.com\/wp-content\/uploads\/2023\/03\/diamundilaagua3-375x281.jpg\" alt=\"\" width=\"375\" height=\"281\" \/>gobierno estatal a trav\u00e9s de la <a href=\"https:\/\/www.facebook.com\/profile.php?id=100069316415319\" target=\"_blank\" rel=\"noopener\">Comisi\u00f3n de Agua Potable, Alcantarillado y Saneamiento del Estado de Guerrero<\/a> (CAPASEG), particip\u00f3 en la conmemoraci\u00f3n del D\u00eda Mundial del Agua 2023 \u201cAcelerar el Cambio\u201d, en la plaza c\u00edvica Primer Congreso de An\u00e1huac de Chilpancingo, con actividades educativas ambientales, en coordinaci\u00f3n con el gobierno municipal de la capital y se inform\u00f3 que la cobertura estatal del agua potable en Guerrero es del 88.6% y del 86.6% en drenaje sanitario.<\/p>\n<p style=\"text-align: justify;\">En representaci\u00f3n de la gobernadora, <a href=\"https:\/\/www.facebook.com\/EvelynSalgadoP\" target=\"_blank\" rel=\"noopener\">Evelyn Salgado Pineda<\/a>, el director general de la CAPASEG, Facundo Gast\u00e9lum F\u00e9lix, particip\u00f3 en el evento que se llev\u00f3 a cabo en el z\u00f3calo de la capital del estado, donde se realiz\u00f3 un evento simb\u00f3lico conmemorativo en coordinaci\u00f3n con autoridades municipales y se instal\u00f3 el domo interactivo de la CAPASEG <img loading=\"lazy\" decoding=\"async\" class=\"alignleft size-medium wp-image-1252054\" src=\"https:\/\/www.acapulcopress.com\/wp-content\/uploads\/2023\/03\/diamundilaagua5-375x347.jpg\" alt=\"\" width=\"375\" height=\"347\" \/>para efectuar actividades educativas, recreativas y l\u00fadicas de conciencia ambiental, cuidado y protecci\u00f3n el agua.<\/p>\n<p style=\"text-align: justify;\">En su intervenci\u00f3n durante el evento, Gast\u00e9lum F\u00e9lix, record\u00f3 que el 22 de marzo se celebra el D\u00eda Mundial del Agua, instaurado as\u00ed por la ONU desde el a\u00f1o 1193, y se\u00f1al\u00f3 que esta fecha es de suma importancia para tomar conciencia dado que el progresivo incremento de la demanda de agua ha llevado a sobreexplotar las fuentes subterr\u00e1neas y superficiales, lo que ha generado una imperiosa necesidad de gestionar los recursos de manera m\u00e1s responsable y eficiente, y buscar la implementaci\u00f3n de pol\u00edticas y acciones de protecci\u00f3n del l\u00edquido vital y evitar la contaminaci\u00f3n ambiental.<\/p>\n<p style=\"text-align: justify;\">El titular de la CAPASEG se\u00f1al\u00f3 que una de las tareas de los gobiernos de todos los niveles, es lograr una buena sinergia con la sociedad, fomentando tareas y acciones que estimulen <img loading=\"lazy\" decoding=\"async\" class=\"alignleft size-medium wp-image-1252053\" src=\"https:\/\/www.acapulcopress.com\/wp-content\/uploads\/2023\/03\/diamundilaagua4-375x281.jpg\" alt=\"\" width=\"375\" height=\"281\" \/>las buenas pr\u00e1cticas desde el aspecto de una buena administraci\u00f3n de los recursos y con una perspectiva ambiental clara, como el consumo responsable del recurso, el pago oportuno y en general la adecuada gesti\u00f3n integral del agua, buscando la responsabilidad social de los usuarios y de todos los niveles y sectores productivos.<\/p>\n<p style=\"text-align: justify;\">Indic\u00f3 que el Organismo a su cargo tiene tambi\u00e9n muy clara su funci\u00f3n de trabajar en coordinaci\u00f3n y apoyo a los municipios y la poblaci\u00f3n guerrerense, dado que las coberturas de agua y drenaje deben aumentarse, lo cual es una instrucci\u00f3n de la gobernadora, Evelyn Salgado Pineda, por lo que se est\u00e1 trabajando en coordinaci\u00f3n con municipios y gobierno federal para lograr que m\u00e1s localidades tengan agua y drenaje, principalmente en las zonas m\u00e1s vulnerables como es la <img loading=\"lazy\" decoding=\"async\" class=\"alignleft size-medium wp-image-1252050\" src=\"https:\/\/www.acapulcopress.com\/wp-content\/uploads\/2023\/03\/diamundilaagua-375x281.jpg\" alt=\"\" width=\"375\" height=\"281\" \/>regi\u00f3n de la Monta\u00f1a y la zona Norte, donde existen a\u00fan mayores retos para proveer los servicios.<\/p>\n<p style=\"text-align: justify;\">Por su parte, la presienta municipal de Chilpancingo, <a href=\"https:\/\/www.facebook.com\/NormaOtiliaHernandez\" target=\"_blank\" rel=\"noopener\">Norma Otilia Hern\u00e1ndez Mart\u00ednez<\/a>, agradeci\u00f3 el apoyo de la gobernadora, subrayando que ha apoyado e impulsado obras de agua y proyectos de saneamiento como es un humedal rural y el relleno sanitario de Chilpancingo, lo cual ayudar\u00e1 en gran medida a la conservaci\u00f3n del agua y el\u00a0medio\u00a0ambiente.<\/p>\n<p style=\"text-align: justify;\"><em>) S\u00edguenos en nuestra p\u00e1gina Facebook @<a href=\"https:\/\/www.facebook.com\/acapulcopress.news\" target=\"_blank\" rel=\"noopener\">acapulcopress.news<\/a><\/em><\/p>\n","protected":false},"excerpt":{"rendered":"<p>CHILPANCINGO * 22 de marzo de 2023. ) CAPASEG Con un llamado a hacer conciencia para cuidar, conservar y aprovechar el recurso vital, el gobierno estatal a trav\u00e9s de la Comisi\u00f3n de Agua Potable, Alcantarillado y Saneamiento del Estado de Guerrero (CAPASEG), particip\u00f3 en la conmemoraci\u00f3n del D\u00eda Mundial del Agua 2023 \u201cAcelerar el Cambio\u201d,&#8230;<\/p>\n","protected":false},"author":2,"featured_media":1252051,"comment_status":"closed","ping_status":"closed","sticky":false,"template":"","format":"standard","meta":{"footnotes":""},"categories":[1997],"tags":[3384,6070,7240,8251],"class_list":["post-1252049","post","type-post","status-publish","format-standard","has-post-thumbnail","hentry","category-noticias-destacadas","tag-agua-portabke","tag-comision-de-agua-potable-alcantarillado-y-saneamiento-del-estado-de-guerrero-capaseg","tag-dia-mundial-del-agua-2023","tag-evelyn-salgado-pineda"],"_links":{"self":[{"href":"https:\/\/www.acapulcopress.com\/index.php\/wp-json\/wp\/v2\/posts\/1252049","targetHints":{"allow":["GET"]}}],"collection":[{"href":"https:\/\/www.acapulcopress.com\/index.php\/wp-json\/wp\/v2\/posts"}],"about":[{"href":"https:\/\/www.acapulcopress.com\/index.php\/wp-json\/wp\/v2\/types\/post"}],"author":[{"embeddable":true,"href":"https:\/\/www.acapulcopress.com\/index.php\/wp-json\/wp\/v2\/users\/2"}],"replies":[{"embeddable":true,"href":"https:\/\/www.acapulcopress.com\/index.php\/wp-json\/wp\/v2\/comments?post=1252049"}],"version-history":[{"count":0,"href":"https:\/\/www.acapulcopress.com\/index.php\/wp-json\/wp\/v2\/posts\/1252049\/revisions"}],"wp:featuredmedia":[{"embeddable":true,"href":"https:\/\/www.acapulcopress.com\/index.php\/wp-json\/"}],"wp:attachment":[{"href":"https:\/\/www.acapulcopress.com\/index.php\/wp-json\/wp\/v2\/media?parent=1252049"}],"wp:term":[{"taxonomy":"category","embeddable":true,"href":"https:\/\/www.acapulcopress.com\/index.php\/wp-json\/wp\/v2\/categories?post=1252049"},{"taxonomy":"post_tag","embeddable":true,"href":"https:\/\/www.acapulcopress.com\/index.php\/wp-json\/wp\/v2\/tags?post=1252049"}],"curies":[{"name":"wp","href":"https:\/\/api.w.org\/{rel}","templated":true}]}}