{"id":1252063,"date":"2023-03-22T18:35:41","date_gmt":"2023-03-23T00:35:41","guid":{"rendered":"https:\/\/www.acapulcopress.com\/?p=1252063"},"modified":"2023-03-22T18:35:41","modified_gmt":"2023-03-23T00:35:41","slug":"secretario-de-educacion-inauguro-jornada-del-dia-mundial-del-agua","status":"publish","type":"post","link":"https:\/\/www.acapulcopress.com\/index.php\/2023\/03\/22\/secretario-de-educacion-inauguro-jornada-del-dia-mundial-del-agua\/","title":{"rendered":"Secretario de Educaci\u00f3n inaugur\u00f3 jornada del D\u00eda Mundial del Agua"},"content":{"rendered":"<p style=\"text-align: justify;\">CHILPANCINGO * 22 de marzo de 2023.<br \/>\n<em>) SEG<\/em><br \/>\n<img loading=\"lazy\" decoding=\"async\" class=\"alignleft size-medium wp-image-1252058\" src=\"https:\/\/www.acapulcopress.com\/wp-content\/uploads\/2023\/03\/MARCIAL-AGUA2-375x352.jpg\" alt=\"\" width=\"375\" height=\"352\" \/>El titular de la <a href=\"https:\/\/www.facebook.com\/EducacionGuerrero\" target=\"_blank\" rel=\"noopener\">Secretar\u00eda de Educaci\u00f3n<\/a> en Guerrero, <a href=\"https:\/\/www.facebook.com\/MarcialRodriguezS\" target=\"_blank\" rel=\"noopener\">Marcial Rodr\u00edguez Salda\u00f1a<\/a>, inaugur\u00f3 una jornada de actividades con motivo de la celebraci\u00f3n del <em>D\u00eda Mundial del Agua<\/em>, a la cual asistieron cientos de ni\u00f1as, ni\u00f1os, adolescentes y docentes de distintos niveles educativos, las cuales consisten en la transmisi\u00f3n de videos, elaboraci\u00f3n de materiales, conferencias, y el pr\u00f3ximo s\u00e1bado se realizar\u00e1 una jornada de limpieza en el R\u00edo Huacapa de esta ciudad.<\/p>\n<p style=\"text-align: justify;\">Rodr\u00edguez Salda\u00f1a expres\u00f3 que la gobernadora <a href=\"https:\/\/www.facebook.com\/EvelynSalgadoP\" target=\"_blank\" rel=\"noopener\">Evelyn Salgado Pineda<\/a> impulsa una cultura del cuidado del agua, de conservaci\u00f3n y regeneraci\u00f3n del medio ambiente; as\u00ed mismo, exhort\u00f3 a todo el sector educativo a promover una cultura ecol\u00f3gica para heredar un mejor medio ambiente a las futuras generaciones.<\/p>\n<p style=\"text-align: justify;\">Asistieron al evento \u00c1ngel Almaz\u00e1n Ju\u00e1rez, secretario de Medio Ambiente y Recursos <img loading=\"lazy\" decoding=\"async\" class=\"alignleft size-medium wp-image-1252056\" src=\"https:\/\/www.acapulcopress.com\/wp-content\/uploads\/2023\/03\/MARCIAL-AGUA-3-375x389.jpg\" alt=\"\" width=\"375\" height=\"389\" \/>Naturales, en representaci\u00f3n de la gobernadora, Evelyn Salgado Pineda; Roberto Arroyo Matus, secretario de Gesti\u00f3n Integral de Riesgos y Protecci\u00f3n Civil; Ricardo Castillo Pe\u00f1a, subsecretario de Educaci\u00f3n B\u00e1sica; \u00c1ngela Memije Alarc\u00f3n, jefa del Departamento de Investigaci\u00f3n e Innovaci\u00f3n Educativa; Francisco Erwin Y\u00e1\u00f1ez, Coronel de Zapadores, en representaci\u00f3n de la 35 Zona Militar; Edgardo Solis Carmona, director de la Facultad de Ingieneria y servidores p\u00fablicos estatales y municipales.<\/p>\n<p><img loading=\"lazy\" decoding=\"async\" class=\"alignnone wp-image-1252059 size-large\" src=\"https:\/\/www.acapulcopress.com\/wp-content\/uploads\/2023\/03\/MARCIAL.AGUA_-840x400.jpg\" alt=\"\" width=\"696\" height=\"331\" \/><\/p>\n<p style=\"text-align: justify;\"><em>) S\u00edguenos en nuestra p\u00e1gina Facebook @<a href=\"https:\/\/www.facebook.com\/acapulcopress.news\" target=\"_blank\" rel=\"noopener\">acapulcopress.news<\/a><\/em><\/p>\n","protected":false},"excerpt":{"rendered":"<p>CHILPANCINGO * 22 de marzo de 2023. ) SEG El titular de la Secretar\u00eda de Educaci\u00f3n en Guerrero, Marcial Rodr\u00edguez Salda\u00f1a, inaugur\u00f3 una jornada de actividades con motivo de la celebraci\u00f3n del D\u00eda Mundial del Agua, a la cual asistieron cientos de ni\u00f1as, ni\u00f1os, adolescentes y docentes de distintos niveles educativos, las cuales consisten en&#8230;<\/p>\n","protected":false},"author":2,"featured_media":1252057,"comment_status":"closed","ping_status":"closed","sticky":false,"template":"","format":"standard","meta":{"footnotes":""},"categories":[18561,2081],"tags":[7239,12457,16169],"class_list":["post-1252063","post","type-post","status-publish","format-standard","has-post-thumbnail","hentry","category-society-politics","category-seg","tag-dia-mundial-del-agua","tag-marcial-rodriguez-saldana","tag-secretaria-de-educacion-guerrero-seg"],"_links":{"self":[{"href":"https:\/\/www.acapulcopress.com\/index.php\/wp-json\/wp\/v2\/posts\/1252063","targetHints":{"allow":["GET"]}}],"collection":[{"href":"https:\/\/www.acapulcopress.com\/index.php\/wp-json\/wp\/v2\/posts"}],"about":[{"href":"https:\/\/www.acapulcopress.com\/index.php\/wp-json\/wp\/v2\/types\/post"}],"author":[{"embeddable":true,"href":"https:\/\/www.acapulcopress.com\/index.php\/wp-json\/wp\/v2\/users\/2"}],"replies":[{"embeddable":true,"href":"https:\/\/www.acapulcopress.com\/index.php\/wp-json\/wp\/v2\/comments?post=1252063"}],"version-history":[{"count":0,"href":"https:\/\/www.acapulcopress.com\/index.php\/wp-json\/wp\/v2\/posts\/1252063\/revisions"}],"wp:featuredmedia":[{"embeddable":true,"href":"https:\/\/www.acapulcopress.com\/index.php\/wp-json\/"}],"wp:attachment":[{"href":"https:\/\/www.acapulcopress.com\/index.php\/wp-json\/wp\/v2\/media?parent=1252063"}],"wp:term":[{"taxonomy":"category","embeddable":true,"href":"https:\/\/www.acapulcopress.com\/index.php\/wp-json\/wp\/v2\/categories?post=1252063"},{"taxonomy":"post_tag","embeddable":true,"href":"https:\/\/www.acapulcopress.com\/index.php\/wp-json\/wp\/v2\/tags?post=1252063"}],"curies":[{"name":"wp","href":"https:\/\/api.w.org\/{rel}","templated":true}]}}