{"id":1252067,"date":"2023-03-22T10:44:40","date_gmt":"2023-03-22T16:44:40","guid":{"rendered":"https:\/\/www.acapulcopress.com\/?p=1252067"},"modified":"2023-03-22T10:44:40","modified_gmt":"2023-03-22T16:44:40","slug":"restablece-titular-de-la-seg-mesa-de-dialogo-con-la-ceteg","status":"publish","type":"post","link":"https:\/\/www.acapulcopress.com\/index.php\/2023\/03\/22\/restablece-titular-de-la-seg-mesa-de-dialogo-con-la-ceteg\/","title":{"rendered":"Restablece titular de la SEG mesa de di\u00e1logo con la CETEG"},"content":{"rendered":"<p style=\"text-align: justify;\">CHILPANCINGO * 22 de marzo de 2023.<br \/>\n<em>) SEG<\/em><br \/>\nEl Secretario de Educaci\u00f3n en Guerrero, <a href=\"https:\/\/www.facebook.com\/MarcialRodriguezS\" target=\"_blank\" rel=\"noopener\">Marcial Rodr\u00edguez Salda\u00f1a<\/a>, sostuvo una reuni\u00f3n de <img loading=\"lazy\" decoding=\"async\" class=\"alignleft size-medium wp-image-1252068\" src=\"https:\/\/www.acapulcopress.com\/wp-content\/uploads\/2023\/03\/SEG.CETEG_-375x210.jpg\" alt=\"\" width=\"375\" height=\"210\" \/>trabajo con representantes de la <em>Coordinadora Estatal de Trabajadores de la Educaci\u00f3n de Guerrero (<a href=\"https:\/\/www.facebook.com\/CNTE.CETEG\" target=\"_blank\" rel=\"noopener\">CETEG<\/a>)<\/em>, con quienes reinstal\u00f3 una mesa de di\u00e1logo y acuerdos sobre la re categorizaci\u00f3n de los 918 docentes de claves bajas.<\/p>\n<p style=\"text-align: justify;\">Rodr\u00edguez Salda\u00f1a manifest\u00f3 que la indicaci\u00f3n de la gobernadora <a href=\"https:\/\/www.facebook.com\/EvelynSalgadoP\" target=\"_blank\" rel=\"noopener\">Evelyn Salgado Pineda<\/a> es la de atender con respeto a todas y todos los integrantes del sector educativo &#8211; trabajadoras\/es, docentes, estudiantes, madres y padres de familia- y concentrarse fundamentalmente en elevar los indicadores educativos en la entidad.<\/p>\n<p style=\"text-align: justify;\"><em>) S\u00edguenos en nuestra p\u00e1gina Facebook @<a href=\"https:\/\/www.facebook.com\/acapulcopress.news\" target=\"_blank\" rel=\"noopener\">acapulcopress.news<\/a><\/em><\/p>\n","protected":false},"excerpt":{"rendered":"<p>CHILPANCINGO * 22 de marzo de 2023. ) SEG El Secretario de Educaci\u00f3n en Guerrero, Marcial Rodr\u00edguez Salda\u00f1a, sostuvo una reuni\u00f3n de trabajo con representantes de la Coordinadora Estatal de Trabajadores de la Educaci\u00f3n de Guerrero (CETEG), con quienes reinstal\u00f3 una mesa de di\u00e1logo y acuerdos sobre la re categorizaci\u00f3n de los 918 docentes de&#8230;<\/p>\n","protected":false},"author":2,"featured_media":1252069,"comment_status":"closed","ping_status":"closed","sticky":false,"template":"","format":"standard","meta":{"footnotes":""},"categories":[18561,2081],"tags":[6586,8251,12457,16362],"class_list":["post-1252067","post","type-post","status-publish","format-standard","has-post-thumbnail","hentry","category-society-politics","category-seg","tag-coordinadora-estatal-de-trabajadores-de-la-educacion-de-guerrero-ceteg","tag-evelyn-salgado-pineda","tag-marcial-rodriguez-saldana","tag-seg"],"_links":{"self":[{"href":"https:\/\/www.acapulcopress.com\/index.php\/wp-json\/wp\/v2\/posts\/1252067","targetHints":{"allow":["GET"]}}],"collection":[{"href":"https:\/\/www.acapulcopress.com\/index.php\/wp-json\/wp\/v2\/posts"}],"about":[{"href":"https:\/\/www.acapulcopress.com\/index.php\/wp-json\/wp\/v2\/types\/post"}],"author":[{"embeddable":true,"href":"https:\/\/www.acapulcopress.com\/index.php\/wp-json\/wp\/v2\/users\/2"}],"replies":[{"embeddable":true,"href":"https:\/\/www.acapulcopress.com\/index.php\/wp-json\/wp\/v2\/comments?post=1252067"}],"version-history":[{"count":0,"href":"https:\/\/www.acapulcopress.com\/index.php\/wp-json\/wp\/v2\/posts\/1252067\/revisions"}],"wp:featuredmedia":[{"embeddable":true,"href":"https:\/\/www.acapulcopress.com\/index.php\/wp-json\/"}],"wp:attachment":[{"href":"https:\/\/www.acapulcopress.com\/index.php\/wp-json\/wp\/v2\/media?parent=1252067"}],"wp:term":[{"taxonomy":"category","embeddable":true,"href":"https:\/\/www.acapulcopress.com\/index.php\/wp-json\/wp\/v2\/categories?post=1252067"},{"taxonomy":"post_tag","embeddable":true,"href":"https:\/\/www.acapulcopress.com\/index.php\/wp-json\/wp\/v2\/tags?post=1252067"}],"curies":[{"name":"wp","href":"https:\/\/api.w.org\/{rel}","templated":true}]}}