{"id":1252072,"date":"2023-03-22T19:17:01","date_gmt":"2023-03-23T01:17:01","guid":{"rendered":"https:\/\/www.acapulcopress.com\/?p=1252072"},"modified":"2023-03-22T19:17:01","modified_gmt":"2023-03-23T01:17:01","slug":"guerrero-y-oaxaca-fortaleceran-labores-conjuntas-de-seguridad","status":"publish","type":"post","link":"https:\/\/www.acapulcopress.com\/index.php\/2023\/03\/22\/guerrero-y-oaxaca-fortaleceran-labores-conjuntas-de-seguridad\/","title":{"rendered":"Guerrero y Oaxaca fortalecer\u00e1n labores conjuntas de seguridad"},"content":{"rendered":"<p style=\"text-align: justify;\">OAXACA * 22 de marzo de 2023.<br \/>\n<em>) Gobierno de Guerrero<\/em><br \/>\n<img loading=\"lazy\" decoding=\"async\" class=\"alignleft size-medium wp-image-1252078\" src=\"https:\/\/www.acapulcopress.com\/wp-content\/uploads\/2023\/03\/esp.oaxaca5-375x563.jpg\" alt=\"\" width=\"375\" height=\"563\" \/>La gobernadora<a href=\"https:\/\/www.facebook.com\/EvelynSalgadoP\" target=\"_blank\" rel=\"noopener\"> Evelyn Salgado Pineda<\/a> asisti\u00f3 a la cuarta sesi\u00f3n extraordinaria del Consejo Nacional de Seguridad P\u00fablica, donde se aprobaron acuerdos para fortalecer a las polic\u00edas estatales y municipales para reforzar las labores de seguridad, con uno de los temas prioritarios para garantizar la paz de las familias mexicanas y guerrerense.<\/p>\n<p style=\"text-align: justify;\">En la sesi\u00f3n de trabajo se resalt\u00f3 la importancia de brindar herramientas y capacitaciones a las corporaciones de seguridad en las entidades y municipios con recursos adicionales de los fondos de aportaciones federales a efecto de reforzar sus capacidades en las tareas diarias de protecci\u00f3n a la poblaci\u00f3n.<\/p>\n<p style=\"text-align: justify;\">Con la presencia del Gabinete de Seguridad Nacional, las gobernadoras y gobernadores del pa\u00eds sesionaron en el estado de Oaxaca, entre ellos la mandataria guerrerense Evelyn Salgado quien reiter\u00f3 su compromiso de trabajo conjunto con las fuerzas federales y entidades vecinas de Guerrero para reducir los \u00edndices delictivos y mejorar las condiciones de vida de los habitantes.<\/p>\n<p style=\"text-align: justify;\">La reuni\u00f3n de trabajo fue presidida por el secretario de Gobernaci\u00f3n, <a href=\"https:\/\/www.facebook.com\/AdanAugustoLopezHdz\" target=\"_blank\" rel=\"noopener\">Ad\u00e1n Augusto L\u00f3pez<\/a>; la secretaria de Seguridad y Protecci\u00f3n Ciudadana, <a href=\"https:\/\/www.facebook.com\/rosaicelarodriguezvelazquez\" target=\"_blank\" rel=\"noopener\">Rosa Icela Rodr\u00edguez<\/a>; el secretario de Marina, Jos\u00e9 Rafael Ojeda Dur\u00e1n; el secretario de la Defensa Nacional, Luis Cresencio Sandoval, y la titular del Secretariado Ejecutivo del Sistema Nacional de Seguridad P\u00fablica, <a href=\"https:\/\/www.facebook.com\/ClaraLuzFlores\" target=\"_blank\" rel=\"noopener\">Clara Luz Flores Carrales<\/a>.<\/p>\n\n<p style=\"text-align: justify;\"><em>) S\u00edguenos en nuestra p\u00e1gina Facebook @<a href=\"https:\/\/www.facebook.com\/acapulcopress.news\" target=\"_blank\" rel=\"noopener\">acapulcopress.news<\/a><\/em><\/p>\n","protected":false},"excerpt":{"rendered":"<p>OAXACA * 22 de marzo de 2023. ) Gobierno de Guerrero La gobernadora Evelyn Salgado Pineda asisti\u00f3 a la cuarta sesi\u00f3n extraordinaria del Consejo Nacional de Seguridad P\u00fablica, donde se aprobaron acuerdos para fortalecer a las polic\u00edas estatales y municipales para reforzar las labores de seguridad, con uno de los temas prioritarios para garantizar la&#8230;<\/p>\n","protected":false},"author":2,"featured_media":1252079,"comment_status":"closed","ping_status":"closed","sticky":false,"template":"","format":"standard","meta":{"footnotes":""},"categories":[1972,1983,18561],"tags":[3245,5836,8251,11107,12166,15801,16322,16351,16460],"class_list":["post-1252072","post","type-post","status-publish","format-standard","has-post-thumbnail","hentry","category-special","category-guerrerogob","category-society-politics","tag-adan-augusto-lopez","tag-clara-luz-flores-carrales","tag-evelyn-salgado-pineda","tag-jose-rafael-ojeda-duran","tag-luis-cresencio-sandoval","tag-rosa-icela-rodriguez","tag-secretariado-ejecutivo-del-sistema-nacional-de-seguridad-publica","tag-sedena","tag-semar"],"_links":{"self":[{"href":"https:\/\/www.acapulcopress.com\/index.php\/wp-json\/wp\/v2\/posts\/1252072","targetHints":{"allow":["GET"]}}],"collection":[{"href":"https:\/\/www.acapulcopress.com\/index.php\/wp-json\/wp\/v2\/posts"}],"about":[{"href":"https:\/\/www.acapulcopress.com\/index.php\/wp-json\/wp\/v2\/types\/post"}],"author":[{"embeddable":true,"href":"https:\/\/www.acapulcopress.com\/index.php\/wp-json\/wp\/v2\/users\/2"}],"replies":[{"embeddable":true,"href":"https:\/\/www.acapulcopress.com\/index.php\/wp-json\/wp\/v2\/comments?post=1252072"}],"version-history":[{"count":0,"href":"https:\/\/www.acapulcopress.com\/index.php\/wp-json\/wp\/v2\/posts\/1252072\/revisions"}],"wp:featuredmedia":[{"embeddable":true,"href":"https:\/\/www.acapulcopress.com\/index.php\/wp-json\/"}],"wp:attachment":[{"href":"https:\/\/www.acapulcopress.com\/index.php\/wp-json\/wp\/v2\/media?parent=1252072"}],"wp:term":[{"taxonomy":"category","embeddable":true,"href":"https:\/\/www.acapulcopress.com\/index.php\/wp-json\/wp\/v2\/categories?post=1252072"},{"taxonomy":"post_tag","embeddable":true,"href":"https:\/\/www.acapulcopress.com\/index.php\/wp-json\/wp\/v2\/tags?post=1252072"}],"curies":[{"name":"wp","href":"https:\/\/api.w.org\/{rel}","templated":true}]}}