{"id":1252083,"date":"2023-03-23T09:15:14","date_gmt":"2023-03-23T15:15:14","guid":{"rendered":"https:\/\/www.acapulcopress.com\/?p=1252083"},"modified":"2023-03-23T09:15:14","modified_gmt":"2023-03-23T15:15:14","slug":"manuel-anorve-nuevo-coordinador-del-pri-en-el-senado-de-la-republica","status":"publish","type":"post","link":"https:\/\/www.acapulcopress.com\/index.php\/2023\/03\/23\/manuel-anorve-nuevo-coordinador-del-pri-en-el-senado-de-la-republica\/","title":{"rendered":"Manuel A\u00f1orve, nuevo Coordinador del PRI en el Senado de la Rep\u00fablica"},"content":{"rendered":"<p style=\"text-align: justify;\">CIUDAD DE M\u00c9XICO * 22 de marzo de 2023.<br \/>\n<em>) Especial<\/em><br \/>\nEl senador guerrerense <a href=\"https:\/\/www.facebook.com\/ManuelAnorveBanos\" target=\"_blank\" rel=\"noopener\">Manuel A\u00f1orve Ba\u00f1os<\/a> fue electo en asamblea extraordinaria nuevo <img loading=\"lazy\" decoding=\"async\" class=\"alignleft size-medium wp-image-1252084\" src=\"https:\/\/www.acapulcopress.com\/wp-content\/uploads\/2023\/03\/ANORVE-Y-ALITO-375x500.jpg\" alt=\"\" width=\"375\" height=\"500\" \/>coordinador del Partido Revolucionario Institucional (PRI) en el Senado de la Rep\u00fablica.<\/p>\n<p>El cambio de tim\u00f3n en el grupo parlamentario del tricolor se dio tras la renuncia de <a href=\"https:\/\/www.facebook.com\/MiguelOsorioChong\" target=\"_blank\" rel=\"noopener\">Miguel \u00c1ngel Osorio Chong<\/a>, luego de una serie de desencuentros con presidente del Comit\u00e9 Ejecutivo Nacional (CEN) del partido, <a href=\"https:\/\/www.facebook.com\/AlejandroMC\" target=\"_blank\" rel=\"noopener\">Alejandro \u2018Alito\u2019 Moreno C\u00e1rdenas<\/a>.<\/p>\n<p style=\"text-align: justify;\">Fueron ocho los senadores los que votaron a favor de A\u00f1orve, Senador muy cercano a &#8216;Alito&#8217;.<\/p>\n<p style=\"text-align: justify;\">En conferencia de prensa, el legislador guerrerense reconoci\u00f3 que Osorio Chong participara en la asamblea y presentara un informe financiero de su gesti\u00f3n. Por lo tanto, anunci\u00f3 que mantendr\u00e1 comunicaci\u00f3n con su antecesor para que se mantenga dentro del grupo parlamentario del PRI y buscar\u00e1 tambi\u00e9n el di\u00e1logo con los senadores cr\u00edticos del dirigente nacional, como <a href=\"https:\/\/www.facebook.com\/RuizMassieu\" target=\"_blank\" rel=\"noopener\">Claudia Ruiz Salinas<\/a>, su paisana; con <a href=\"https:\/\/www.facebook.com\/NuviaMayorgaDelgado\" target=\"_blank\" rel=\"noopener\">Nuvia Mayorga Delgado<\/a>\u00a0y<a href=\"https:\/\/www.facebook.com\/eruviel\" target=\"_blank\" rel=\"noopener\"> Eruviel \u00c1vila Villegas<\/a>, quienes salieron de la sesi\u00f3n antes de que se llevara a cabo la votaci\u00f3n.<\/p>\n<p style=\"text-align: justify;\">Su designaci\u00f3n, dijo, fue \u00ablegal, con base en los reglamentos, as\u00ed como en la Ley Org\u00e1nica y los estatutos del partido\u00bb, de cuyos hechos dieron fe dos notarios p\u00fablicos que certificaron el qu\u00f3rum de la asamblea.<\/p>\n<p style=\"text-align: justify;\">El nuevo coordinador subray\u00f3 que mantendr\u00e1 coordinaci\u00f3n estrecha con el grupo parlamentario del PRI en la C\u00e1mara de Diputados y con su coordinador, <a href=\"https:\/\/www.facebook.com\/rubenmoreiravdz\" target=\"_blank\" rel=\"noopener\">Rub\u00e9n Moreira Valdez<\/a>, adem\u00e1s de con la dirigencia de Alejandro Moreno.<\/p>\n<p style=\"text-align: justify;\">Sobre el tema electoral en ciernes dijo: \u201cEstamos listos para las campa\u00f1as\u201d del Estado de M\u00e9xico y Coahuila.<\/p>\n","protected":false},"excerpt":{"rendered":"<p>CIUDAD DE M\u00c9XICO * 22 de marzo de 2023. ) Especial El senador guerrerense Manuel A\u00f1orve Ba\u00f1os fue electo en asamblea extraordinaria nuevo coordinador del Partido Revolucionario Institucional (PRI) en el Senado de la Rep\u00fablica. El cambio de tim\u00f3n en el grupo parlamentario del tricolor se dio tras la renuncia de Miguel \u00c1ngel Osorio Chong,&#8230;<\/p>\n","protected":false},"author":2,"featured_media":1252085,"comment_status":"closed","ping_status":"closed","sticky":false,"template":"","format":"standard","meta":{"footnotes":""},"categories":[1969,1972,18565],"tags":[5848,8071,12366,13103,13823,15861,16471],"class_list":["post-1252083","post","type-post","status-publish","format-standard","has-post-thumbnail","hentry","category-trending","category-special","category-politicos","tag-claudia-ruiz-salinas","tag-eruviel-avila-villegas","tag-manuel-anorve-banos","tag-miguel-angel-osorio-chong","tag-nuvia-mayorga-delgado","tag-ruben-moreira-valdez","tag-senado-de-la-republica"],"_links":{"self":[{"href":"https:\/\/www.acapulcopress.com\/index.php\/wp-json\/wp\/v2\/posts\/1252083","targetHints":{"allow":["GET"]}}],"collection":[{"href":"https:\/\/www.acapulcopress.com\/index.php\/wp-json\/wp\/v2\/posts"}],"about":[{"href":"https:\/\/www.acapulcopress.com\/index.php\/wp-json\/wp\/v2\/types\/post"}],"author":[{"embeddable":true,"href":"https:\/\/www.acapulcopress.com\/index.php\/wp-json\/wp\/v2\/users\/2"}],"replies":[{"embeddable":true,"href":"https:\/\/www.acapulcopress.com\/index.php\/wp-json\/wp\/v2\/comments?post=1252083"}],"version-history":[{"count":0,"href":"https:\/\/www.acapulcopress.com\/index.php\/wp-json\/wp\/v2\/posts\/1252083\/revisions"}],"wp:featuredmedia":[{"embeddable":true,"href":"https:\/\/www.acapulcopress.com\/index.php\/wp-json\/"}],"wp:attachment":[{"href":"https:\/\/www.acapulcopress.com\/index.php\/wp-json\/wp\/v2\/media?parent=1252083"}],"wp:term":[{"taxonomy":"category","embeddable":true,"href":"https:\/\/www.acapulcopress.com\/index.php\/wp-json\/wp\/v2\/categories?post=1252083"},{"taxonomy":"post_tag","embeddable":true,"href":"https:\/\/www.acapulcopress.com\/index.php\/wp-json\/wp\/v2\/tags?post=1252083"}],"curies":[{"name":"wp","href":"https:\/\/api.w.org\/{rel}","templated":true}]}}