{"id":1252095,"date":"2023-03-23T20:09:47","date_gmt":"2023-03-24T02:09:47","guid":{"rendered":"https:\/\/www.acapulcopress.com\/?p=1252095"},"modified":"2023-03-23T20:09:47","modified_gmt":"2023-03-24T02:09:47","slug":"policia-comunitaria-de-acatlan-se-suma-a-la-lucha-por-el-bienestar-de-mujeres-y-ninas","status":"publish","type":"post","link":"https:\/\/www.acapulcopress.com\/index.php\/2023\/03\/23\/policia-comunitaria-de-acatlan-se-suma-a-la-lucha-por-el-bienestar-de-mujeres-y-ninas\/","title":{"rendered":"Polic\u00eda Comunitaria de Acatl\u00e1n se suma a la lucha por el bienestar de mujeres y ni\u00f1as"},"content":{"rendered":"<p style=\"text-align: justify;\">SAN LUIS ACATL\u00c1N * 23 de marzo de 2023.<br \/>\n<em>) Gobierno de Guerrero<\/em><br \/>\nDurante la presentaci\u00f3n de la Estrategia Integral para la justicia y el Bienestar de las <img loading=\"lazy\" decoding=\"async\" class=\"alignleft size-medium wp-image-1252096\" src=\"https:\/\/www.acapulcopress.com\/wp-content\/uploads\/2023\/03\/PCSLA-375x281.jpg\" alt=\"\" width=\"375\" height=\"281\" \/>Mujeres y las Ni\u00f1as, presentada por la titular de la <a href=\"https:\/\/www.facebook.com\/semujerguerrero\" target=\"_blank\" rel=\"noopener\">Secretar\u00eda de la Mujer<\/a>, Violeta Pino Gir\u00f3n, los coordinadores de la <em>Polic\u00eda Comunitaria de la Casa de Justicia de San Luis Acatl\u00e1n (CRAC)<\/em>, se sumaron a esta acci\u00f3n la cual forma parte del Plan de trabajo 2023, para las regiones de la Monta\u00f1a y la Costa Chica.<\/p>\n<p style=\"text-align: justify;\">En este primer encuentro que se realiz\u00f3 en el ayuntamiento de Marquelia, Pino Gir\u00f3n destac\u00f3 el inter\u00e9s de la gobernadora <a href=\"https:\/\/www.facebook.com\/EvelynSalgadoP\" target=\"_blank\" rel=\"noopener\">Evelyn Salgado Pineda<\/a> de generar mejores condiciones de vida para las mujeres.<\/p>\n<p style=\"text-align: justify;\">Agreg\u00f3 que se implementar\u00e1n planes de trabajo comunitarios y acciones dirigidas a promover el ejercicio de los derechos de las ni\u00f1as y los ni\u00f1os.<\/p>\n<p style=\"text-align: justify;\">En la reuni\u00f3n acordaron reunirse nuevamente con 30 integrantes y representantes de las 5 <img loading=\"lazy\" decoding=\"async\" class=\"alignleft size-medium wp-image-1252096\" src=\"https:\/\/www.acapulcopress.com\/wp-content\/uploads\/2023\/03\/PCSLA-375x281.jpg\" alt=\"\" width=\"375\" height=\"281\" \/>casa de Justicia de la CRAC para coordinarse y sumarse a las acciones que realiza el gobierno del estado.<\/p>\n<p style=\"text-align: justify;\">Asistieron los coordinadores de la Polic\u00eda Comunitaria de la casa de la justicia de San Luis Acatl\u00e1n, la (CRAC) encabezado por Ra\u00fal de\u00a0Jes\u00fas\u00a0Cabrera.<\/p>\n<p style=\"text-align: justify;\"><em>) S\u00edguenos en nuestra p\u00e1gina Facebook @<a href=\"https:\/\/www.facebook.com\/acapulcopress.news\" target=\"_blank\" rel=\"noopener\">acapulcopress.news<\/a><\/em><\/p>\n","protected":false},"excerpt":{"rendered":"<p>SAN LUIS ACATL\u00c1N * 23 de marzo de 2023. ) Gobierno de Guerrero Durante la presentaci\u00f3n de la Estrategia Integral para la justicia y el Bienestar de las Mujeres y las Ni\u00f1as, presentada por la titular de la Secretar\u00eda de la Mujer, Violeta Pino Gir\u00f3n, los coordinadores de la Polic\u00eda Comunitaria de la Casa de&#8230;<\/p>\n","protected":false},"author":2,"featured_media":1252097,"comment_status":"closed","ping_status":"closed","sticky":false,"template":"","format":"standard","meta":{"footnotes":""},"categories":[1969,2005],"tags":[8191,14710,15296,16216,17949],"class_list":["post-1252095","post","type-post","status-publish","format-standard","has-post-thumbnail","hentry","category-trending","category-seguridad-y-justicia","tag-estrategia-integral-para-la-justicia-y-el-bienestar-de-las-mujeres-y-las-ninas","tag-policia-comunitaria-de-la-casa-de-justicia-de-san-luis-acatlan-crac","tag-raul-de-jesus-cabrera","tag-secretaria-de-la-mujer-guerrero","tag-violeta-pino-giron"],"_links":{"self":[{"href":"https:\/\/www.acapulcopress.com\/index.php\/wp-json\/wp\/v2\/posts\/1252095","targetHints":{"allow":["GET"]}}],"collection":[{"href":"https:\/\/www.acapulcopress.com\/index.php\/wp-json\/wp\/v2\/posts"}],"about":[{"href":"https:\/\/www.acapulcopress.com\/index.php\/wp-json\/wp\/v2\/types\/post"}],"author":[{"embeddable":true,"href":"https:\/\/www.acapulcopress.com\/index.php\/wp-json\/wp\/v2\/users\/2"}],"replies":[{"embeddable":true,"href":"https:\/\/www.acapulcopress.com\/index.php\/wp-json\/wp\/v2\/comments?post=1252095"}],"version-history":[{"count":0,"href":"https:\/\/www.acapulcopress.com\/index.php\/wp-json\/wp\/v2\/posts\/1252095\/revisions"}],"wp:featuredmedia":[{"embeddable":true,"href":"https:\/\/www.acapulcopress.com\/index.php\/wp-json\/"}],"wp:attachment":[{"href":"https:\/\/www.acapulcopress.com\/index.php\/wp-json\/wp\/v2\/media?parent=1252095"}],"wp:term":[{"taxonomy":"category","embeddable":true,"href":"https:\/\/www.acapulcopress.com\/index.php\/wp-json\/wp\/v2\/categories?post=1252095"},{"taxonomy":"post_tag","embeddable":true,"href":"https:\/\/www.acapulcopress.com\/index.php\/wp-json\/wp\/v2\/tags?post=1252095"}],"curies":[{"name":"wp","href":"https:\/\/api.w.org\/{rel}","templated":true}]}}