{"id":1252209,"date":"2023-03-24T10:26:33","date_gmt":"2023-03-24T16:26:33","guid":{"rendered":"https:\/\/www.acapulcopress.com\/?p=1252209"},"modified":"2023-03-24T10:26:33","modified_gmt":"2023-03-24T16:26:33","slug":"apoya-gobernadora-con-918-recategorizaciones-a-docentes-de-claves-bajas-de-la-seg","status":"publish","type":"post","link":"https:\/\/www.acapulcopress.com\/index.php\/2023\/03\/24\/apoya-gobernadora-con-918-recategorizaciones-a-docentes-de-claves-bajas-de-la-seg\/","title":{"rendered":"Apoya Gobernadora con 918 recategorizaciones a docentes de Claves Bajas de la SEG"},"content":{"rendered":"<p style=\"text-align: justify;\">CHILPANCINGO * 24 de marzo de 2023.<br \/>\n<em>) SEG<\/em><br \/>\nPor gestiones de la gobernadora<a href=\"https:\/\/www.facebook.com\/EvelynSalgadoP\" target=\"_blank\" rel=\"noopener\"> Evelyn Salgado Pineda<\/a>, ante el Presidente de la Rep\u00fablica Lic. <a href=\"https:\/\/www.facebook.com\/lopezobrador.org.mx\" target=\"_blank\" rel=\"noopener\">Andres Manuel Lopez Obrador<\/a> y la secretaria de Educaci\u00f3n P\u00fablica, <a href=\"https:\/\/www.facebook.com\/LeticiaRamaya\" target=\"_blank\" rel=\"noopener\">Leticia Ram\u00edrez Amay<\/a>a, hoy se iniciar\u00e1 la entrega de 918 nombramientos -recategorizaciones- a 918 docentes de claves bajas, que ganaban bajos salarios, inform\u00f3<a href=\"https:\/\/www.facebook.com\/MarcialRodriguezS\" target=\"_blank\" rel=\"noopener\"> Marcial Rodr\u00edguez Salda\u00f1a<\/a>, Secretario de Educaci\u00f3n en Guerrero.<\/p>\n<p style=\"text-align: justify;\">El responsable de la educaci\u00f3n en la entidad, expres\u00f3 que con esta entrega queda demostrado el compromiso de la gobernadora Evelyn Salgado, con la justicia laborar hacia el magisterio guerrerense.<\/p>\n<p style=\"text-align: justify;\">Estos nombramientos, se agregan a los est\u00edmulos a la carrera administrativa, a los reconocimientos y apoyos en promoci\u00f3n horizontal y vertical a m\u00e1s de mil 500 de trabajadora\/es de la educaci\u00f3n y a la entrega de plazas a egresados normalistas.<\/p>\n<p><em>) S\u00edguenos en nuestra p\u00e1gina Facebook @<a href=\"https:\/\/www.facebook.com\/acapulcopress.news\" target=\"_blank\" rel=\"noopener\">acapulcopress.news<\/a><\/em><\/p>\n","protected":false},"excerpt":{"rendered":"<p>CHILPANCINGO * 24 de marzo de 2023. ) SEG Por gestiones de la gobernadora Evelyn Salgado Pineda, ante el Presidente de la Rep\u00fablica Lic. Andres Manuel Lopez Obrador y la secretaria de Educaci\u00f3n P\u00fablica, Leticia Ram\u00edrez Amaya, hoy se iniciar\u00e1 la entrega de 918 nombramientos -recategorizaciones- a 918 docentes de claves bajas, que ganaban bajos&#8230;<\/p>\n","protected":false},"author":2,"featured_media":1252210,"comment_status":"closed","ping_status":"closed","sticky":false,"template":"","format":"standard","meta":{"footnotes":""},"categories":[18561,2081],"tags":[8251,12457,16362],"class_list":["post-1252209","post","type-post","status-publish","format-standard","has-post-thumbnail","hentry","category-society-politics","category-seg","tag-evelyn-salgado-pineda","tag-marcial-rodriguez-saldana","tag-seg"],"_links":{"self":[{"href":"https:\/\/www.acapulcopress.com\/index.php\/wp-json\/wp\/v2\/posts\/1252209","targetHints":{"allow":["GET"]}}],"collection":[{"href":"https:\/\/www.acapulcopress.com\/index.php\/wp-json\/wp\/v2\/posts"}],"about":[{"href":"https:\/\/www.acapulcopress.com\/index.php\/wp-json\/wp\/v2\/types\/post"}],"author":[{"embeddable":true,"href":"https:\/\/www.acapulcopress.com\/index.php\/wp-json\/wp\/v2\/users\/2"}],"replies":[{"embeddable":true,"href":"https:\/\/www.acapulcopress.com\/index.php\/wp-json\/wp\/v2\/comments?post=1252209"}],"version-history":[{"count":0,"href":"https:\/\/www.acapulcopress.com\/index.php\/wp-json\/wp\/v2\/posts\/1252209\/revisions"}],"wp:featuredmedia":[{"embeddable":true,"href":"https:\/\/www.acapulcopress.com\/index.php\/wp-json\/"}],"wp:attachment":[{"href":"https:\/\/www.acapulcopress.com\/index.php\/wp-json\/wp\/v2\/media?parent=1252209"}],"wp:term":[{"taxonomy":"category","embeddable":true,"href":"https:\/\/www.acapulcopress.com\/index.php\/wp-json\/wp\/v2\/categories?post=1252209"},{"taxonomy":"post_tag","embeddable":true,"href":"https:\/\/www.acapulcopress.com\/index.php\/wp-json\/wp\/v2\/tags?post=1252209"}],"curies":[{"name":"wp","href":"https:\/\/api.w.org\/{rel}","templated":true}]}}