{"id":1252241,"date":"2023-03-28T22:49:39","date_gmt":"2023-03-29T04:49:39","guid":{"rendered":"https:\/\/www.acapulcopress.com\/?p=1252241"},"modified":"2023-03-28T22:49:39","modified_gmt":"2023-03-29T04:49:39","slug":"jesus-zamora-acompano-a-gobernadora-evelyn-salgado-a-inauguracion-de-plaza-quebec","status":"publish","type":"post","link":"https:\/\/www.acapulcopress.com\/index.php\/2023\/03\/28\/jesus-zamora-acompano-a-gobernadora-evelyn-salgado-a-inauguracion-de-plaza-quebec\/","title":{"rendered":"Jes\u00fas Zamora acompa\u00f1\u00f3 a Gobernadora Evelyn Salgado a inauguraci\u00f3n de Plaza Quebec"},"content":{"rendered":"<p style=\"text-align: justify;\">ACAPULCO, Gro. * 28 de marzo de 2023.<br \/>\n) Acapulco Press<br \/>\nEl presidente de la Comisi\u00f3n de Infraestructura del Consejo Consultivo de Turismo de <img loading=\"lazy\" decoding=\"async\" class=\"alignleft size-medium wp-image-1252248\" src=\"https:\/\/www.acapulcopress.com\/wp-content\/uploads\/2023\/03\/ZAMORA-CAMARON5-375x281.jpg\" alt=\"\" width=\"375\" height=\"281\" \/>Guerrero, <a href=\"https:\/\/www.facebook.com\/jesus.zamora.5220\" target=\"_blank\" rel=\"noopener\">Jes\u00fas Zamora Cervantes <\/a>, acompa\u00f1\u00f3 a la Gobernadora<a href=\"https:\/\/www.facebook.com\/EvelynSalgadoP\" target=\"_blank\" rel=\"noopener\"> Evelin Salgado Pineda<\/a> a la inauguraci\u00f3n de la Plaza Quebec, junto con el presidente de Sociedades Cooperativas en Vanguardia, <a href=\"https:\/\/www.facebook.com\/arturo.pantojaguatemala\" target=\"_blank\" rel=\"noopener\">Arturo Pantoja Guatemala<\/a>, y prestadores de servicios tur\u00edsticos de Acapulco.<\/p>\n<p style=\"text-align: justify;\">En entrevista, el empresario acapulque\u00f1o coment\u00f3 que siempre estar\u00e1n a favor del mejoramiento de Acapulco, y reconoci\u00f3 el trabajo del Gobierno del Estado a favor de la imagen tur\u00edstica del puerto, proyecto al que est\u00e1n sumados al cien por ciento.<\/p>\n<p style=\"text-align: justify;\">Zamora Cervantes, propietarios de los restaurantes de playa \u00ab<a href=\"https:\/\/www.facebook.com\/ElCamaronJackieOficial\" target=\"_blank\" rel=\"noopener\">El Camar\u00f3n Jackie<\/a>\u00bb y \u00ab<a href=\"https:\/\/www.facebook.com\/MalibuSunBeachClub\" target=\"_blank\" rel=\"noopener\">Malib\u00fa Sun Beach<\/a>, precis\u00f3 que se debe seguir reforzando la medida de\u00a0 no tomar bebidas embriagante en plazas y accesos p\u00fablicos de playa para mantener la buena imagen de la <img loading=\"lazy\" decoding=\"async\" class=\"alignleft size-medium wp-image-1252249\" src=\"https:\/\/www.acapulcopress.com\/wp-content\/uploads\/2023\/03\/ZAMORA-CAMARON6-375x398.jpg\" alt=\"\" width=\"375\" height=\"398\" \/>zona federal.<\/p>\n<p style=\"text-align: justify;\">Sobre el proyecto de mejoramiento de la imagen costera del puerto inform\u00f3 que se contin\u00faa con los cursos de capacitaci\u00f3n que imparte la Secretaria de Turismo estatal y que junto con la Promotora de Playas se siguen realizado diversas tareas limpieza durante el a\u00f1o para mantener Acapulco limpio ante los ojos de acapulque\u00f1os y visitantes.<\/p>\n","protected":false},"excerpt":{"rendered":"<p>ACAPULCO, Gro. * 28 de marzo de 2023. ) Acapulco Press El presidente de la Comisi\u00f3n de Infraestructura del Consejo Consultivo de Turismo de Guerrero, Jes\u00fas Zamora Cervantes , acompa\u00f1\u00f3 a la Gobernadora Evelin Salgado Pineda a la inauguraci\u00f3n de la Plaza Quebec, junto con el presidente de Sociedades Cooperativas en Vanguardia, Arturo Pantoja Guatemala,&#8230;<\/p>\n","protected":false},"author":2,"featured_media":1252244,"comment_status":"closed","ping_status":"closed","sticky":false,"template":"","format":"standard","meta":{"footnotes":""},"categories":[1988,18562],"tags":[7669,8251,10765,12332],"class_list":["post-1252241","post","type-post","status-publish","format-standard","has-post-thumbnail","hentry","category-lifestyles","category-turism","tag-el-camaron-jackie","tag-evelyn-salgado-pineda","tag-jesus-zamora-cervantes","tag-malibu-sun-beach"],"_links":{"self":[{"href":"https:\/\/www.acapulcopress.com\/index.php\/wp-json\/wp\/v2\/posts\/1252241","targetHints":{"allow":["GET"]}}],"collection":[{"href":"https:\/\/www.acapulcopress.com\/index.php\/wp-json\/wp\/v2\/posts"}],"about":[{"href":"https:\/\/www.acapulcopress.com\/index.php\/wp-json\/wp\/v2\/types\/post"}],"author":[{"embeddable":true,"href":"https:\/\/www.acapulcopress.com\/index.php\/wp-json\/wp\/v2\/users\/2"}],"replies":[{"embeddable":true,"href":"https:\/\/www.acapulcopress.com\/index.php\/wp-json\/wp\/v2\/comments?post=1252241"}],"version-history":[{"count":0,"href":"https:\/\/www.acapulcopress.com\/index.php\/wp-json\/wp\/v2\/posts\/1252241\/revisions"}],"wp:featuredmedia":[{"embeddable":true,"href":"https:\/\/www.acapulcopress.com\/index.php\/wp-json\/"}],"wp:attachment":[{"href":"https:\/\/www.acapulcopress.com\/index.php\/wp-json\/wp\/v2\/media?parent=1252241"}],"wp:term":[{"taxonomy":"category","embeddable":true,"href":"https:\/\/www.acapulcopress.com\/index.php\/wp-json\/wp\/v2\/categories?post=1252241"},{"taxonomy":"post_tag","embeddable":true,"href":"https:\/\/www.acapulcopress.com\/index.php\/wp-json\/wp\/v2\/tags?post=1252241"}],"curies":[{"name":"wp","href":"https:\/\/api.w.org\/{rel}","templated":true}]}}