{"id":1252269,"date":"2023-03-28T23:52:57","date_gmt":"2023-03-29T05:52:57","guid":{"rendered":"https:\/\/www.acapulcopress.com\/?p=1252269"},"modified":"2023-03-28T23:52:57","modified_gmt":"2023-03-29T05:52:57","slug":"recibio-evelyn-salgado-estafeta-del-tianguis-turistico-a-celebrarse-en-el-hogar-del-sol","status":"publish","type":"post","link":"https:\/\/www.acapulcopress.com\/index.php\/2023\/03\/28\/recibio-evelyn-salgado-estafeta-del-tianguis-turistico-a-celebrarse-en-el-hogar-del-sol\/","title":{"rendered":"Recibi\u00f3 Evelyn Salgado estafeta del Tianguis Tur\u00edstico a celebrarse en el &#8216;Hogar del Sol&#8217;"},"content":{"rendered":"<p style=\"text-align: justify;\">CIUDAD DE M\u00c9XICO * 28 de marzo de 2023.<br \/>\n<em>) Gobierno de Guerrero<\/em><\/p>\n<p style=\"text-align: justify;\">\u00abGuerrero y especialmente Acapulco, est\u00e1n listos para recibir el pr\u00f3ximo a\u00f1o, a la edici\u00f3n <img loading=\"lazy\" decoding=\"async\" class=\"alignleft size-medium wp-image-1252272\" src=\"https:\/\/www.acapulcopress.com\/wp-content\/uploads\/2023\/03\/Tianguis-Turistico-2024.4-375x250.jpg\" alt=\"\" width=\"375\" height=\"250\" \/>n\u00famero 48 del <a href=\"https:\/\/www.facebook.com\/profile.php?id=100079915844309\" target=\"_blank\" rel=\"noopener\">Tianguis Tur\u00edstico<\/a>. Con nuestras playas, que son las m\u00e1s hermosas del mundo, con nuestra gastronom\u00eda, desde los antojitos hasta el pescado a la talla, con nuestra m\u00fasica y nuestros atardeceres\u00bb, se\u00f1al\u00f3 la gobernadora <a href=\"https:\/\/www.facebook.com\/EvelynSalgadoP\" target=\"_blank\" rel=\"noopener\">Evelyn Salgado Pineda<\/a> durante la Ceremonia de Pase de Estafeta, que recibi\u00f3 de manos de la jefa de Gobierno de la Ciudad de M\u00e9xico,<a href=\"https:\/\/www.facebook.com\/ClaudiaSheinbaumPardo\" target=\"_blank\" rel=\"noopener\"> Claudia Sheinbaum Pardo<\/a>.<\/p>\n<p style=\"text-align: justify;\">En una noche que reuni\u00f3 la fiesta, tradici\u00f3n, bailes, cultura y sabor de las ocho regiones de Guerrero, la gobernadora dijo que el compromiso es seguir \u00abcomo punta de lanza del turismo nacional, con nuestro <em>Tri\u00e1ngulo del Sol,<\/em> pero tambi\u00e9n con todas las posibilidades de nuestros mares y de nuestras monta\u00f1as. Con toda la fuerza de nuestra historia y con la inmensidad de nuestra cultura\u00bb.<\/p>\n<p style=\"text-align: justify;\"><img loading=\"lazy\" decoding=\"async\" class=\"alignleft size-medium wp-image-1252270\" src=\"https:\/\/www.acapulcopress.com\/wp-content\/uploads\/2023\/03\/Tianguis-Turistico-2024.2-375x250.jpg\" alt=\"\" width=\"375\" height=\"250\" \/>Ante la presencia de tour operadores, mayoristas, agentes de viaje, asociaciones de turismo y representantes del sector nacionales e internacionales, la jefa del Ejecutivo estatal agradeci\u00f3 a Sheinbaum Pardo y a su equipo de trabajo, toda la labor que realizaron en este 2023, que deja muy en alto el nivel para las siguientes ediciones. Tambi\u00e9n destac\u00f3 la relaci\u00f3n hist\u00f3rica de hermandad y solidaridad que hay entre la Ciudad de M\u00e9xico y Guerrero.<\/p>\n<p style=\"text-align: justify;\">De la misma manera, agradeci\u00f3 el apoyo y compromiso del secretario de Turismo federal para continuar con este trabajo en favor de Guerrero. A\u00f1adi\u00f3 que se busca \u00abhacer de Guerrero, de la Ciudad de M\u00e9xico y de todo nuestro pa\u00eds, el destino favorito del mundo\u00bb.<\/p>\n<p style=\"text-align: justify;\">Salgado Pineda invit\u00f3 a los asistentes a ser part\u00edcipes de la pr\u00f3xima edici\u00f3n del Tianguis <img loading=\"lazy\" decoding=\"async\" class=\"alignleft size-medium wp-image-1252277\" src=\"https:\/\/www.acapulcopress.com\/wp-content\/uploads\/2023\/03\/Tianguis-Turistico-2024-375x250.jpg\" alt=\"\" width=\"375\" height=\"250\" \/>Tur\u00edstico que regresa al lugar que lo vio nacer. \u00abLos esperamos con calidez, as\u00ed como somos las y los guerrerenses; los esperamos con mucho entusiasmo en Guerrero, que es el Hogar del Sol, nos vemos en el 2024 en Acapulco\u00bb, a\u00f1adi\u00f3.<\/p>\n<p style=\"text-align: justify;\">En su participaci\u00f3n, el secretario de Turismo federal expres\u00f3 sus mejores deseos para que la cuadrag\u00e9sima octava edici\u00f3n del Tianguis Tur\u00edstico M\u00e9xico 2024 sea otro gran acontecimiento que impulse a nuestro sector, de tal manera que siga siendo motor de desarrollo econ\u00f3mico y fuente de bienestar social, por lo que confi\u00f3 en que los organizadores sabr\u00e1n llevar a buen puerto esta encomienda.<\/p>\n<p style=\"text-align: justify;\"><img loading=\"lazy\" decoding=\"async\" class=\"alignleft size-medium wp-image-1252275\" src=\"https:\/\/www.acapulcopress.com\/wp-content\/uploads\/2023\/03\/Tianguis-Turistico-2024.7-375x250.jpg\" alt=\"\" width=\"375\" height=\"250\" \/>\u00abAcapulco posee una amplia infraestructura tur\u00edstica, inmejorables atractivos, una capacidad de organizaci\u00f3n ya probada y experimentados empresarios y prestadores de servicios, que le dar\u00e1n soporte como destino\u00bb, dijo a la vez que ofreci\u00f3 el respaldo del gobierno federal. Tambi\u00e9n anunci\u00f3 que el pr\u00f3ximo mes iniciar\u00e1n los trabajos para comenzar con los preparativos correspondientes.<\/p>\n<p style=\"text-align: justify;\">En tanto que la jefa de Gobierno, agradeci\u00f3 el apoyo de todos los que participaron en esta edici\u00f3n y expres\u00f3 su benepl\u00e1cito al hacer la entrega de la estafeta a la gobernadora Evelyn Salgado. \u00abHoy con todo orgullo le regresamos la estafeta al estado de Guerrero\u00bb, a\u00f1adi\u00f3.<\/p>\n<p style=\"text-align: justify;\">Los asistentes a esta ceremonia degustaron platillos y bebidas representativos de Guerrero, <img loading=\"lazy\" decoding=\"async\" class=\"alignleft size-medium wp-image-1252276\" src=\"https:\/\/www.acapulcopress.com\/wp-content\/uploads\/2023\/03\/Tianguis-Turistico-2024.8-375x250.jpg\" alt=\"\" width=\"375\" height=\"250\" \/>como c\u00f3cteles de camar\u00f3n, tostadas de ceviche, bolillo con relleno, tamales y mezcal.<\/p>\n<p style=\"text-align: justify;\">Adem\u00e1s de artesan\u00edas y bailes guerrerenses como la Iguana, chilenas, tlacololeros, la danza de los Apaches Yopes, el Poquil\u00edn, entre otros. Se presentaron los artistas guerrerenses Cuitla Vega y la agrupaci\u00f3n Los del Sabor.<\/p>\n<p style=\"text-align: justify;\">Asistieron el subsecretario de Turismo federal, Humberto Hern\u00e1ndez Haddad; la secretaria de Turismo de la Ciudad de M\u00e9xico, Nathalie Desplas; la presidenta municipal de Acapulco, Abelina L\u00f3pez Rodr\u00edguez; el secretario de Turismo de Guerrero, Santos Ram\u00edrez Cuevas; el presidente de Canaco Servytur, H\u00e9ctor Tejada Shaar, entre otros.<\/p>\n<p><em>) S\u00edguenos en nuestra p\u00e1gina Facebook <a href=\"https:\/\/www.facebook.com\/acapulcopress.news\" target=\"_blank\" rel=\"noopener\">Acapulco Press<\/a><\/em><\/p>\n","protected":false},"excerpt":{"rendered":"<p>CIUDAD DE M\u00c9XICO * 28 de marzo de 2023. ) Gobierno de Guerrero \u00abGuerrero y especialmente Acapulco, est\u00e1n listos para recibir el pr\u00f3ximo a\u00f1o, a la edici\u00f3n n\u00famero 48 del Tianguis Tur\u00edstico. Con nuestras playas, que son las m\u00e1s hermosas del mundo, con nuestra gastronom\u00eda, desde los antojitos hasta el pescado a la talla, con&#8230;<\/p>\n","protected":false},"author":2,"featured_media":1252271,"comment_status":"closed","ping_status":"closed","sticky":false,"template":"","format":"standard","meta":{"footnotes":""},"categories":[1972,1988,18562],"tags":[3006,5853,8251,9568,17374],"class_list":["post-1252269","post","type-post","status-publish","format-standard","has-post-thumbnail","hentry","category-special","category-lifestyles","category-turism","tag-48-tianguis-turistico-acapulco-2024","tag-claudia-sheinbaum-pardo","tag-evelyn-salgado-pineda","tag-guerrero-hogar-del-sol","tag-triangulo-del-sol"],"_links":{"self":[{"href":"https:\/\/www.acapulcopress.com\/index.php\/wp-json\/wp\/v2\/posts\/1252269","targetHints":{"allow":["GET"]}}],"collection":[{"href":"https:\/\/www.acapulcopress.com\/index.php\/wp-json\/wp\/v2\/posts"}],"about":[{"href":"https:\/\/www.acapulcopress.com\/index.php\/wp-json\/wp\/v2\/types\/post"}],"author":[{"embeddable":true,"href":"https:\/\/www.acapulcopress.com\/index.php\/wp-json\/wp\/v2\/users\/2"}],"replies":[{"embeddable":true,"href":"https:\/\/www.acapulcopress.com\/index.php\/wp-json\/wp\/v2\/comments?post=1252269"}],"version-history":[{"count":0,"href":"https:\/\/www.acapulcopress.com\/index.php\/wp-json\/wp\/v2\/posts\/1252269\/revisions"}],"wp:featuredmedia":[{"embeddable":true,"href":"https:\/\/www.acapulcopress.com\/index.php\/wp-json\/"}],"wp:attachment":[{"href":"https:\/\/www.acapulcopress.com\/index.php\/wp-json\/wp\/v2\/media?parent=1252269"}],"wp:term":[{"taxonomy":"category","embeddable":true,"href":"https:\/\/www.acapulcopress.com\/index.php\/wp-json\/wp\/v2\/categories?post=1252269"},{"taxonomy":"post_tag","embeddable":true,"href":"https:\/\/www.acapulcopress.com\/index.php\/wp-json\/wp\/v2\/tags?post=1252269"}],"curies":[{"name":"wp","href":"https:\/\/api.w.org\/{rel}","templated":true}]}}