{"id":1252281,"date":"2023-03-29T00:07:03","date_gmt":"2023-03-29T06:07:03","guid":{"rendered":"https:\/\/www.acapulcopress.com\/?p=1252281"},"modified":"2023-03-29T00:07:03","modified_gmt":"2023-03-29T06:07:03","slug":"guerrero-lejos-del-cumplimiento-de-los-objetivos-de-la-onu","status":"publish","type":"post","link":"https:\/\/www.acapulcopress.com\/index.php\/2023\/03\/29\/guerrero-lejos-del-cumplimiento-de-los-objetivos-de-la-onu\/","title":{"rendered":"Guerrero, lejos del cumplimiento de los Objetivos de la ONU"},"content":{"rendered":"<p style=\"text-align: justify;\">Marem\u00e1gnum<br \/>\n\u00bb <strong>RICARDO<\/strong> | <strong>CASTILLO BARRIENTOS<\/strong><br \/>\n<em>) Facebook: @R<a href=\"https:\/\/www.facebook.com\/ricardocastill01\" target=\"_blank\" rel=\"noopener\">icardo Castillo Barrientos<\/a><\/em><\/p>\n<p>En el medio gubernamental y pol\u00edtico se refieren de vez en cuando a los Objetivos de Desarrollo Sostenible de la ONU (ODS) (2015-2030), de manera simplista, restando importancia de cada uno de los Objetivos (17), en particular, los alusivos a derechos sociales, crecimiento econ\u00f3mico y protecci\u00f3n del medio ambiente.<\/p>\n<p style=\"text-align: justify;\">Los ODS est\u00e1n dise\u00f1ados para acabar con la pobreza, el hambre, el sida y la discriminaci\u00f3n contra mujeres y ni\u00f1as. Se pretende transformar el estado de cosas que vulneran a la humanidad y que afectan a miles de millones de personas.<\/p>\n<p style=\"text-align: justify;\">La ONU tuvo esa intenci\u00f3n cuando aprob\u00f3 los Objetivos de Desarrollo del Milenio (ODM) (2000-2015), con fines m\u00e1s limitados (8 Objetivos), cuyo cumplimiento a nivel mundial fueron relativos, en M\u00e9xico y en Guerrero. Se pretendi\u00f3 disminuir la pobreza extrema, lograr el empleo pleno y productivo y reducir el hambre para el a\u00f1o 2015, sin lograrlo.<\/p>\n<p style=\"text-align: justify;\">Son innegables algunos avances en comunidades de mayor marginaci\u00f3n en salud, educaci\u00f3n y caminos. La esencia de la problem\u00e1tica social persiste a causa del analfabetismo, rezago educativo, falta de producci\u00f3n y empleo, generando la migraci\u00f3n de familias completas al norte del pa\u00eds o Uni\u00f3n Americana.<\/p>\n<p style=\"text-align: justify;\">Como estos Objetivos no fueron cumplidos satisfactoriamente, se reproducen en los Objetivos de Desarrollo Sostenible (ODS), con proyecci\u00f3n hasta el a\u00f1o 2030. Se establecieron otra vez como Objetivos iniciales, el fin de la pobreza y el hambre, vigentes en la entidad. Se agregaron temas de la agenda mundial sobre energ\u00edas limpias, ciudades y comunidades sostenibles, acci\u00f3n por el clima, vida submarina, vida de ecosistemas terrestres, paz, justicia e instituciones s\u00f3lidas y alianzas para lograr los Objetivos.<\/p>\n<p style=\"text-align: justify;\">En nuestro pa\u00eds y entidad federativa, el Plan Mundial de la ONU, se maneja con tintes pol\u00edticos, con la creaci\u00f3n de membretes como el Consejo Nacional de la Agenda 2030 para el Desarrollo Sostenible\u00a0 y los Consejos Estatales, responsables de medir avances y retrocesos de las pol\u00edticas p\u00fablicas que impactan de manera positiva o negativa, en las metas de los ODS. Estos Consejos no difunden resultados.<\/p>\n<p style=\"text-align: justify;\">La semana pasada, el Gobierno del Estado convoc\u00f3 al Foro Estatal \u201cDesarrollo Sostenible + Pol\u00edticas P\u00fablicas\u201d, con la participaci\u00f3n de especialistas\u00a0 en derechos humanos y medio ambiente, que abordaron temas no sustanciales de la Agenda 2030.<\/p>\n<p style=\"text-align: justify;\">Las intenciones son loables pero insuficientes. Se invit\u00f3 a un Foro y resultaron conferencias. No se permiti\u00f3 participaci\u00f3n del p\u00fablico. En mejor de los casos, debi\u00f3 convocarse a fin de ofrecer los primeros resultados de la administraci\u00f3n estatal, o sobre los a\u00f1os transcurridos de la puesta en marcha de los ODS, respecto al grado de cumplimiento, o las estrategias de seguimiento, a trav\u00e9s de indicadores de metas alcanzadas en casi 18 meses de gobierno.<\/p>\n<p style=\"text-align: justify;\"><strong>Marea Baja.-<\/strong> De golpe y porrazo, el senador Manuel A\u00f1orve se convirti\u00f3 en figura pol\u00edtica nacional y principal aliado del habilidoso\u00a0 \u201cAlito\u201d, que sostiene contra viento y marea el tim\u00f3n del PRI.<\/p>\n<p style=\"text-align: justify;\">Las cr\u00edticas no se hicieron esperar, acusando a A\u00f1orve de traicionar a Miguel Osorio Chong, como coordinador de la bancada priista en el Senado. No puede llamarse traici\u00f3n porque su jefe pol\u00edtico es Manlio Fabio Beltrones. Aunque ya tuvo un acto de ese tipo con su ex jefe pol\u00edtico en Guerrero.<\/p>\n<p style=\"text-align: justify;\">Varios analistas y politicastros se preguntan sobre el impacto que tendr\u00e1 en el PRI estatal, la designaci\u00f3n de A\u00f1orve Ba\u00f1os, como l\u00edder de la fracci\u00f3n tricolor en el Senado de la Rep\u00fablica. Y c\u00f3mo influir\u00e1 en la selecci\u00f3n de candidatos locales del 2024.<\/p>\n<p style=\"text-align: justify;\"><strong>Marea Alta.-<\/strong> El Colectivo \u201cAMLO Sigue\u201d, bajo el liderazgo de Sa\u00fal L\u00f3pez Sollano y Misael Medrano Baza, realizaron un ejercicio inusual al invitar a representantes guerrerenses de los aspirantes presidenciales de Morena, para que dieran a conocer sus ideolog\u00edas, trayectorias y compromisos, en caso de resultar favorecido con la candidatura presidencial.<\/p>\n<p style=\"text-align: justify;\">Por parte de Claudia Sheinbaum, asisti\u00f3 la maestra acapulque\u00f1a, Karen Avil\u00e9s Ignacio y el l\u00edder Jos\u00e9 Luis Gonz\u00e1lez Su\u00e1stegui , por Ad\u00e1n Augusto L\u00f3pez. El representante de Marcelo Ebrard cancel\u00f3 de \u00faltima hora.<\/p>\n<p style=\"text-align: justify;\">Las exposiciones de los invitados resultaron del inter\u00e9s de los morenistas, quienes comentaron y cuestionaron sobre actividades de proselitismo y estructuras en territorio y otros aspectos.<\/p>\n<p style=\"text-align: justify;\"><strong>Maremoto.-<\/strong> Guerrero siempre se ha distinguido por ser noticia en medios nacionales, sobre todo en notas negativas, tr\u00e1gicas o de violencia. Salvo rar\u00edsimas excepciones se comenta algo favorable de la entidad.<\/p>\n<p style=\"text-align: justify;\">Ahora reciclan sucesos que han acontecido en las regiones, como la Monta\u00f1a y Costa Chica, donde surgieron las primeras polic\u00edas comunitarias y autodefensas, como respuesta a los grupos delincuenciales que ven\u00edan operando en esas zonas y que fueron frenados de tajo, con notable disminuci\u00f3n de \u00edndices delictivos.<\/p>\n<p style=\"text-align: justify;\">En Tierra Caliente y Costa Grande no hab\u00eda sucedido este fen\u00f3meno, sino hasta ahora que en asambleas comunitarias de m\u00e1s de 40 pueblos serranos, tomaron la decisi\u00f3n de armarse para impedir que contin\u00fae el terror impuesto por la c\u00e9lula de la Familia Michoacana, que opera en la regi\u00f3n desde hace m\u00e1s de 10 a\u00f1os, bajo el mando de los hermanos Hurtado Olascoaga, conocidos como \u201cEl Pez\u201d y \u201cEl Fresa\u201d.<\/p>\n<p style=\"text-align: justify;\">Los habitantes han expresado su rechazo a la Polic\u00eda Estatal por probable colusi\u00f3n y piden al presidente L\u00f3pez Obrador, los ayude con la presencia del Ej\u00e9rcito o de la Guardia Nacional. Mientras esto no suceda, seguir\u00e1n con las armas en alto.<\/p>\n<p><em>) S\u00edguenos en nuestra p\u00e1gina Facebook <a href=\"https:\/\/www.facebook.com\/acapulcopress.news\" target=\"_blank\" rel=\"noopener\">Acapulco Press<\/a><\/em><\/p>\n","protected":false},"excerpt":{"rendered":"<p>Marem\u00e1gnum \u00bb RICARDO | CASTILLO BARRIENTOS ) Facebook: @Ricardo Castillo Barrientos En el medio gubernamental y pol\u00edtico se refieren de vez en cuando a los Objetivos de Desarrollo Sostenible de la ONU (ODS) (2015-2030), de manera simplista, restando importancia de cada uno de los Objetivos (17), en particular, los alusivos a derechos sociales, crecimiento econ\u00f3mico&#8230;<\/p>\n","protected":false},"author":2,"featured_media":1252282,"comment_status":"closed","ping_status":"closed","sticky":false,"template":"","format":"standard","meta":{"footnotes":""},"categories":[1972,2071,1991],"tags":[12503,13839,13967,15575],"class_list":["post-1252281","post","type-post","status-publish","format-standard","has-post-thumbnail","hentry","category-special","category-opinion-analisis-columnas","category-libertad-de-expresion","tag-maremagnum","tag-objetivos-de-desarrollo-sostenible-de-la-onu","tag-onu","tag-ricardo-castillo-barrientos"],"_links":{"self":[{"href":"https:\/\/www.acapulcopress.com\/index.php\/wp-json\/wp\/v2\/posts\/1252281","targetHints":{"allow":["GET"]}}],"collection":[{"href":"https:\/\/www.acapulcopress.com\/index.php\/wp-json\/wp\/v2\/posts"}],"about":[{"href":"https:\/\/www.acapulcopress.com\/index.php\/wp-json\/wp\/v2\/types\/post"}],"author":[{"embeddable":true,"href":"https:\/\/www.acapulcopress.com\/index.php\/wp-json\/wp\/v2\/users\/2"}],"replies":[{"embeddable":true,"href":"https:\/\/www.acapulcopress.com\/index.php\/wp-json\/wp\/v2\/comments?post=1252281"}],"version-history":[{"count":0,"href":"https:\/\/www.acapulcopress.com\/index.php\/wp-json\/wp\/v2\/posts\/1252281\/revisions"}],"wp:featuredmedia":[{"embeddable":true,"href":"https:\/\/www.acapulcopress.com\/index.php\/wp-json\/"}],"wp:attachment":[{"href":"https:\/\/www.acapulcopress.com\/index.php\/wp-json\/wp\/v2\/media?parent=1252281"}],"wp:term":[{"taxonomy":"category","embeddable":true,"href":"https:\/\/www.acapulcopress.com\/index.php\/wp-json\/wp\/v2\/categories?post=1252281"},{"taxonomy":"post_tag","embeddable":true,"href":"https:\/\/www.acapulcopress.com\/index.php\/wp-json\/wp\/v2\/tags?post=1252281"}],"curies":[{"name":"wp","href":"https:\/\/api.w.org\/{rel}","templated":true}]}}