{"id":1252284,"date":"2023-03-29T00:15:52","date_gmt":"2023-03-29T06:15:52","guid":{"rendered":"https:\/\/www.acapulcopress.com\/?p=1252284"},"modified":"2023-03-29T00:15:52","modified_gmt":"2023-03-29T06:15:52","slug":"amd-y-tsjg-rindieron-homenaje-a-jesus-martinez-garnelo-y-petronilo-flores-condori","status":"publish","type":"post","link":"https:\/\/www.acapulcopress.com\/index.php\/2023\/03\/29\/amd-y-tsjg-rindieron-homenaje-a-jesus-martinez-garnelo-y-petronilo-flores-condori\/","title":{"rendered":"AMD y TSJG rindieron homenaje a Jes\u00fas Mart\u00ednez Garnelo y Petronilo Flores Condori"},"content":{"rendered":"<p style=\"text-align: justify;\">\u00bb <strong>Fulgencio<\/strong> | <strong>Ram\u00edrez Lozano<\/strong><br \/>\nACAPULCO * 28 de marzo de 2023.<br \/>\n<em>) Acapulco Press | Mundo21<\/em><br \/>\nLa Academia Mexicana de Derecho y el Tribunal Superior de Justicia de Guerrero rindieron un merecido homenaje por sus trayectorias acad\u00e9micas y profesionales a los doctores en Derecho <a href=\"https:\/\/www.facebook.com\/JMGarnelo\" target=\"_blank\" rel=\"noopener\">Jes\u00fas Mart\u00ednez Garnelo<\/a>, de M\u00e9xico, y Petronilo Flores Condori, de Bolivia, por su <img loading=\"lazy\" decoding=\"async\" class=\"alignleft size-medium wp-image-1252286\" src=\"https:\/\/www.acapulcopress.com\/wp-content\/uploads\/2023\/03\/HOMENAJE-GARNELO2-375x211.jpg\" alt=\"\" width=\"375\" height=\"211\" \/>contribuci\u00f3n de la sociedad.<\/p>\n<p style=\"text-align: justify;\">La entrega de los reconocimientos se efectu\u00f3 en el auditorio \u201cGuillermo Sober\u00f3n Acevedo\u201d de la Universidad Americana de Acapulco, adonde asistieron representantes de los tres poderes del Estado: del Judicial, el magistrado presidente Raymundo Cascarrabias V\u00e1zquez; del Ejecutivo, Anacleta L\u00f3pez Vega en representaci\u00f3n de la gobernadora Evelyn Salgado Pineda y del Legislativo, Yanelly Hern\u00e1ndez Mart\u00ednez (presidenta de la Mesa Directiva del Congreso local).<\/p>\n<p style=\"text-align: justify;\">Durante el congreso de Derecho Penal Procesal, los dos galardonados, as\u00ed como el presidente de la Academia Mexicana del Derecho, Jes\u00fas Naveja Mac\u00edas, expusieron temas de gran inter\u00e9s tanto para estudiantes en la materia como litigantes, jueces y hasta magistrados.<\/p>\n<p style=\"text-align: justify;\">El doctor en Derecho Jes\u00fas Mart\u00ednez, quien cuenta con un amplio curr\u00edculo en la materia, es un apasionado acad\u00e9mico e investigador, fue Secretario General del Gobierno del Estado y ha publicado m\u00e1s de 35 libros, y en esta ocasi\u00f3n disert\u00f3 sobre La Teor\u00eda de la Presunci\u00f3n de inocencia, que le vali\u00f3 fuerte aplauso de abogados de otras partes del pa\u00eds y de Bolivia y Costa Rica.<\/p>\n<p style=\"text-align: justify;\">Durante su tem\u00e1tica, Mart\u00ednez Garnelo hizo un amplio reconocimiento al presidente de la Academia Mexicana de Derecho por su basamento sobre el Derecho Comparado que maneja, a quien le hizo la dedicaci\u00f3n de su \u00faltima obra literaria.<\/p>\n<p style=\"text-align: justify;\">\u201cdedico estas l\u00edneas para exaltar la excelsa figura del prominente constitucionalista, excelent\u00edsimo y brillante jurista, acad\u00e9mico y escritor de m\u00faltiples obras jur\u00eddicas; hombre dedicado y precursor de mi pa\u00eds, M\u00e9xico, de infinidad de actividades acad\u00e9mico-pedag\u00f3gicas, tanto presenciales como virtuales, y de repercusi\u00f3n nacional e internacional\u2026\u201d, refiri\u00f3 Mart\u00ednez Garnelo sobre su homologo Jes\u00fas\u00a0Naveja\u00a0Mac\u00edas.<\/p>\n","protected":false},"excerpt":{"rendered":"<p>\u00bb Fulgencio | Ram\u00edrez Lozano ACAPULCO * 28 de marzo de 2023. ) Acapulco Press | Mundo21 La Academia Mexicana de Derecho y el Tribunal Superior de Justicia de Guerrero rindieron un merecido homenaje por sus trayectorias acad\u00e9micas y profesionales a los doctores en Derecho Jes\u00fas Mart\u00ednez Garnelo, de M\u00e9xico, y Petronilo Flores Condori, de&#8230;<\/p>\n","protected":false},"author":2,"featured_media":1252287,"comment_status":"closed","ping_status":"closed","sticky":false,"template":"","format":"standard","meta":{"footnotes":""},"categories":[1988,1994],"tags":[3140,17400],"class_list":["post-1252284","post","type-post","status-publish","format-standard","has-post-thumbnail","hentry","category-lifestyles","category-personalidades","tag-academia-mexicana-de-derecho","tag-tribunal-superior-de-justicia-de-guerrero"],"_links":{"self":[{"href":"https:\/\/www.acapulcopress.com\/index.php\/wp-json\/wp\/v2\/posts\/1252284","targetHints":{"allow":["GET"]}}],"collection":[{"href":"https:\/\/www.acapulcopress.com\/index.php\/wp-json\/wp\/v2\/posts"}],"about":[{"href":"https:\/\/www.acapulcopress.com\/index.php\/wp-json\/wp\/v2\/types\/post"}],"author":[{"embeddable":true,"href":"https:\/\/www.acapulcopress.com\/index.php\/wp-json\/wp\/v2\/users\/2"}],"replies":[{"embeddable":true,"href":"https:\/\/www.acapulcopress.com\/index.php\/wp-json\/wp\/v2\/comments?post=1252284"}],"version-history":[{"count":0,"href":"https:\/\/www.acapulcopress.com\/index.php\/wp-json\/wp\/v2\/posts\/1252284\/revisions"}],"wp:featuredmedia":[{"embeddable":true,"href":"https:\/\/www.acapulcopress.com\/index.php\/wp-json\/"}],"wp:attachment":[{"href":"https:\/\/www.acapulcopress.com\/index.php\/wp-json\/wp\/v2\/media?parent=1252284"}],"wp:term":[{"taxonomy":"category","embeddable":true,"href":"https:\/\/www.acapulcopress.com\/index.php\/wp-json\/wp\/v2\/categories?post=1252284"},{"taxonomy":"post_tag","embeddable":true,"href":"https:\/\/www.acapulcopress.com\/index.php\/wp-json\/wp\/v2\/tags?post=1252284"}],"curies":[{"name":"wp","href":"https:\/\/api.w.org\/{rel}","templated":true}]}}