{"id":1252291,"date":"2023-03-29T00:33:31","date_gmt":"2023-03-29T06:33:31","guid":{"rendered":"https:\/\/www.acapulcopress.com\/?p=1252291"},"modified":"2023-03-29T00:33:31","modified_gmt":"2023-03-29T06:33:31","slug":"melisa-denuncia-a-kalimba-por-abuso-sexual","status":"publish","type":"post","link":"https:\/\/www.acapulcopress.com\/index.php\/2023\/03\/29\/melisa-denuncia-a-kalimba-por-abuso-sexual\/","title":{"rendered":"Melisa denuncia a #Kalimba por abuso sexual"},"content":{"rendered":"<p style=\"text-align: justify;\">CIUDAD DE M\u00c9XICO * 28 de marzo de 2023.<br \/>\n<em>) <a href=\"https:\/\/latinus.us\/2023\/03\/28\/cantante-melissa-galindo-denuncia-kalimba-abuso-sexual-agravado\/\" target=\"_blank\" rel=\"noopener\">LatinUs<\/a><br \/>\n<\/em>La cantante <a href=\"https:\/\/www.facebook.com\/melissagalindo\" target=\"_blank\" rel=\"noopener\">Melissa Galindo<\/a> denunci\u00f3 este martes ante las instancias correspondientes a <a href=\"https:\/\/www.facebook.com\/KalimbaOficial\" target=\"_blank\" rel=\"noopener\">Kalimba<\/a>, integrante del grupo OV7, por el delito de abuso sexual agravado, luego de que el <img loading=\"lazy\" decoding=\"async\" class=\"alignleft size-medium wp-image-1252292\" src=\"https:\/\/www.acapulcopress.com\/wp-content\/uploads\/2023\/03\/kalimba-y-melisa-375x250.webp\" alt=\"\" width=\"375\" height=\"250\" \/>pasado 16 de marzo publicara un video en el que narr\u00f3 que el hecho ocurri\u00f3 en 2020.<\/p>\n<p style=\"text-align: justify;\">Desde su cuenta en <em>Instagram,<\/em> Galindo, en compa\u00f1\u00eda del colectivo \u201cNosotras para ellas mx\u201d, publicaron un comunicado en el que aseguraron que desde la denuncia p\u00fablica, la cantante ha sido revictimizada.<\/p>\n<p style=\"text-align: justify;\">\u201cMelissa fue revictimizada por diversas personas en las mismas redes sociales, as\u00ed como medios de comunicaci\u00f3n e incluso su agresor y equipo legal\u201d, acusaron.<\/p>\n<p style=\"text-align: justify;\">Asimismo, lamentaron que las v\u00edctimas que alzan la voz sean violentadas p\u00fablicamente amenaz\u00e1ndolas con acciones legales, las cuales acusaron que son usadas de forma tendenciosa.<\/p>\n<p style=\"text-align: justify;\">Un d\u00eda despu\u00e9s del video de Melissa Galindo, Kalimba neg\u00f3 las acusaciones en su contra y asegur\u00f3 que junto con su equipo legal se defender\u00eda ante las autoridades.<\/p>\n<p style=\"text-align: justify;\"><img loading=\"lazy\" decoding=\"async\" class=\"alignleft size-medium wp-image-1252294\" src=\"https:\/\/www.acapulcopress.com\/wp-content\/uploads\/2023\/03\/melsa-galindo-375x239.jpg\" alt=\"\" width=\"375\" height=\"239\" \/>\u201cInformo a la opini\u00f3n p\u00fablica que ejercer\u00e9 acciones legales por la difamaci\u00f3n de la que estoy siendo objeto, incluyendo en contra de quienes ha replicado este mensaje sin salvaguardar mi identidad y mis derechos\u201d, dijo el cantante en un comunicado publicado en sus redes sociales el 17 de marzo.<\/p>\n<p style=\"text-align: justify;\">En un video titulado \u201cEl acoso que viv\u00ed con Kalimba Marichal\u201d, Melissa Galindo cont\u00f3 c\u00f3mo inici\u00f3 su relaci\u00f3n laboral con la disquera del cantante y cu\u00e1l era su participaci\u00f3n en los conciertos del cantante.<\/p>\n<p style=\"text-align: justify;\">En su denuncia publicada en Instagram narr\u00f3 que tras un dar un concierto en Monterrey, ocurrido hace tres a\u00f1os, el int\u00e9rprete le hizo algunos tocamientos sin su consentimiento mientras viajaba en el mismo veh\u00edculo al finalizar el evento musical.<\/p>\n<p style=\"text-align: justify;\"><em>) S\u00edguenos en nuestra p\u00e1gina Facebook <a href=\"https:\/\/www.facebook.com\/acapulcopress.news\" target=\"_blank\" rel=\"noopener\">Acapulco Press<\/a><\/em><\/p>\n","protected":false},"excerpt":{"rendered":"<p>CIUDAD DE M\u00c9XICO * 28 de marzo de 2023. ) LatinUs La cantante Melissa Galindo denunci\u00f3 este martes ante las instancias correspondientes a Kalimba, integrante del grupo OV7, por el delito de abuso sexual agravado, luego de que el pasado 16 de marzo publicara un video en el que narr\u00f3 que el hecho ocurri\u00f3 en&#8230;<\/p>\n","protected":false},"author":2,"featured_media":1252293,"comment_status":"closed","ping_status":"closed","sticky":false,"template":"","format":"standard","meta":{"footnotes":""},"categories":[1997],"tags":[3116,11386,12911],"class_list":["post-1252291","post","type-post","status-publish","format-standard","has-post-thumbnail","hentry","category-noticias-destacadas","tag-abuso-sexual","tag-kalimba","tag-melissa-galindo"],"_links":{"self":[{"href":"https:\/\/www.acapulcopress.com\/index.php\/wp-json\/wp\/v2\/posts\/1252291","targetHints":{"allow":["GET"]}}],"collection":[{"href":"https:\/\/www.acapulcopress.com\/index.php\/wp-json\/wp\/v2\/posts"}],"about":[{"href":"https:\/\/www.acapulcopress.com\/index.php\/wp-json\/wp\/v2\/types\/post"}],"author":[{"embeddable":true,"href":"https:\/\/www.acapulcopress.com\/index.php\/wp-json\/wp\/v2\/users\/2"}],"replies":[{"embeddable":true,"href":"https:\/\/www.acapulcopress.com\/index.php\/wp-json\/wp\/v2\/comments?post=1252291"}],"version-history":[{"count":0,"href":"https:\/\/www.acapulcopress.com\/index.php\/wp-json\/wp\/v2\/posts\/1252291\/revisions"}],"wp:featuredmedia":[{"embeddable":true,"href":"https:\/\/www.acapulcopress.com\/index.php\/wp-json\/"}],"wp:attachment":[{"href":"https:\/\/www.acapulcopress.com\/index.php\/wp-json\/wp\/v2\/media?parent=1252291"}],"wp:term":[{"taxonomy":"category","embeddable":true,"href":"https:\/\/www.acapulcopress.com\/index.php\/wp-json\/wp\/v2\/categories?post=1252291"},{"taxonomy":"post_tag","embeddable":true,"href":"https:\/\/www.acapulcopress.com\/index.php\/wp-json\/wp\/v2\/tags?post=1252291"}],"curies":[{"name":"wp","href":"https:\/\/api.w.org\/{rel}","templated":true}]}}