{"id":1252310,"date":"2023-03-29T19:30:02","date_gmt":"2023-03-30T01:30:02","guid":{"rendered":"https:\/\/www.acapulcopress.com\/?p=1252310"},"modified":"2023-03-29T19:30:02","modified_gmt":"2023-03-30T01:30:02","slug":"no-debe-haber-injerencia-entre-poderes-autonomos-jesus-navejas-macias","status":"publish","type":"post","link":"https:\/\/www.acapulcopress.com\/index.php\/2023\/03\/29\/no-debe-haber-injerencia-entre-poderes-autonomos-jesus-navejas-macias\/","title":{"rendered":"No debe haber injerencia entre poderes aut\u00f3nomos | Jes\u00fas Navejas Mac\u00edas"},"content":{"rendered":"<p style=\"text-align: justify;\">\u00bb <strong>Fulgencio<\/strong> | <strong>Ram\u00edrez Lozano<\/strong><br \/>\nACAPULCO * 29 de marzo de 2023.<br \/>\n<em>) Acapulco Press | Mundo21<\/em><br \/>\nNo debe de haber injerencia del Poder Ejecutivo hacia los dem\u00e1s Poderes. Debe de haber el debate de ideas e imperar el pluralismo, expres\u00f3 <a href=\"https:\/\/www.facebook.com\/jesus.navejamacias\" target=\"_blank\" rel=\"noopener\">Jes\u00fas Naveja Mac\u00edas<\/a>, presidente de la <img loading=\"lazy\" decoding=\"async\" class=\"alignleft size-medium wp-image-1252313\" src=\"https:\/\/www.acapulcopress.com\/wp-content\/uploads\/2023\/03\/Jesus-Naveja-Macias2-375x211.jpg\" alt=\"\" width=\"375\" height=\"211\" \/>Academia Mexicana de Derecho Penal \u201cJuan Vel\u00e1zquez\u201d, durante la celebraci\u00f3n del Primer Congreso Internacional de Derecho Penal.<\/p>\n<p style=\"text-align: justify;\">Entrevistado en la Universidad Americana de Acapulco, donde la Academia y el Tribunal Superior de Justicia de Guerrero homenajearon las trayectorias de los prestigiados juristas Jes\u00fas Mart\u00ednez Garnelo, de M\u00e9xico, y de Petronilo Flores Condori, de Bolivia, el constitucionalista Jes\u00fas Naveja precis\u00f3 que, en materia de democracia, hay una complejidad en toda Am\u00e9rica Latina sobre el tema, pero reitero que para que exista debe de haber un debate de las ideas e imperar el pluralismo.<\/p>\n<p style=\"text-align: justify;\">En el marco del Congreso Internacional de Derecho Penal, el prestigiado jurista constitucionalista expuso el tema de la Democratizaci\u00f3n del Proceso Penal, ahora que se integrar\u00e1 un nuevo C\u00f3digo en Materia Civil y Familiar, que implicar\u00e1 evitar muchos problemas legales con reglamentos procesales, ya que antes hab\u00eda mucho rezago en la impartici\u00f3n de justicia.<\/p>\n<p style=\"text-align: justify;\">Posteriormente, durante la entrevista, dijo que en ning\u00fan gobierno debe de haber injerencia de un Poder a otro, no debe de existir; debe de haber una separaci\u00f3n y distribuci\u00f3n del poder, con poderes equilibrados y limitados, pesos y contrapesos. \u201cHay mecanismos internos y externos de controlar el Poder y deben de ejercerse siempre\u201d, sentenci\u00f3.<\/p>\n<p style=\"text-align: justify;\">Subray\u00f3 que cada Poder tiene que limitar al otro en las democracias de todos los pa\u00edses, y dijo, los Tribunales Constitucionales o Cortes Supremas, son los grandes mecanismos para controlar el tema del Poder; en el debate que se da la democracia, que es el parlamento legislativo que se elige democr\u00e1ticamente y el constitucionalismo, que son los tribunales.<\/p>\n<p style=\"text-align: justify;\">Pero m\u00e1s que decir o calificar una cuesti\u00f3n de subjetividad \u2013puntualiz\u00f3 el doctor en Derecho Penal-, \u201clos lineamientos son claros, tenemos una carta democr\u00e1tica interamericana, que es uno de los grandes par\u00e1metros donde se maneja la democracia participativa, la representativa, la transparencia, la rendici\u00f3n de cuentas, que son mecanismos para eficientar las\u00a0democracias.<\/p>\n<div style=\"width: 640px;\" class=\"wp-video\"><video class=\"wp-video-shortcode\" id=\"video-1252310-1\" width=\"640\" height=\"352\" preload=\"metadata\" controls=\"controls\"><source type=\"video\/mp4\" src=\"https:\/\/www.acapulcopress.com\/wp-content\/uploads\/2023\/03\/Jesus-Naveja-Macias-1.mp4?_=1\" \/><a href=\"https:\/\/www.acapulcopress.com\/wp-content\/uploads\/2023\/03\/Jesus-Naveja-Macias-1.mp4\">https:\/\/www.acapulcopress.com\/wp-content\/uploads\/2023\/03\/Jesus-Naveja-Macias-1.mp4<\/a><\/video><\/div>\n<p style=\"text-align: justify;\"><em>) S\u00edguenos en nuestra p\u00e1gina Facebook <a href=\"https:\/\/www.facebook.com\/acapulcopress.news\" target=\"_blank\" rel=\"noopener\">Acapulco Press<\/a><\/em><\/p>\n","protected":false},"excerpt":{"rendered":"<p>\u00bb Fulgencio | Ram\u00edrez Lozano ACAPULCO * 29 de marzo de 2023. ) Acapulco Press | Mundo21 No debe de haber injerencia del Poder Ejecutivo hacia los dem\u00e1s Poderes. Debe de haber el debate de ideas e imperar el pluralismo, expres\u00f3 Jes\u00fas Naveja Mac\u00edas, presidente de la Academia Mexicana de Derecho Penal \u201cJuan Vel\u00e1zquez\u201d, durante&#8230;<\/p>\n","protected":false},"author":2,"featured_media":1252311,"comment_status":"closed","ping_status":"closed","sticky":false,"template":"","format":"standard","meta":{"footnotes":""},"categories":[1969,2005],"tags":[3141,6387,10740],"class_list":["post-1252310","post","type-post","status-publish","format-standard","has-post-thumbnail","hentry","category-trending","category-seguridad-y-justicia","tag-academia-mexicana-de-derecho-penal-juan-velazquez","tag-congreso-internacional-de-derecho-penal","tag-jesus-naveja-macias"],"_links":{"self":[{"href":"https:\/\/www.acapulcopress.com\/index.php\/wp-json\/wp\/v2\/posts\/1252310","targetHints":{"allow":["GET"]}}],"collection":[{"href":"https:\/\/www.acapulcopress.com\/index.php\/wp-json\/wp\/v2\/posts"}],"about":[{"href":"https:\/\/www.acapulcopress.com\/index.php\/wp-json\/wp\/v2\/types\/post"}],"author":[{"embeddable":true,"href":"https:\/\/www.acapulcopress.com\/index.php\/wp-json\/wp\/v2\/users\/2"}],"replies":[{"embeddable":true,"href":"https:\/\/www.acapulcopress.com\/index.php\/wp-json\/wp\/v2\/comments?post=1252310"}],"version-history":[{"count":0,"href":"https:\/\/www.acapulcopress.com\/index.php\/wp-json\/wp\/v2\/posts\/1252310\/revisions"}],"wp:featuredmedia":[{"embeddable":true,"href":"https:\/\/www.acapulcopress.com\/index.php\/wp-json\/"}],"wp:attachment":[{"href":"https:\/\/www.acapulcopress.com\/index.php\/wp-json\/wp\/v2\/media?parent=1252310"}],"wp:term":[{"taxonomy":"category","embeddable":true,"href":"https:\/\/www.acapulcopress.com\/index.php\/wp-json\/wp\/v2\/categories?post=1252310"},{"taxonomy":"post_tag","embeddable":true,"href":"https:\/\/www.acapulcopress.com\/index.php\/wp-json\/wp\/v2\/tags?post=1252310"}],"curies":[{"name":"wp","href":"https:\/\/api.w.org\/{rel}","templated":true}]}}