{"id":1252317,"date":"2023-03-29T16:39:34","date_gmt":"2023-03-29T22:39:34","guid":{"rendered":"https:\/\/www.acapulcopress.com\/?p=1252317"},"modified":"2023-03-29T16:39:34","modified_gmt":"2023-03-29T22:39:34","slug":"educacion-clave-para-el-desarrollo-y-bienestar-de-guerrero-evelyn-salgado","status":"publish","type":"post","link":"https:\/\/www.acapulcopress.com\/index.php\/2023\/03\/29\/educacion-clave-para-el-desarrollo-y-bienestar-de-guerrero-evelyn-salgado\/","title":{"rendered":"\u00abEducaci\u00f3n: Clave para el desarrollo y bienestar de Guerrero\u00bb | Evelyn Salgado"},"content":{"rendered":"<p style=\"text-align: justify;\"><img loading=\"lazy\" decoding=\"async\" class=\"alignnone wp-image-1252318 size-large\" src=\"https:\/\/www.acapulcopress.com\/wp-content\/uploads\/2023\/03\/esp.educacion-840x559.jpg\" alt=\"\" width=\"696\" height=\"463\" \/><\/p>\n<p style=\"text-align: justify;\">CHILPANCINGO * 29 de marzo de 2023.<br \/>\n<em>) Gobierno de Guerrero<\/em><br \/>\n\u00abLa educaci\u00f3n es la clave para el desarrollo y bienestar de Guerrero y vamos a redoblar <img loading=\"lazy\" decoding=\"async\" class=\"alignleft size-medium wp-image-1252326\" src=\"https:\/\/www.acapulcopress.com\/wp-content\/uploads\/2023\/03\/esp.educacion9-375x250.jpg\" alt=\"\" width=\"375\" height=\"250\" \/>esfuerzos para seguir invirtiendo en la formaci\u00f3n de los docentes\u00bb, afirm\u00f3 la gobernadora <a href=\"https:\/\/www.facebook.com\/EvelynSalgadoP\" target=\"_blank\" rel=\"noopener\">Evelyn Salgado Pineda<\/a> al entregar mil 280 Laptops, as\u00ed como uniformes deportivos beneficiando a m\u00e1s de 2 mil estudiantes de las ocho normales p\u00fablicas del estado con una inversi\u00f3n superior a los 23.8 millones de pesos.<\/p>\n<p style=\"text-align: justify;\">\u00abVamos a seguir redoblando esfuerzos y a seguir trabajando por los estudiantes y brindarles todas las herramientas para que tengan un excelente desarrollo y sean excelentes maestras y maestros, para transformar la educaci\u00f3n en Guerrero\u00bb, afirm\u00f3 la gobernadora.<\/p>\n<p style=\"text-align: justify;\">En su mensaje Evelyn Salgado dijo que esta entrega de equipos de c\u00f3mputo y uniformes es parte de la estrategia para apoyar a este sector educativo que es clave para el desarrollo <img loading=\"lazy\" decoding=\"async\" class=\"alignleft size-medium wp-image-1252324\" src=\"https:\/\/www.acapulcopress.com\/wp-content\/uploads\/2023\/03\/esp.educacion7-375x250.jpg\" alt=\"\" width=\"375\" height=\"250\" \/>de la educaci\u00f3n, que ser\u00e1n los pr\u00f3ximos docentes en Guerrero y que tendr\u00e1n en sus manos el futuro de las pr\u00f3ximas generaciones.<\/p>\n<p style=\"text-align: justify;\">En la explanada de Casa Guerrero, la gobernadora salud\u00f3 a estudiantes de las escuelas normales de la Monta\u00f1a; de Tierra Caliente, de la Escuela Normal \u00abVicente Guerrero\u00bb de Teloloapan; del Centro Regional de Educaci\u00f3n Normal de Iguala; de la Escuela Normal Urbana Federal de Chilpancingo; de la Escuela Normal Preescolar \u00abAdolfo Viguri Viguri\u00bb, la Centenaria Escuela Normal del Estado y la Escuela Superior de Educaci\u00f3n F\u00edsica de Acapulco.<\/p>\n<p style=\"text-align: justify;\">Explic\u00f3 que, para consolidar la gran revoluci\u00f3n educativa en Guerrero, se entregan mil 280 equipos de c\u00f3mputo, 661 a j\u00f3venes de primer a\u00f1o y 619 para j\u00f3venes pr\u00f3ximos a concluir <img loading=\"lazy\" decoding=\"async\" class=\"alignleft size-medium wp-image-1252323\" src=\"https:\/\/www.acapulcopress.com\/wp-content\/uploads\/2023\/03\/esp.educacion6-375x215.jpg\" alt=\"\" width=\"375\" height=\"215\" \/>sus estudios, adem\u00e1s de entregar uniformes deportivos de calidad, sumando un total de m\u00e1s de 2 mil estudiantes normalistas beneficiados con una inversi\u00f3n de 23 millones 850 mil pesos.<\/p>\n<p style=\"text-align: justify;\">Por su parte el secretario de Educaci\u00f3n Guerrero, <a href=\"https:\/\/www.facebook.com\/MarcialRodriguezS\" target=\"_blank\" rel=\"noopener\">Marcial Rodr\u00edguez Salda\u00f1a<\/a>, puntualiz\u00f3 que estos grandes apoyos que reciben las Normales P\u00fablicas del Estado es resultado de un gran di\u00e1logo a efecto de consolidar la formaci\u00f3n de las maestras y maestros en Guerrero.<\/p>\n<p style=\"text-align: justify;\">Dijo que el a\u00f1o anterior se destinaron m\u00e1s de 31 millones de pesos como una gesti\u00f3n para fortalecer la infraestructura f\u00edsica, tecnol\u00f3gica y educativa de las ocho normales p\u00fablicas, <img loading=\"lazy\" decoding=\"async\" class=\"alignleft size-medium wp-image-1252322\" src=\"https:\/\/www.acapulcopress.com\/wp-content\/uploads\/2023\/03\/esp.educacion5-375x201.jpg\" alt=\"\" width=\"375\" height=\"201\" \/>ratificando el compromiso de la gobernadora Evelyn Salgado.<\/p>\n<p style=\"text-align: justify;\">A nombre de los estudiantes e integrantes del Colectivo Escolar Normalista, el alumno Merari Gummel Vargas R\u00edos, agradeci\u00f3 el apoyo de la gobernadora por su gesti\u00f3n para que puedan contar con las herramientas necesarias para desarrollar de mejor manera sus actividades como lo marcan los planes de estudio.<\/p>\n<p style=\"text-align: justify;\">\u00abEstoy seguro que seguiremos fortaleci\u00e9ndonos como profesionales de la educaci\u00f3n, coadyuvando con la formaci\u00f3n de nuevas generaciones en educaci\u00f3n b\u00e1sica, se\u00f1ora gobernadora integremos todos un equipo en pro de la educaci\u00f3n de nuestro estado, juntos <img loading=\"lazy\" decoding=\"async\" class=\"alignleft size-medium wp-image-1252321\" src=\"https:\/\/www.acapulcopress.com\/wp-content\/uploads\/2023\/03\/esp.educacion4-375x562.jpg\" alt=\"\" width=\"375\" height=\"562\" \/>transformamos la educaci\u00f3n y Guerrero\u00bb, expres\u00f3 el estudiante de la Escuela Normal Preescolar \u00abAdolfo\u00a0Viguri\u00a0Viguri\u00bb.<\/p>\n<p style=\"text-align: justify;\"><em>) S\u00edguenos en nuestra p\u00e1gina Facebook |<a href=\"https:\/\/www.facebook.com\/acapulcopress.news\" target=\"_blank\" rel=\"noopener\"> Acapulco Press<\/a><\/em><\/p>\n","protected":false},"excerpt":{"rendered":"<p>CHILPANCINGO * 29 de marzo de 2023. ) Gobierno de Guerrero \u00abLa educaci\u00f3n es la clave para el desarrollo y bienestar de Guerrero y vamos a redoblar esfuerzos para seguir invirtiendo en la formaci\u00f3n de los docentes\u00bb, afirm\u00f3 la gobernadora Evelyn Salgado Pineda al entregar mil 280 Laptops, as\u00ed como uniformes deportivos beneficiando a m\u00e1s&#8230;<\/p>\n","protected":false},"author":2,"featured_media":1252327,"comment_status":"closed","ping_status":"closed","sticky":false,"template":"","format":"standard","meta":{"footnotes":""},"categories":[1972,1983,18561],"tags":[],"class_list":["post-1252317","post","type-post","status-publish","format-standard","has-post-thumbnail","hentry","category-special","category-guerrerogob","category-society-politics"],"_links":{"self":[{"href":"https:\/\/www.acapulcopress.com\/index.php\/wp-json\/wp\/v2\/posts\/1252317","targetHints":{"allow":["GET"]}}],"collection":[{"href":"https:\/\/www.acapulcopress.com\/index.php\/wp-json\/wp\/v2\/posts"}],"about":[{"href":"https:\/\/www.acapulcopress.com\/index.php\/wp-json\/wp\/v2\/types\/post"}],"author":[{"embeddable":true,"href":"https:\/\/www.acapulcopress.com\/index.php\/wp-json\/wp\/v2\/users\/2"}],"replies":[{"embeddable":true,"href":"https:\/\/www.acapulcopress.com\/index.php\/wp-json\/wp\/v2\/comments?post=1252317"}],"version-history":[{"count":0,"href":"https:\/\/www.acapulcopress.com\/index.php\/wp-json\/wp\/v2\/posts\/1252317\/revisions"}],"wp:featuredmedia":[{"embeddable":true,"href":"https:\/\/www.acapulcopress.com\/index.php\/wp-json\/"}],"wp:attachment":[{"href":"https:\/\/www.acapulcopress.com\/index.php\/wp-json\/wp\/v2\/media?parent=1252317"}],"wp:term":[{"taxonomy":"category","embeddable":true,"href":"https:\/\/www.acapulcopress.com\/index.php\/wp-json\/wp\/v2\/categories?post=1252317"},{"taxonomy":"post_tag","embeddable":true,"href":"https:\/\/www.acapulcopress.com\/index.php\/wp-json\/wp\/v2\/tags?post=1252317"}],"curies":[{"name":"wp","href":"https:\/\/api.w.org\/{rel}","templated":true}]}}