{"id":1252330,"date":"2023-03-29T20:55:47","date_gmt":"2023-03-30T02:55:47","guid":{"rendered":"https:\/\/www.acapulcopress.com\/?p=1252330"},"modified":"2023-03-29T20:55:47","modified_gmt":"2023-03-30T02:55:47","slug":"gobernadora-entrego-parque-vehicular-a-ssp-y-pc-valuado-en-196-millones-de-pesos","status":"publish","type":"post","link":"https:\/\/www.acapulcopress.com\/index.php\/2023\/03\/29\/gobernadora-entrego-parque-vehicular-a-ssp-y-pc-valuado-en-196-millones-de-pesos\/","title":{"rendered":"Gobernadora entreg\u00f3 parque vehicular a SSP y PC valuado en 196 millones de pesos"},"content":{"rendered":"<p style=\"text-align: justify;\">CHILPANCINGO * 29 de marzo de 2023.<br \/>\n<em>) Gobierno de Guerrero<br \/>\n<\/em>Derivado de la correcta gesti\u00f3n y administraci\u00f3n transparente de los recursos p\u00fablicos bajo <img loading=\"lazy\" decoding=\"async\" class=\"alignleft size-medium wp-image-1252339\" src=\"https:\/\/www.acapulcopress.com\/wp-content\/uploads\/2023\/03\/vehiculos.gro9_-375x250.jpg\" alt=\"\" width=\"375\" height=\"250\" \/>los principios de austeridad, la gobernadora <a href=\"https:\/\/www.facebook.com\/EvelynSalgadoP\" target=\"_blank\" rel=\"noopener\">Evelyn Salgado Pineda<\/a> realiz\u00f3 la entrega de un parque vehicular de 80 patrullas a la polic\u00eda estatal, adem\u00e1s de ambulancias y diversas unidades de apoyo, as\u00ed como equipos de radio comunicaci\u00f3n, mobiliario y 300 c\u00e1maras de videovigilancia, con una inversi\u00f3n hist\u00f3rica superior a los 196 millones de pesos.<\/p>\n<p style=\"text-align: justify;\">La mandataria estatal puntualiz\u00f3 que nunca antes se hab\u00eda visto un monto de inversi\u00f3n tan grande para el fortalecimiento de la seguridad en Guerrero con recursos propios del estado, esto gracias al plan de austeridad que tiene el objetivo de fortalecer las labores y acciones de seguridad p\u00fablica para la construcci\u00f3n de la paz de la poblaci\u00f3n.<\/p>\n<p style=\"text-align: justify;\">\u00abEste monto hist\u00f3rico de inversi\u00f3n que incluye las 80 patrullas, las 3 ambulancias, 12 <img loading=\"lazy\" decoding=\"async\" class=\"alignleft size-medium wp-image-1252338\" src=\"https:\/\/www.acapulcopress.com\/wp-content\/uploads\/2023\/03\/vehiculos.gro8_-375x246.jpg\" alt=\"\" width=\"375\" height=\"246\" \/>cuatrimotos, 300 c\u00e1maras de videovigilancia, dos pipas de agua para bomberos, 50 equipos de respiraci\u00f3n, 120 piezas de equipo port\u00e1til para patrullas, incluyendo radios y consolas de grabaci\u00f3n, que estar\u00e1n al servicio del pueblo de Guerrero en todas sus regiones fortaleciendo los trabajos que estamos realizando\u00bb, afirm\u00f3 Evelyn Salgado.<\/p>\n<p style=\"text-align: justify;\">Agreg\u00f3 que su administraci\u00f3n conoce la complejidad de los temas de seguridad en Guerrero en las comunidades afectadas donde el gobierno del estado ha escuchado, atendido y ha dado la cara con responsabilidad y con empat\u00eda para alcanzar la anhelada paz del estado.<\/p>\n<p style=\"text-align: justify;\">Se\u00f1al\u00f3 que con la nueva estrategia de seguridad en Guerrero se ha logrado avanzar en la <img loading=\"lazy\" decoding=\"async\" class=\"alignleft size-medium wp-image-1252336\" src=\"https:\/\/www.acapulcopress.com\/wp-content\/uploads\/2023\/03\/vehiculos.gro6_-375x250.jpg\" alt=\"\" width=\"375\" height=\"250\" \/>recuperaci\u00f3n de gran parte del territorio del estado, en la consolidaci\u00f3n del Estado de Derecho y de la autoridad en todos los rincones de la entidad, teniendo niveles de incidencia delictiva hist\u00f3ricamente bajos en delitos de alto impacto con una tendencia a la baja en robo de veh\u00edculos que ha disminuido en m\u00e1s del 50 por ciento durante el primer a\u00f1o de esta administraci\u00f3n con respecto al mismo periodo del a\u00f1o anterior.<\/p>\n<p style=\"text-align: justify;\">Adem\u00e1s, dijo que el secuestro ha disminuido en m\u00e1s del 75 por ciento con el mismo periodo en comparaci\u00f3n, mientras que en el caso de homicidios dolosos que hoy mantiene niveles similares a los de la pandemia con registros por debajo de la media nacional de a\u00f1os anteriores.<\/p>\n<p style=\"text-align: justify;\"><img loading=\"lazy\" decoding=\"async\" class=\"alignleft size-medium wp-image-1252331\" src=\"https:\/\/www.acapulcopress.com\/wp-content\/uploads\/2023\/03\/vehiculos.gro_-375x250.jpg\" alt=\"\" width=\"375\" height=\"250\" \/>A\u00f1adi\u00f3 que hoy en Guerrero de atienden las causas que originan y generan la violencia como la pobreza y la marginaci\u00f3n y la falta de oportunidades, por lo que se hace un esfuerzo hist\u00f3rico como lo es esta entrega para erradicar la violencia contra las mujeres a trav\u00e9s del Protocolo Violeta.<\/p>\n<p style=\"text-align: justify;\">El evento se realiz\u00f3 en la explanada del Recinto del Poder Ejecutivo, Casa del Pueblo donde se entregaron de manera simb\u00f3lica los equipos y unidades a la Secretar\u00eda de Seguridad P\u00fablica del Estado y a la Secretar\u00eda de Gesti\u00f3n Integral de Riesgos y Protecci\u00f3n Civil para fortalecer sus capacidades operativas en favor de las y los guerrerenses.<\/p>\n<p>En el evento, la gobernadora Evelyn Salgado recibi\u00f3 el respaldo de los mandos militares y <img loading=\"lazy\" decoding=\"async\" class=\"alignleft size-medium wp-image-1252334\" src=\"https:\/\/www.acapulcopress.com\/wp-content\/uploads\/2023\/03\/vehiculos.gro4_-375x250.jpg\" alt=\"\" width=\"375\" height=\"250\" \/>navales en Guerrero a trav\u00e9s de los comandantes de la D\u00e9cima Segunda Regi\u00f3n Naval, Julio C\u00e9sar Pescina \u00c1vila y del comandante de la Novena Regi\u00f3n Militar, Ricardo Flores Gonz\u00e1lez, para continuar combatiendo los \u00edndices delictivos y procurar la paz y bienestar de Guerrero.<\/p>\n<p style=\"text-align: justify;\">Asistieron al evento el senador <a href=\"https:\/\/www.facebook.com\/FelixSalgadoMX\" target=\"_blank\" rel=\"noopener\">F\u00e9lix Salgado Macedonio<\/a>; la diputada presidenta de la Mesa Directiva del Congreso del Estado, <a href=\"https:\/\/www.facebook.com\/profile.php?id=100076222897427\" target=\"_blank\" rel=\"noopener\">Yanelly Hern\u00e1ndez Mart\u00ednez<\/a>; el Presidente del Tribunal Superior de Justicia, <a href=\"https:\/\/www.facebook.com\/profile.php?id=100077968715353\" target=\"_blank\" rel=\"noopener\">Raymundo Casarrubias V\u00e1zquez<\/a>; el Coordinador Estatal de la Guardia Nacional, Andr\u00e9s Ram\u00edrez Xochicalli; la Presidenta de la Comisi\u00f3n de los Derechos Humanos en Guerrero, <a href=\"https:\/\/www.facebook.com\/CeciliaNarcisoG\" target=\"_blank\" rel=\"noopener\">Cecilia Narciso Gayt\u00e1n<\/a>,\u00a0entre\u00a0otros.<\/p>\n<p style=\"text-align: justify;\"><em>) S\u00edguenos en nuestra p\u00e1gina Facebook | <a href=\"https:\/\/www.facebook.com\/acapulcopress.news\" target=\"_blank\" rel=\"noopener\">Acapulco Press<\/a><\/em><\/p>\n","protected":false},"excerpt":{"rendered":"<p>CHILPANCINGO * 29 de marzo de 2023. ) Gobierno de Guerrero Derivado de la correcta gesti\u00f3n y administraci\u00f3n transparente de los recursos p\u00fablicos bajo los principios de austeridad, la gobernadora Evelyn Salgado Pineda realiz\u00f3 la entrega de un parque vehicular de 80 patrullas a la polic\u00eda estatal, adem\u00e1s de ambulancias y diversas unidades de apoyo,&#8230;<\/p>\n","protected":false},"author":2,"featured_media":1252332,"comment_status":"closed","ping_status":"closed","sticky":false,"template":"","format":"standard","meta":{"footnotes":""},"categories":[1969,18561,2005],"tags":[8251,9302],"class_list":["post-1252330","post","type-post","status-publish","format-standard","has-post-thumbnail","hentry","category-trending","category-society-politics","category-seguridad-y-justicia","tag-evelyn-salgado-pineda","tag-gobierno-de-guerrero"],"_links":{"self":[{"href":"https:\/\/www.acapulcopress.com\/index.php\/wp-json\/wp\/v2\/posts\/1252330","targetHints":{"allow":["GET"]}}],"collection":[{"href":"https:\/\/www.acapulcopress.com\/index.php\/wp-json\/wp\/v2\/posts"}],"about":[{"href":"https:\/\/www.acapulcopress.com\/index.php\/wp-json\/wp\/v2\/types\/post"}],"author":[{"embeddable":true,"href":"https:\/\/www.acapulcopress.com\/index.php\/wp-json\/wp\/v2\/users\/2"}],"replies":[{"embeddable":true,"href":"https:\/\/www.acapulcopress.com\/index.php\/wp-json\/wp\/v2\/comments?post=1252330"}],"version-history":[{"count":0,"href":"https:\/\/www.acapulcopress.com\/index.php\/wp-json\/wp\/v2\/posts\/1252330\/revisions"}],"wp:featuredmedia":[{"embeddable":true,"href":"https:\/\/www.acapulcopress.com\/index.php\/wp-json\/"}],"wp:attachment":[{"href":"https:\/\/www.acapulcopress.com\/index.php\/wp-json\/wp\/v2\/media?parent=1252330"}],"wp:term":[{"taxonomy":"category","embeddable":true,"href":"https:\/\/www.acapulcopress.com\/index.php\/wp-json\/wp\/v2\/categories?post=1252330"},{"taxonomy":"post_tag","embeddable":true,"href":"https:\/\/www.acapulcopress.com\/index.php\/wp-json\/wp\/v2\/tags?post=1252330"}],"curies":[{"name":"wp","href":"https:\/\/api.w.org\/{rel}","templated":true}]}}