{"id":1252342,"date":"2023-03-29T22:22:56","date_gmt":"2023-03-30T04:22:56","guid":{"rendered":"https:\/\/www.acapulcopress.com\/?p=1252342"},"modified":"2023-03-29T22:22:56","modified_gmt":"2023-03-30T04:22:56","slug":"adan-augusto","status":"publish","type":"post","link":"https:\/\/www.acapulcopress.com\/index.php\/2023\/03\/29\/adan-augusto\/","title":{"rendered":"Ad\u00e1n Augusto\u00a0"},"content":{"rendered":"<p style=\"text-align: justify;\">Tercera V\u00eda<br \/>\n\u00bb <strong>ERNESTO<\/strong> | <strong>RIVERA RODR\u00cdGUEZ<br \/>\n<\/strong><em>) Facebook @<a href=\"https:\/\/www.facebook.com\/profile.php?id=100029214670744\" target=\"_blank\" rel=\"noopener\">Ernesto Rivera<\/a><\/em><\/p>\n<p style=\"text-align: justify;\">Hoy el Secretario de Gobernaci\u00f3n, <a href=\"https:\/\/www.facebook.com\/AdanAugustoLopezHdz\" target=\"_blank\" rel=\"noopener\">Ad\u00e1n Augusto L\u00f3pez Hern\u00e1ndez, <\/a>ha tenido que manejar la tragedia de Ciudad Ju\u00e1rez Chihuahua, con tal oficio pol\u00edtico c\u00f3mo jam\u00e1s en su vida p\u00fablica, porqu\u00e9 cuando el destino te toca as\u00ed, debes ser m\u00e1s fuerte qu\u00e9 \u00e9l.<\/p>\n<p style=\"text-align: justify;\">Hoy debi\u00f3 dejar a un lado su agenda como precandidato de Morena, para poner en juego todo el quehacer y poder pol\u00edtico que representa ser el titular del Palacio de Bucareli y todo lo que ello representa, sin lugar a dudas el hombre m\u00e1s informado del pa\u00eds y todo lo que conlleva eso, para dar claridad, transparencia y veracidad a la opini\u00f3n p\u00fablica nacional y al mundo del porqu\u00e9 fall\u00f3 el INM, y actuar en consecuencia.<\/p>\n<p style=\"text-align: justify;\">Esto sin escatimar que a lo largo y ancho del pa\u00eds se mueven decenas de miles de organizaciones pol\u00edticas y sociales que trabajan para convencer y potenciar su carrera por lograr triunfar en la Encuesta, para convertirse en el promotor del voto por Morena a nivel nacional.<\/p>\n<p style=\"text-align: justify;\">Escuetamente el Coordinador en Guerrero\u00a0 de la promoci\u00f3n pol\u00edtica a favor del Secretario de Gobernaci\u00f3n, <a href=\"https:\/\/www.facebook.com\/YoshioAvilaG\" target=\"_blank\" rel=\"noopener\">Yoshio \u00c1vila Gonz\u00e1lez<\/a>, se\u00f1al\u00f3 que si bien c\u00f3mo responsable institucional y org\u00e1nico del INM, de ninguna manera es ni puede ser sujeto de se\u00f1alamiento alguno de responsabilidad legal,\u00a0 como sin argumento alguno se viene publicando en los medios y redes sociales.<\/p>\n<p style=\"text-align: justify;\">Sobre la visita del precandidato Ad\u00e1n Augusto L\u00f3pez, este s\u00e1bado primero de abril, a esta\u00a0 ciudad y puerto, afirm\u00f3 que no hay ninguna informaci\u00f3n de suspensi\u00f3n de ello, evento en el que como principal orador profundizar\u00e1 en el tema de la Reforma Electoral y Gobernabilidad en M\u00e9xico.<\/p>\n<p style=\"text-align: justify;\">Yoshio Avila mostr\u00f3 una firme seguridad en la permanencia y blindaje pol\u00edtico y social del actual Secretario de Gobernaci\u00f3n, para alcanzar el triunfo en la Encuesta y con ello la candidatura\u00a0 cuyos esfuerzos para lograrlo en Guerrero no se escatiman ni voluntad ni convencimiento\u00a0a\u00a0su\u00a0favor.<\/p>\n<p style=\"text-align: justify;\"><em>) S\u00edguenos en nuestra p\u00e1gina Facebook | <a href=\"https:\/\/www.facebook.com\/acapulcopress.news\" target=\"_blank\" rel=\"noopener\">Acapulco Press<\/a><\/em><\/p>\n","protected":false},"excerpt":{"rendered":"<p>Tercera V\u00eda \u00bb ERNESTO | RIVERA RODR\u00cdGUEZ ) Facebook @Ernesto Rivera Hoy el Secretario de Gobernaci\u00f3n, Ad\u00e1n Augusto L\u00f3pez Hern\u00e1ndez, ha tenido que manejar la tragedia de Ciudad Ju\u00e1rez Chihuahua, con tal oficio pol\u00edtico c\u00f3mo jam\u00e1s en su vida p\u00fablica, porqu\u00e9 cuando el destino te toca as\u00ed, debes ser m\u00e1s fuerte qu\u00e9 \u00e9l. Hoy debi\u00f3&#8230;<\/p>\n","protected":false},"author":2,"featured_media":1252343,"comment_status":"closed","ping_status":"closed","sticky":false,"template":"","format":"standard","meta":{"footnotes":""},"categories":[2071,1991],"tags":[3247,13297,18272],"class_list":["post-1252342","post","type-post","status-publish","format-standard","has-post-thumbnail","hentry","category-opinion-analisis-columnas","category-libertad-de-expresion","tag-adan-augusto-lopez-hernandez","tag-morena","tag-yoshio-avila-gonzalez"],"_links":{"self":[{"href":"https:\/\/www.acapulcopress.com\/index.php\/wp-json\/wp\/v2\/posts\/1252342","targetHints":{"allow":["GET"]}}],"collection":[{"href":"https:\/\/www.acapulcopress.com\/index.php\/wp-json\/wp\/v2\/posts"}],"about":[{"href":"https:\/\/www.acapulcopress.com\/index.php\/wp-json\/wp\/v2\/types\/post"}],"author":[{"embeddable":true,"href":"https:\/\/www.acapulcopress.com\/index.php\/wp-json\/wp\/v2\/users\/2"}],"replies":[{"embeddable":true,"href":"https:\/\/www.acapulcopress.com\/index.php\/wp-json\/wp\/v2\/comments?post=1252342"}],"version-history":[{"count":0,"href":"https:\/\/www.acapulcopress.com\/index.php\/wp-json\/wp\/v2\/posts\/1252342\/revisions"}],"wp:featuredmedia":[{"embeddable":true,"href":"https:\/\/www.acapulcopress.com\/index.php\/wp-json\/"}],"wp:attachment":[{"href":"https:\/\/www.acapulcopress.com\/index.php\/wp-json\/wp\/v2\/media?parent=1252342"}],"wp:term":[{"taxonomy":"category","embeddable":true,"href":"https:\/\/www.acapulcopress.com\/index.php\/wp-json\/wp\/v2\/categories?post=1252342"},{"taxonomy":"post_tag","embeddable":true,"href":"https:\/\/www.acapulcopress.com\/index.php\/wp-json\/wp\/v2\/tags?post=1252342"}],"curies":[{"name":"wp","href":"https:\/\/api.w.org\/{rel}","templated":true}]}}