{"id":1252347,"date":"2023-03-29T22:40:53","date_gmt":"2023-03-30T04:40:53","guid":{"rendered":"https:\/\/www.acapulcopress.com\/?p=1252347"},"modified":"2023-03-29T22:40:53","modified_gmt":"2023-03-30T04:40:53","slug":"eu-descarta-al-covid19-como-emergencia-nacional","status":"publish","type":"post","link":"https:\/\/www.acapulcopress.com\/index.php\/2023\/03\/29\/eu-descarta-al-covid19-como-emergencia-nacional\/","title":{"rendered":"EU descarta al Covid19 como \u00abemergencia nacional\u00bb"},"content":{"rendered":"<p style=\"text-align: justify;\">CHILPANCINGO * 29 de marzo de 2023.<br \/>\n<em>) Efe<br \/>\n<\/em>El Senado de Estados Unidos aprob\u00f3 el mi\u00e9rcoles un proyecto de ley para dejar de considerar el Covid-19 una emergencia nacional.<\/p>\n<p style=\"text-align: justify;\">La norma ya fue aprobada en la C\u00e1mara de Representantes, por lo que ahora ir\u00e1 a la mesa del presidente estadounidense, Joe Biden, para que la firme.<\/p>\n<p style=\"text-align: justify;\">Aunque Biden hab\u00eda amenazado con vetar una resoluci\u00f3n similar en el pasado, este mi\u00e9rcoles asegur\u00f3 que no se opondr\u00e1 a la medida, seg\u00fan la publicaci\u00f3n <em>The Hill<\/em>.<\/p>\n<p style=\"text-align: justify;\">La Casa Blanca ya hab\u00eda anunciado que a partir del 11 de mayo dejar\u00eda de considerar la pandemia una emergencia nacional, lo que implica que el gobierno pasar\u00e1 a tratar el Covid como una enfermedad end\u00e9mica.<\/p>\n<p style=\"text-align: justify;\">Entonces, la administraci\u00f3n argument\u00f3 que este per\u00edodo de gracia hasta mayo evitar\u00eda el \u00abcaos e incertidumbre en el sistema sanitario\u00bb que se producir\u00eda de prosperar la iniciativa para poner fin a la emergencia nacional, introducida inicialmente por los republicanos y aprobada hoy en el Senado con apoyo bipartidista.<\/p>\n<p style=\"text-align: justify;\">En diciembre el Congreso ya determin\u00f3 que las medidas adicionales que formaban parte de la declaraci\u00f3n de emergencia, como la financiaci\u00f3n adicional para los estados, se ir\u00edan desmantelando poco a poco.<\/p>\n<p style=\"text-align: justify;\"><em>) S\u00edguenos en nuestra p\u00e1gina Facebook | <a href=\"https:\/\/www.facebook.com\/acapulcopress.news\" target=\"_blank\" rel=\"noopener\">Acapulco Press<\/a><\/em><\/p>\n","protected":false},"excerpt":{"rendered":"<p>CHILPANCINGO * 29 de marzo de 2023. ) Efe El Senado de Estados Unidos aprob\u00f3 el mi\u00e9rcoles un proyecto de ley para dejar de considerar el Covid-19 una emergencia nacional. La norma ya fue aprobada en la C\u00e1mara de Representantes, por lo que ahora ir\u00e1 a la mesa del presidente estadounidense, Joe Biden, para que&#8230;<\/p>\n","protected":false},"author":2,"featured_media":1252348,"comment_status":"closed","ping_status":"closed","sticky":false,"template":"","format":"standard","meta":{"footnotes":""},"categories":[1997],"tags":[6701,10820],"class_list":["post-1252347","post","type-post","status-publish","format-standard","has-post-thumbnail","hentry","category-noticias-destacadas","tag-covid-19","tag-joe-biden"],"_links":{"self":[{"href":"https:\/\/www.acapulcopress.com\/index.php\/wp-json\/wp\/v2\/posts\/1252347","targetHints":{"allow":["GET"]}}],"collection":[{"href":"https:\/\/www.acapulcopress.com\/index.php\/wp-json\/wp\/v2\/posts"}],"about":[{"href":"https:\/\/www.acapulcopress.com\/index.php\/wp-json\/wp\/v2\/types\/post"}],"author":[{"embeddable":true,"href":"https:\/\/www.acapulcopress.com\/index.php\/wp-json\/wp\/v2\/users\/2"}],"replies":[{"embeddable":true,"href":"https:\/\/www.acapulcopress.com\/index.php\/wp-json\/wp\/v2\/comments?post=1252347"}],"version-history":[{"count":0,"href":"https:\/\/www.acapulcopress.com\/index.php\/wp-json\/wp\/v2\/posts\/1252347\/revisions"}],"wp:featuredmedia":[{"embeddable":true,"href":"https:\/\/www.acapulcopress.com\/index.php\/wp-json\/"}],"wp:attachment":[{"href":"https:\/\/www.acapulcopress.com\/index.php\/wp-json\/wp\/v2\/media?parent=1252347"}],"wp:term":[{"taxonomy":"category","embeddable":true,"href":"https:\/\/www.acapulcopress.com\/index.php\/wp-json\/wp\/v2\/categories?post=1252347"},{"taxonomy":"post_tag","embeddable":true,"href":"https:\/\/www.acapulcopress.com\/index.php\/wp-json\/wp\/v2\/tags?post=1252347"}],"curies":[{"name":"wp","href":"https:\/\/api.w.org\/{rel}","templated":true}]}}