{"id":1252350,"date":"2023-03-30T17:36:42","date_gmt":"2023-03-30T23:36:42","guid":{"rendered":"https:\/\/www.acapulcopress.com\/?p=1252350"},"modified":"2023-03-30T17:36:42","modified_gmt":"2023-03-30T23:36:42","slug":"migrar-y-morir-la-otra-cara-de-la-politica-migratoria","status":"publish","type":"post","link":"https:\/\/www.acapulcopress.com\/index.php\/2023\/03\/30\/migrar-y-morir-la-otra-cara-de-la-politica-migratoria\/","title":{"rendered":"Migrar y morir | La otra cara de la pol\u00edtica migratoria"},"content":{"rendered":"<p style=\"text-align: justify;\"><em>* Mientras L\u00f3pez Obrador pide a Joe Biden aumentar las visas de trabajo para mexicanos, su gobierno en M\u00e9xico ha cortado presupuesto para atender a quienes migran a nuestro pa\u00eds y a vulnerado sus derechos<\/em><\/p>\n<p style=\"text-align: justify;\">\u00bb C\u00c9SAR | ALMEIDA CANT\u00da<br \/>\n<em>) <a href=\"https:\/\/contralacorrupcion.mx\/la-otra-cara-de-la-politica-migratoria\/\" target=\"_blank\" rel=\"noopener\">Mexicano Contra la Corrupci\u00f3n y la Impunidad<\/a><\/em><\/p>\n<p style=\"text-align: justify;\">Me pregunto si, durante el encuentro entre los mandatarios de M\u00e9xico y Estados Unidos el pasado 12 de julio, <a href=\"https:\/\/www.facebook.com\/POTUS\" target=\"_blank\" rel=\"noopener\">Joe Biden<\/a> experiment\u00f3 esa familiar sensaci\u00f3n que uno tiene cuando se le demanda algo sabiendo que qui\u00e9n lo pide nunca ha correspondido. <a href=\"https:\/\/www.facebook.com\/lopezobrador.org.mx\" target=\"_blank\" rel=\"noopener\">Andr\u00e9s Manuel L\u00f3pez Obrador<\/a> le solicit\u00f3 a su hom\u00f3logo que incrementara la expedici\u00f3n de visas de trabajo para migrantes mexicanos y centroamericanos. Biden prometi\u00f3 600 mil, el doble del r\u00e9cord emitido el a\u00f1o pasado, bajo una condici\u00f3n: paciencia. Sin embargo, mientras el presidente mexicano mostraba su apoyo contra la crisis migratoria, escond\u00eda su reverso: una historia de austeridad que ha diezmado la pol\u00edtica migratoria de M\u00e9xico.<\/p>\n<p style=\"text-align: justify;\">Antes de discutir el impacto de las medidas aplicadas durante este sexenio en los organismos garantes de derechos y apoyo a migrantes y refugiados en M\u00e9xico, tenemos que recordar la promesa que L\u00f3pez Obrador hizo en campa\u00f1a en 2018. El 17 de octubre de ese a\u00f1o, durante una conferencia de prensa en Tamaulipas, el entonces candidato prometi\u00f3 \u201cofrecer empleo, trabajo a migrantes centroamericanos\u201d. AMLO anunci\u00f3 que el objetivo de su gobierno ser\u00eda lograr que \u201cla migraci\u00f3n sea optativa, no obligatoria, y para que la gente trabaje, sea feliz donde naci\u00f3\u201d, as\u00ed como \u201cenfrentar el fen\u00f3meno migratorio con desarrollo, con trabajo, con bienestar en Centroam\u00e9rica y en [M\u00e9xico]\u201d. Sin embargo, desde que asumi\u00f3 el cargo, el n\u00famero de migrantes mexicanos que intentan cruzar la frontera con Estados Unidos ha crecido en un 370%. Van cuatro a\u00f1os consecutivos con una tendencia a la alza: en 2019, rond\u00f3 los 150 mil casos; en lo que va de 2022, la cifra ya supera los 560 mil.<\/p>\n<p style=\"text-align: justify;\">Dejando a un lado el ascenso del n\u00famero de migrantes mexicanos despu\u00e9s de diez a\u00f1os a la baja, el pa\u00eds tambi\u00e9n ha fungido como el principal corredor de migrantes centroamericanos hacia el norte. Si el gobierno de L\u00f3pez Obrador no no ha podido garantizar el bienestar a los mexicanos, su desempe\u00f1o en materia de migraci\u00f3n tambi\u00e9n ha estado alejado del discurso de la campa\u00f1a. Seg\u00fan <a href=\"https:\/\/www.facebook.com\/EuniceRendonC\" target=\"_blank\" rel=\"noopener\">Eunice Rend\u00f3n<\/a>, coordinadora de la organizaci\u00f3n <a href=\"https:\/\/www.facebook.com\/AgendaMigranteOficial\" target=\"_blank\" rel=\"noopener\">Agenda Migrante<\/a>, el discurso humanitario del gobierno federal actual no ha venido acompa\u00f1ado del presupuesto necesario para hacer de las palabras una realidad.<\/p>\n<p style=\"text-align: justify;\">Desde 2019 el presupuesto de la <a href=\"https:\/\/www.facebook.com\/comarmex\" target=\"_blank\" rel=\"noopener\">Comisi\u00f3n Mexicana de Ayuda a Refugiados<\/a> (Comar) ha sido continuamente reducido, pese a que a\u00f1o tras a\u00f1o las solicitudes de asilo en M\u00e9xico han roto r\u00e9cords. En 2019 se recibieron 70 mil 400 solicitudes; en 2020, 120 mil; y en 2021, 130 mil. Todo parece indicar que en 2022 la tendencia seguir\u00e1 en aumento. Esto se explica, al menos en parte, por las condiciones pol\u00edticas, econ\u00f3micas y sociales de muchos pa\u00edses de la regi\u00f3n.<\/p>\n<p style=\"text-align: justify;\">Aproximadamente el 70% de las solicitudes cada a\u00f1o son presentadas en Tapachula, en la frontera chiapaneca con Guatemala. La Comar se encuentra rebasada. De enero a agosto de 2021 se resolvieron s\u00f3lo 23 000 de las 78 000 solicitudes de reconocimiento de la condici\u00f3n de refugiado. A pesar de esto, aquel a\u00f1o la Secretar\u00eda de Gobernaci\u00f3n otorg\u00f3 solo 44 millones de pesos a la instituci\u00f3n, lejos de las necesidades calculadas en 200 millones de pesos. El titular del organismo, Andr\u00e9s Ram\u00edrez, ha reconocido que la dependencia no tiene suficientes recursos, declarando que \u201cse necesitan alternativas migratorias, como darles documentos [a los migrantes] para el libre tr\u00e1nsito y permisos de trabajo temporal, adem\u00e1s de aumentar el presupuesto, pero como no tenemos ni una cosa ni la otra la situaci\u00f3n se ha desbordado y tenemos este problema\u201d.<\/p>\n<p style=\"text-align: justify;\">En efecto, el incremento dr\u00e1stico de solicitudes de asilo se ha dado por una ola de migrantes haitianos que han llegado de Brasil y de Chile, pero que no son considerados como refugiados porque buscan mejores prospectos econ\u00f3micos y no escapar a uno u otro tipo de persecuci\u00f3n, seg\u00fan la definici\u00f3n de la Declaraci\u00f3n de Cartagena. El servicio de atenci\u00f3n de la COMAR est\u00e1 colapsando en detrimento de quienes leg\u00edtimamente buscan refugio y pretenden escapar de la violencia en El Salvador, Honduras y Nicaragua, por mencionar s\u00f3lo a los pa\u00edses con mayor migraci\u00f3n.<\/p>\n<p style=\"text-align: justify;\">Queda entonces s\u00f3lo otra instituci\u00f3n, el <a href=\"https:\/\/www.facebook.com\/InamiMX\" target=\"_blank\" rel=\"noopener\">Instituto Nacional de Migraci\u00f3n<\/a> (INM), que hist\u00f3ricamente se ha visto plagada de esc\u00e1ndalos de corrupci\u00f3n. De acuerdo con informaci\u00f3n proporcionada por el propio INM, se han interpuesto un total de 68 denuncias penales por cargos de corrupci\u00f3n ante la <a href=\"https:\/\/www.facebook.com\/FGRMexico\" target=\"_blank\" rel=\"noopener\">Fiscal\u00eda General de la Rep\u00fablica<\/a> desde el comienzo de la actual administraci\u00f3n. Durante los seis a\u00f1os del gobierno de <a href=\"https:\/\/www.facebook.com\/EnriquePN\" target=\"_blank\" rel=\"noopener\">Enrique Pe\u00f1a Nieto<\/a>, en contraste, se presentaron apenas 56. Este incremento de m\u00e1s de 20% \u2014y con dos a\u00f1os del sexenio a\u00fan por venir\u2014 ha tenido lugar a pesar de que el 19 de junio de 2019 L\u00f3pez Obrador asegur\u00f3 estar \u201climpiando instituciones que quedaron muy echadas a perder [,,,] una de estas instituciones es Migraci\u00f3n\u201d. Sin embargo, <a href=\"https:\/\/www.facebook.com\/humanrightswatchenespanol\" target=\"_blank\" rel=\"noopener\">Human Rights Watch<\/a> ha denunciado que las mismas condiciones de hacinamiento, sobrepoblaci\u00f3n, mala alimentaci\u00f3n y carencia de servicios m\u00e9dicos que presentaban las estaciones migratorias durante la administraci\u00f3n de Pe\u00f1a Nieto prevalecen en la actualidad.<\/p>\n<p style=\"text-align: justify;\">El manejo deficiente de los fondos destinados al INM, aunado a m\u00e1s recortes presupuestales, s\u00f3lo agrava la situaci\u00f3n de una dependencia que lleva diez a\u00f1os como una de las cinco instituciones m\u00e1s se\u00f1aladas ante la <a href=\"https:\/\/www.facebook.com\/CNDHmx\" target=\"_blank\" rel=\"noopener\">Comisi\u00f3n Nacional de Derechos Humanos<\/a> (CNDH) por violaciones a las garant\u00edas individuales. AMLO dice que \u201cnecesitamos cuidarlos [a los migrantes]\u201d a trav\u00e9s de intervenciones del instituto, pero s\u00f3lo en 2020 se registraron 1044 quejas en materia de derechos humanos contra el INM. Las denuncias van desde robo y extorsi\u00f3n hasta abusos sexuales en los campos migratorios.<\/p>\n<p style=\"text-align: justify;\">\u00bfC\u00f3mo ha respondido L\u00f3pez Obrador a la crisis migratoria actual, si no es destinando m\u00e1s y mejores recursos a la Comar y al INM? En el art\u00edculo \u201c<a href=\"https:\/\/www.facebook.com\/GUARDIA.NACIONAL.MX\" target=\"_blank\" rel=\"noopener\">Guardia Nacional<\/a> y detenci\u00f3n de personas migrantes\u201d de Felipe S\u00e1nchez N\u00e1jera y Daniela Osorio Reyes, se\u00f1alan que el presidente ha de-facto \u201ccriminalizado la migraci\u00f3n al dejar la gesti\u00f3n migratoria en manos de una instituci\u00f3n de seguridad p\u00fablica, asimilando el ingreso irregular a un crimen.\u201d<\/p>\n<p style=\"text-align: justify;\">Las corporaciones de seguridad p\u00fablica no tienen la capacidad de implementar las medidas de protecci\u00f3n a personas migrantes que establecen tanto nuestras leyes como las convenciones internacionales de las que M\u00e9xico es parte. De acuerdo con un reporte del <a href=\"https:\/\/www.facebook.com\/elcolef\" target=\"_blank\" rel=\"noopener\">Observatorio del Colegio de la Frontera Norte<\/a> (COLEF), es frecuente que agentes de seguridad coluden con aquellos del INM para participar en cr\u00edmenes como la extorsi\u00f3n y el secuestro de migrantes de manera impune. Del mismo modo, la Encuesta sobre Agresi\u00f3n y Abuso al Migrante registra que s\u00f3lo 2.6% de los migrantes centroamericanos que sufrieron alg\u00fan abuso intentaron denunciar los hechos; de entre los que no lo intentaron, 18% dijeron tener miedo de sufrir represalias. Adem\u00e1s, de acuerdo al informe Narrativas de la transmigraci\u00f3n centroamericana en su paso por M\u00e9xico, 18% de los delitos contra los migrantes son causados por fuerzas del orden, desde la Guardia Nacional hasta polic\u00edas municipales.<\/p>\n<p style=\"text-align: justify;\">En oto\u00f1o de 2021 la organizaci\u00f3n Human Rights Watch (HRW) acus\u00f3 a L\u00f3pez Obrador de \u201cexpulsar ilegalmente a miles de refugiados a Guatemala sin un debido proceso, incluyendo muchos que fueron primero expulsados de Estados Unidos a la custodia de autoridades mexicanas bajo el programa Qu\u00e9date en M\u00e9xico\u201d. De acuerdo a esta investigaci\u00f3n, en agosto del mismo a\u00f1o las autoridades migratorias mexicanas y la Guardia Nacional empezaron a trasladar diariamente al menos a trescientos migrantes de distintas nacionalidades al remoto cruce fronterizo El Ceibo, en la Selva Lacandona. Desde ah\u00ed han obligado a los migrantes a cruzar a pie hacia Guatemala.<\/p>\n<p style=\"text-align: justify;\">A las personas expulsadas se les ha negado la posibilidad de solicitar asilo. Por si fuera poco, migrantes y refugiados declararon a HRW que muchos agentes migratorios acusan a los solicitantes de haber falsificado sus documentos, llegando incluso a confiscarlos o destruirlos, a pesar de que su solicitud ya hab\u00eda sido aprobada. Por \u00faltimo, el <a href=\"http:\/\/Ministerio de Relaciones Exteriores de Guatemala\" target=\"_blank\" rel=\"noopener\">Ministerio de Relaciones Exteriores de Guatemala<\/a>, a trav\u00e9s de una declaraci\u00f3n del 17 de agosto, expres\u00f3 preocupaci\u00f3n porque no se le hab\u00eda notificado acerca de las deportaciones. Las autoridades mexicanas no han coordinado dichos movimientos forzados de migrantes con las autoridades guatemaltecas o de otros pa\u00edses . El n\u00famero total de expulsados se desconoce, pero algunos expertos estiman que se trata de decenas de miles de personas.<\/p>\n<p style=\"text-align: justify;\">No es noticia que el discurso de L\u00f3pez Obrador no concuerda con las acciones de su gobierno, ni tampoco la primera vez que el presidente exige de mandatarios extranjeros pol\u00edticas que \u00e9l mismo no promueve en nuestro pa\u00eds. La demanda de m\u00e1s visas de trabajo en Estados Unidos parecieran sugerir que el presidente no cumpli\u00f3 el compromiso expresado en campa\u00f1a y que su gobierno no tiene la capacidad de proteger a los migrantes en territorio nacional.<\/p>\n<p style=\"text-align: justify;\">El abandono actual de los campos migratorios, la reducci\u00f3n de presupuesto a instituciones claves para el bienestar de los migrantes y la militarizaci\u00f3n de la administraci\u00f3n migratoria han dejado en el aire el destino de cientos de miles de personas obligadas a salir de sus pa\u00edses.<\/p>\n<p style=\"text-align: justify;\"><em>) S\u00edguenos en nuestra p\u00e1gina Facebook | <a href=\"https:\/\/www.facebook.com\/acapulcopress.news\" target=\"_blank\" rel=\"noopener\">Acapulco Press<\/a><\/em><\/p>\n","protected":false},"excerpt":{"rendered":"<p>* Mientras L\u00f3pez Obrador pide a Joe Biden aumentar las visas de trabajo para mexicanos, su gobierno en M\u00e9xico ha cortado presupuesto para atender a quienes migran a nuestro pa\u00eds y a vulnerado sus derechos \u00bb C\u00c9SAR | ALMEIDA CANT\u00da ) Mexicano Contra la Corrupci\u00f3n y la Impunidad Me pregunto si, durante el encuentro entre&#8230;<\/p>\n","protected":false},"author":2,"featured_media":0,"comment_status":"closed","ping_status":"closed","sticky":false,"template":"","format":"standard","meta":{"footnotes":""},"categories":[1972,2071,1991],"tags":[3896,6162,6170,10325,10820,13079,13847,17346],"class_list":["post-1252350","post","type-post","status-publish","format-standard","hentry","category-special","category-opinion-analisis-columnas","category-libertad-de-expresion","tag-andres-manuel-lopez-obrador","tag-comision-mexicana-de-ayuda-a-refugiados-comar","tag-comision-nacional-de-derechos-humanos-cndh","tag-instituto-nacional-de-migracion-inm","tag-joe-biden","tag-migracion-2","tag-observatorio-del-colegio-de-la-frontera-norte-colef","tag-tragedia-migrante-en-cd-juarez"],"_links":{"self":[{"href":"https:\/\/www.acapulcopress.com\/index.php\/wp-json\/wp\/v2\/posts\/1252350","targetHints":{"allow":["GET"]}}],"collection":[{"href":"https:\/\/www.acapulcopress.com\/index.php\/wp-json\/wp\/v2\/posts"}],"about":[{"href":"https:\/\/www.acapulcopress.com\/index.php\/wp-json\/wp\/v2\/types\/post"}],"author":[{"embeddable":true,"href":"https:\/\/www.acapulcopress.com\/index.php\/wp-json\/wp\/v2\/users\/2"}],"replies":[{"embeddable":true,"href":"https:\/\/www.acapulcopress.com\/index.php\/wp-json\/wp\/v2\/comments?post=1252350"}],"version-history":[{"count":0,"href":"https:\/\/www.acapulcopress.com\/index.php\/wp-json\/wp\/v2\/posts\/1252350\/revisions"}],"wp:attachment":[{"href":"https:\/\/www.acapulcopress.com\/index.php\/wp-json\/wp\/v2\/media?parent=1252350"}],"wp:term":[{"taxonomy":"category","embeddable":true,"href":"https:\/\/www.acapulcopress.com\/index.php\/wp-json\/wp\/v2\/categories?post=1252350"},{"taxonomy":"post_tag","embeddable":true,"href":"https:\/\/www.acapulcopress.com\/index.php\/wp-json\/wp\/v2\/tags?post=1252350"}],"curies":[{"name":"wp","href":"https:\/\/api.w.org\/{rel}","templated":true}]}}