{"id":1252364,"date":"2023-04-03T19:24:59","date_gmt":"2023-04-04T00:24:59","guid":{"rendered":"https:\/\/www.acapulcopress.com\/?p=1252364"},"modified":"2023-04-03T19:24:59","modified_gmt":"2023-04-04T00:24:59","slug":"rindio-protesta-nueva-presidenta-del-ine","status":"publish","type":"post","link":"https:\/\/www.acapulcopress.com\/index.php\/2023\/04\/03\/rindio-protesta-nueva-presidenta-del-ine\/","title":{"rendered":"Rindi\u00f3 protesta nueva presidenta &#8216;ilegal&#8217; del INE"},"content":{"rendered":"<p style=\"text-align: justify;\">CIUDAD DE M\u00c9XICO * 3 de abril de 2023.<br \/>\n<em>)<a href=\"https:\/\/www.acapulcopress.com\/society-politics\/gobernadora-entrego-parque-vehicular-a-ssp-y-pc-valuado-en-196-millones-de-pesos\/\" target=\"_blank\" rel=\"noopener\"> Infobae<\/a> \/ <a href=\"https:\/\/laotraopinion.com.mx\/guadalupe-taddei-zavala-no-tiene-cedula-profesional\/\" target=\"_blank\" rel=\"noopener\">La Otra Opini\u00f3n<\/a><br \/>\n<\/em>Guadalupe Taddei Zavala rindi\u00f3 protesta como la nueva consejera presidenta del Instituto Nacional Electoral (INE) para el periodo del 4 de abril de 2023 al 3 de abril del 2032, en <img loading=\"lazy\" decoding=\"async\" class=\"alignleft size-medium wp-image-1252368\" src=\"https:\/\/www.acapulcopress.com\/wp-content\/uploads\/2023\/04\/Guadalupe-Taddei-Zavala-ine-375x250.jpg\" alt=\"\" width=\"375\" height=\"250\" \/>sustituci\u00f3n de Lorenzo C\u00f3rdova Vianello.<\/p>\n<p style=\"text-align: justify;\">De igual modo, Jorge Monta\u00f1o Ventura, Rita Bell L\u00f3pez Vences y Arturo Castillo Loza asumieron su cargo como nuevos consejeros electorales en sustituci\u00f3n de sus antecesores Ciro Murayama, Margarita Favela y Roberto Ruiz Salda\u00f1a.<\/p>\n<p style=\"text-align: justify;\">Los cuatro nuevos consejeros resultaron electos por el m\u00e9todo de insaculaci\u00f3n \u2014sorteo por t\u00f3mbola\u2014 ante la incapacidad de la C\u00e1mara de Diputados para llegar a un consenso ante las cuatro quintetas que se dieron despu\u00e9s de los ex\u00e1menes y entrevistas que se realizaron en San L\u00e1zaro.<\/p>\n<p style=\"text-align: justify;\">Cabe recordar que el nombre de Taddei Zavala se ubic\u00f3 en la misma terna que Bertha <img loading=\"lazy\" decoding=\"async\" class=\"alignleft size-medium wp-image-1252367\" src=\"https:\/\/www.acapulcopress.com\/wp-content\/uploads\/2023\/04\/Guadalupe-Taddei-y-amlo-375x284.jpg\" alt=\"\" width=\"375\" height=\"284\" \/>Alcalde Luj\u00e1n, hermana de la Secretaria de Trabajo y Previsi\u00f3n Social (STPS), y de Guadalupe \u00c1lvarez Rasc\u00f3n. Las tres aspirantes se\u00f1aladas por la oposici\u00f3n de guardar cercan\u00eda con el movimiento de la autodenominada Cuarta Transformaci\u00f3n (4T).<\/p>\n<p style=\"text-align: justify;\">Al ingresar al sal\u00f3n de sesiones, la nueva consejera presidenta asegur\u00f3 sentirse \u201corgullosa\u201d de ser la primera mujer en presidir el \u00f3rgano colegiado encargado de velar a favor de la democracia mexicana; asimismo, sentenci\u00f3 que poco a poco se ir\u00e1 haciendo una reflexi\u00f3n sobre lo que ocurrir\u00e1 y ocurr\u00eda en el Consejo General del INE.<\/p>\n<p style=\"text-align: justify;\">\u201cEs todo un reto (ser la primera mujer en presidir el INE) (&#8230;) es un orgullo ser la heredera de la lucha de tantas mujeres mexicanas\u201d, explic\u00f3.<\/p>\n<p style=\"text-align: justify;\"><img loading=\"lazy\" decoding=\"async\" class=\"alignleft size-medium wp-image-1252366\" src=\"https:\/\/www.acapulcopress.com\/wp-content\/uploads\/2023\/04\/Guadalupe-Taddei-Curricula-375x432.jpg\" alt=\"\" width=\"375\" height=\"432\" \/>La toma de protesta de la Taddei Zavala la realiz\u00f3 Edmundo Jacobo Molina, quien a\u00fan funge como el secretario ejecutivo del INE, pues conviene recordar que renunci\u00f3 al cargo la semana pasada y entrar\u00e1 en efecto en cuanto inicie el martes 4 de abril.<\/p>\n<p style=\"text-align: justify;\">Tras dicho acto protocolario en donde se cit\u00f3 el cumplir y hacer cumplir las leyes que rigen al Estado mexicano, Guadalupe Taddei sentenci\u00f3 que est\u00e1 convencida de que podr\u00e1 contribuir al incremento de la vida democr\u00e1tica del pa\u00eds.<\/p>\n<p style=\"text-align: justify;\">\u201cEstoy convencida que con el actuar cotidiano (de los consejeros) de su desempe\u00f1o habremos de contribuir al incremento de la vida democr\u00e1tica del pa\u00eds y a su calidad de la misma en nuestro pa\u00eds\u201d.<\/p>\n<p style=\"text-align: justify;\">Minutos antes de que iniciara la sesi\u00f3n del Consejo General del INE, este lunes 3 de abril, Lorenzo C\u00f3rdova en sus \u00faltimos minutos como consejero presidente dio la bienvenida a los cuatro nuevos integrantes del \u00f3rgano colegiado.<\/p>\n<p style=\"text-align: justify;\">El tambi\u00e9n acad\u00e9mico salud\u00f3 efusivamente a todos los personajes cercanos a la autoridad electoral, especialmente los que se encontraban a las afueras de las instalaciones y seguir\u00e1n como consejeros. Asimismo, los medios que estaban presentes le preguntaron si el INE quedaba en buenas manos y sentenci\u00f3 \u201csin duda\u201d.<\/p>\n<p style=\"text-align: justify;\">\u201cNo hay dos consejos, hay un solo consejo a partir de ma\u00f1ana, pero rinde protesta hoy. Es la consejera presidenta (&#8230;) El INE queda en buenas manos, sin duda\u201d.<\/p>\n<p style=\"text-align: justify;\">Finalmente, C\u00f3rdova Vianello puntualiz\u00f3 que a partir del martes 4 de abril se reincorpora de tiempo completo como acad\u00e9mico e investigador de la Universidad Nacional Aut\u00f3noma de M\u00e9xico (UNAM); sin embargo, oficialmente su retorno a las actividades universitarias se dar\u00e1 cuando la m\u00e1xima casa de estudios regrese de la pausa por vacaciones de primavera.<\/p>\n<p style=\"text-align: justify;\"><strong>PAN impugn\u00f3 dos designaciones de nuevos consejeros electorales<\/strong><\/p>\n<p style=\"text-align: justify;\">En las primeras horas del d\u00eda el Partido Acci\u00f3n Nacional (PAN) dio a conocer que impugn\u00f3 ante la Sala Superior del Tribunal Electoral del Poder Judicial de la Federaci\u00f3n (TEPJF) en <img loading=\"lazy\" decoding=\"async\" class=\"alignleft size-medium wp-image-1252371\" src=\"https:\/\/www.acapulcopress.com\/wp-content\/uploads\/2023\/04\/INE-IMPUGNACION-PAN-375x375.jpg\" alt=\"\" width=\"375\" height=\"375\" \/>contra de la designaci\u00f3n de Guadalupe Taddei y Jorge Monta\u00f1o Ventura como consejera presidenta y consejero electoral, respectivamente.<\/p>\n<p style=\"text-align: justify;\">De acuerdo con un comunicado de prensa que se emiti\u00f3, el director general del \u00e1rea jur\u00eddica del blanquiazul, Raymundo Bola\u00f1os Az\u00f3car, fue el que present\u00f3 el recurso argumentando que dos de los nuevos cuatro integrantes del Consejo General presuntamente tendr\u00edan nexos con el Movimiento de Regeneraci\u00f3n Nacional (Morena).<\/p>\n<p style=\"text-align: justify;\">Finalmente, se estableci\u00f3 que la denuncia tambi\u00e9n expondr\u00eda que la lista definitiva de los aspirantes a los cargos que quer\u00edan vacantes supuestamente no ofrecieron elementos para \u201cconocer fehacientemente\u201d si las quintetas cumpl\u00edan o no con los requisitos de elegibilidad.<\/p>\n<p style=\"text-align: justify;\"><strong>Sin C\u00e9dula Profesional<\/strong><\/p>\n<p style=\"text-align: justify;\">La allegada a Morena y nueva presidenta del Instituto Nacional Electoral, Gudalupe Taddei Zavala, no cuenta con c\u00e9dula profesional, de acuerdo con el registro Nacional de Profesionistas.<\/p>\n<p style=\"text-align: justify;\">A solo horas de que la eligieron como consejera presidenta del INE, por los senadores, Guadalupe Taddei Zavala ya es cuestionada por sus nexos familiares con pol\u00edticos del gobierno de AMLO. Y ahora por ni siquiera contar con c\u00e9lula profesional registrada.<\/p>\n<p style=\"text-align: justify;\">Guadalupe Taddei Zavala se ha acreditado como licenciada en Administraci\u00f3n P\u00fablica. Sin embargo al realizar la b\u00fasqueda en p\u00e1ginas oficiales, como el registro Nacional de Prfoesionista, no se encuentra ninguna c\u00e9dula profesional con su nombre.<\/p>\n<p style=\"text-align: justify;\">Cabe resaltar que la c\u00e9dula profesional en M\u00e9xico es un documento oficial que acredita la formaci\u00f3n acad\u00e9mica. As\u00ed como la capacidad profesional de una persona. Adem\u00e1s es necesaria para ejercer ciertas profesiones de manera legal en M\u00e9xico.<\/p>\n<p style=\"text-align: justify;\">Tambi\u00e9n se utiliza como un aval de la experiencia y los conocimientos de una persona en su \u00e1rea de especializaci\u00f3n.<\/p>\n<div style=\"width: 576px;\" class=\"wp-video\"><video class=\"wp-video-shortcode\" id=\"video-1252364-1\" width=\"576\" height=\"1024\" preload=\"metadata\" controls=\"controls\"><source type=\"video\/mp4\" src=\"https:\/\/www.acapulcopress.com\/wp-content\/uploads\/2023\/04\/CHUECURAS-4T.mp4?_=1\" \/><a href=\"https:\/\/www.acapulcopress.com\/wp-content\/uploads\/2023\/04\/CHUECURAS-4T.mp4\">https:\/\/www.acapulcopress.com\/wp-content\/uploads\/2023\/04\/CHUECURAS-4T.mp4<\/a><\/video><\/div>\n<p style=\"text-align: justify;\"><em>) S\u00edguenos en nuestra p\u00e1gina Facebook | <a href=\"https:\/\/www.facebook.com\/acapulcopress.news\" target=\"_blank\" rel=\"noopener\">Acapulco Press<\/a><\/em><\/p>\n","protected":false},"excerpt":{"rendered":"<p>CIUDAD DE M\u00c9XICO * 3 de abril de 2023. ) Infobae \/ La Otra Opini\u00f3n Guadalupe Taddei Zavala rindi\u00f3 protesta como la nueva consejera presidenta del Instituto Nacional Electoral (INE) para el periodo del 4 de abril de 2023 al 3 de abril del 2032, en sustituci\u00f3n de Lorenzo C\u00f3rdova Vianello. De igual modo, Jorge&#8230;<\/p>\n","protected":false},"author":2,"featured_media":1252370,"comment_status":"closed","ping_status":"closed","sticky":false,"template":"","format":"standard","meta":{"footnotes":""},"categories":[1969,18569,1972],"tags":[2086,9523,10337,13344],"class_list":["post-1252364","post","type-post","status-publish","format-standard","has-post-thumbnail","hentry","category-trending","category-especiales","category-special","tag-cuarta-transformacion-4t","tag-guadalupe-taddei-zavala","tag-instituto-nacional-electoral-ine","tag-movimiento-de-regeneracion-nacional-morena"],"_links":{"self":[{"href":"https:\/\/www.acapulcopress.com\/index.php\/wp-json\/wp\/v2\/posts\/1252364","targetHints":{"allow":["GET"]}}],"collection":[{"href":"https:\/\/www.acapulcopress.com\/index.php\/wp-json\/wp\/v2\/posts"}],"about":[{"href":"https:\/\/www.acapulcopress.com\/index.php\/wp-json\/wp\/v2\/types\/post"}],"author":[{"embeddable":true,"href":"https:\/\/www.acapulcopress.com\/index.php\/wp-json\/wp\/v2\/users\/2"}],"replies":[{"embeddable":true,"href":"https:\/\/www.acapulcopress.com\/index.php\/wp-json\/wp\/v2\/comments?post=1252364"}],"version-history":[{"count":0,"href":"https:\/\/www.acapulcopress.com\/index.php\/wp-json\/wp\/v2\/posts\/1252364\/revisions"}],"wp:featuredmedia":[{"embeddable":true,"href":"https:\/\/www.acapulcopress.com\/index.php\/wp-json\/"}],"wp:attachment":[{"href":"https:\/\/www.acapulcopress.com\/index.php\/wp-json\/wp\/v2\/media?parent=1252364"}],"wp:term":[{"taxonomy":"category","embeddable":true,"href":"https:\/\/www.acapulcopress.com\/index.php\/wp-json\/wp\/v2\/categories?post=1252364"},{"taxonomy":"post_tag","embeddable":true,"href":"https:\/\/www.acapulcopress.com\/index.php\/wp-json\/wp\/v2\/tags?post=1252364"}],"curies":[{"name":"wp","href":"https:\/\/api.w.org\/{rel}","templated":true}]}}