{"id":1252383,"date":"2023-04-03T20:23:23","date_gmt":"2023-04-04T01:23:23","guid":{"rendered":"https:\/\/www.acapulcopress.com\/?p=1252383"},"modified":"2023-04-03T20:23:23","modified_gmt":"2023-04-04T01:23:23","slug":"en-mexico-el-sistema-de-justicia-es-caduco-y-corrupto-ruben-cayetano","status":"publish","type":"post","link":"https:\/\/www.acapulcopress.com\/index.php\/2023\/04\/03\/en-mexico-el-sistema-de-justicia-es-caduco-y-corrupto-ruben-cayetano\/","title":{"rendered":"En M\u00e9xico el sistema de justicia es caduco y corrupto | Rub\u00e9n Cayetano"},"content":{"rendered":"<p style=\"text-align: justify;\">\u00bb <strong>Fulgencio<\/strong> | <strong>Ram\u00edrez Lozano<\/strong><br \/>\nACAPULCO * 3 de abril de 2023.<br \/>\n<em>) APS \/ Mundo21<\/em><br \/>\nEn opini\u00f3n del ex diputado federal y abogado postulante <a href=\"https:\/\/www.facebook.com\/RcayetanoG\" target=\"_blank\" rel=\"noopener\">Rub\u00e9n Cayetano Garc\u00eda<\/a> el Poder Judicial est\u00e1 al servicio del Ejecutivo y Legislativo por cuestiones pol\u00edticas, no se cumplen los ideales de Jos\u00e9 Mar\u00eda Morelos y Pav\u00f3n, de defender al pobre, al humillado\u2026\u201dLa justicia se vende al mejor postor\u201d.<\/p>\n<p style=\"text-align: justify;\">Por tal motivo, el ex legislador se ech\u00f3 a cuestas una iniciativa de consulta ciudadana para poder revocar el Poder Judicial de la Federaci\u00f3n, ya que quienes lo ostentan no le sirven al pueblo porque no fueron elegidos por el voto libre y soberano, ellos le sirven a quienes nos nombrar y por eso se ha corrompido la justicia, se ha vuelto la instituci\u00f3n que m\u00e1s derechos humanos violan.<\/p>\n<p style=\"text-align: justify;\">Rub\u00e9n Cayetano, originario del municipio de Marquelia y fundador del partido de Morena, dijo que los Art\u00edculos 35 y 61 de la Constituci\u00f3n lo faculta como ciudadano a presentar inici\u00e1ticas de ley, como lo hacen presidentes, gobernadores, diputados y senadores.<\/p>\n<p style=\"text-align: justify;\">Agreg\u00f3 que en M\u00e9xico no hay justicia, ni se procura ni se imparte justicia, porque tanto magistrados, fiscales, jueces, ministros son elegidos desde el Poder Central bajo un mecanismo, que, si bien es Constitucional, \u00e9stos servidores p\u00fablicos no son electos por el pueblo, como si son electos los miembros de los cabildos, de los poderes Ejecutivos Estatales, los presidentes de la rep\u00fablica y los legisladores.<\/p>\n<p style=\"text-align: justify;\">Quienes ostentan el poder de impartir justicia, no le sirven al pueblo, les sirve al mismo poder que los nombra y eso ha corrompido sistem\u00e1ticamente al poder judicial que se ha vuelto la instituci\u00f3n junto con las fiscal\u00edas que m\u00e1s derechos humanos violan.<\/p>\n<p style=\"text-align: justify;\">Por tal raz\u00f3n, est\u00e1 promoviendo la revocaci\u00f3n del poder Judicial para que los ministros, jueces y magistrados sean electos a trav\u00e9s del voto directo, como lo era antes de la Constituci\u00f3n de 1017, y no como ahora, que son transexenales.<\/p>\n<p style=\"text-align: justify;\">Respecto a la consulta ciudadana, dijo Cayetano Garc\u00eda, \u201charemos un corte el 7 de abril, iniciamos el 7 de marzo, que se cumplieron 208 a\u00f1os en que Morelos, en Michoac\u00e1n, fundo el primer tribunal supremo. Se requiere el cero punto 13 de la lista nominal. Las listas nominales son m\u00e1s de 94 millones de ciudadanos, nosotros requerimos alrededor de 124 mil firmas, pero vamos por 150 mil, que se pueden conseguir en todo el pa\u00eds. No hay plazo\u201d.<\/p>\n<p style=\"text-align: justify;\">Finalmente, puntualiz\u00f3 que en M\u00e9xico no hay justicia, es un remedo; \u201clos jueces no son evaluados, no conocemos la calidad de sus sentencias, como s\u00ed podemos evaluar el trabajo de un legislador\u2026 De los jueces no sabemos nada, de los ministros y magistrados, menos porque es un poder opaco, obsoleto, caduco, vetusto y corrupto, no hay transparencia\u201d.<\/p>\n<p style=\"text-align: justify;\">En Guerrero, al igual que el todo el pa\u00eds, subray\u00f3 que los presidentes del tribunales tambi\u00e9n son titulares del Consejo de la Judicatura y presidente del Fondo Auxiliar para la administraci\u00f3n de justicia, es decir, no tiene contrapeso, no ejerce la rendici\u00f3n de cuenta y no hay transparencia eso en el \u00e1mbito administrativo, ahora, en el \u00e1mbito jurisdiccional, est\u00e1n al servicio de los otros\u00a0dos\u00a0Poderes.<\/p>\n<div style=\"width: 640px;\" class=\"wp-video\"><video class=\"wp-video-shortcode\" id=\"video-1252383-1\" width=\"640\" height=\"352\" preload=\"metadata\" controls=\"controls\"><source type=\"video\/mp4\" src=\"https:\/\/www.acapulcopress.com\/wp-content\/uploads\/2023\/04\/RUBEN-CAYETANO.mp4?_=1\" \/><a href=\"https:\/\/www.acapulcopress.com\/wp-content\/uploads\/2023\/04\/RUBEN-CAYETANO.mp4\">https:\/\/www.acapulcopress.com\/wp-content\/uploads\/2023\/04\/RUBEN-CAYETANO.mp4<\/a><\/video><\/div>\n<p style=\"text-align: justify;\"><em>) S\u00edguenos en nuestra p\u00e1gina Facebook | <a href=\"https:\/\/www.facebook.com\/acapulcopress.news\" target=\"_blank\" rel=\"noopener\">Acapulco Press<\/a><\/em><\/p>\n","protected":false},"excerpt":{"rendered":"<p>\u00bb Fulgencio | Ram\u00edrez Lozano ACAPULCO * 3 de abril de 2023. ) APS \/ Mundo21 En opini\u00f3n del ex diputado federal y abogado postulante Rub\u00e9n Cayetano Garc\u00eda el Poder Judicial est\u00e1 al servicio del Ejecutivo y Legislativo por cuestiones pol\u00edticas, no se cumplen los ideales de Jos\u00e9 Mar\u00eda Morelos y Pav\u00f3n, de defender al&#8230;<\/p>\n","protected":false},"author":2,"featured_media":1252384,"comment_status":"closed","ping_status":"closed","sticky":false,"template":"","format":"standard","meta":{"footnotes":""},"categories":[18561,2009],"tags":[15851],"class_list":["post-1252383","post","type-post","status-publish","format-standard","has-post-thumbnail","hentry","category-society-politics","category-politics","tag-ruben-cayetano-garcia"],"_links":{"self":[{"href":"https:\/\/www.acapulcopress.com\/index.php\/wp-json\/wp\/v2\/posts\/1252383","targetHints":{"allow":["GET"]}}],"collection":[{"href":"https:\/\/www.acapulcopress.com\/index.php\/wp-json\/wp\/v2\/posts"}],"about":[{"href":"https:\/\/www.acapulcopress.com\/index.php\/wp-json\/wp\/v2\/types\/post"}],"author":[{"embeddable":true,"href":"https:\/\/www.acapulcopress.com\/index.php\/wp-json\/wp\/v2\/users\/2"}],"replies":[{"embeddable":true,"href":"https:\/\/www.acapulcopress.com\/index.php\/wp-json\/wp\/v2\/comments?post=1252383"}],"version-history":[{"count":0,"href":"https:\/\/www.acapulcopress.com\/index.php\/wp-json\/wp\/v2\/posts\/1252383\/revisions"}],"wp:featuredmedia":[{"embeddable":true,"href":"https:\/\/www.acapulcopress.com\/index.php\/wp-json\/"}],"wp:attachment":[{"href":"https:\/\/www.acapulcopress.com\/index.php\/wp-json\/wp\/v2\/media?parent=1252383"}],"wp:term":[{"taxonomy":"category","embeddable":true,"href":"https:\/\/www.acapulcopress.com\/index.php\/wp-json\/wp\/v2\/categories?post=1252383"},{"taxonomy":"post_tag","embeddable":true,"href":"https:\/\/www.acapulcopress.com\/index.php\/wp-json\/wp\/v2\/tags?post=1252383"}],"curies":[{"name":"wp","href":"https:\/\/api.w.org\/{rel}","templated":true}]}}