{"id":1252428,"date":"2023-04-05T19:31:05","date_gmt":"2023-04-06T00:31:05","guid":{"rendered":"https:\/\/www.acapulcopress.com\/?p=1252428"},"modified":"2023-04-05T19:31:05","modified_gmt":"2023-04-06T00:31:05","slug":"congreso-y-iepc-firman-convenio-para-consultas-a-comunidades-indigenas-y-afromexicanas","status":"publish","type":"post","link":"https:\/\/www.acapulcopress.com\/index.php\/2023\/04\/05\/congreso-y-iepc-firman-convenio-para-consultas-a-comunidades-indigenas-y-afromexicanas\/","title":{"rendered":"Congreso y IEPC firman convenio para consultas a comunidades ind\u00edgenas y afromexicanas"},"content":{"rendered":"<p style=\"text-align: justify;\">CHILPANCINGO * 5 de abril de 2023.<br \/>\n<em>) Congreso de Guerrero<\/em><br \/>\nEl <a href=\"https:\/\/www.facebook.com\/congresogro\" target=\"_blank\" rel=\"noopener\">Congreso del Estado de Guerrero<\/a> suscribi\u00f3 un convenio espec\u00edfico de colaboraci\u00f3n y <img loading=\"lazy\" decoding=\"async\" class=\"alignleft size-medium wp-image-1252429\" src=\"https:\/\/www.acapulcopress.com\/wp-content\/uploads\/2023\/04\/CONVENIO-CONSULTAS-375x243.jpeg\" alt=\"\" width=\"375\" height=\"243\" \/>coordinaci\u00f3n interinstitucional con el <a href=\"https:\/\/www.facebook.com\/iepcgro\" target=\"_blank\" rel=\"noopener\">Instituto Electoral y de Participaci\u00f3n Ciudadana del Estado de Guerrero<\/a> (IEPC-Gro), para la realizaci\u00f3n de la consulta a pueblos y comunidades ind\u00edgenas y afromexicanas.<\/p>\n<p style=\"text-align: justify;\">Encabezaron la ceremonia de la firma la diputada <a href=\"https:\/\/www.facebook.com\/profile.php?id=100076222897427\" target=\"_blank\" rel=\"noopener\">Yoloczin Dom\u00ednguez Serna,<\/a> presidenta de la Junta de Coordinaci\u00f3n Pol\u00edtica (Jucopo), y <a href=\"https:\/\/www.facebook.com\/luzfabiolam\" target=\"_blank\" rel=\"noopener\">Luz Fabiola Matildes Gama<\/a>, presidenta del IEPC-Gro.<\/p>\n<p style=\"text-align: justify;\">En el convenio las partes firmantes se comprometen a efectuar de manera coordinada la consulta libre, previa, informada, culturalmente adecuada y de buena fe a pueblos y comunidades ind\u00edgenas y afromexicanas del estado de Guerrero, respecto de la consulta ordenada por sentencia en la Acci\u00f3n de Inconstitucionalidad 136\/2020 del 8 de septiembre de 2020, dictada por la Suprema Corte de Justicia de la Naci\u00f3n.<\/p>\n<p style=\"text-align: justify;\">Para el cumplimiento de los compromisos, atribuciones y obligaciones financieras derivadas del convenio, acuerdan designar los recursos presupuestarios requeridos, as\u00ed como <img loading=\"lazy\" decoding=\"async\" class=\"alignleft size-medium wp-image-1252430\" src=\"https:\/\/www.acapulcopress.com\/wp-content\/uploads\/2023\/04\/CONVENIO-CONSULTAS2-375x250.jpeg\" alt=\"\" width=\"375\" height=\"250\" \/>coordinar, desarrollar y ejecutar cada una de las partes de la consulta, hacer un plan de difusi\u00f3n para los pueblos consultados y de capacitaci\u00f3n para el personal de ambas instituciones, as\u00ed como intercambiar la informaci\u00f3n que se requiera.<\/p>\n<p style=\"text-align: justify;\">Tambi\u00e9n estuvieron presentes por el Congreso, el diputado <a href=\"https:\/\/www.facebook.com\/HectorAprezaSI\" target=\"_blank\" rel=\"noopener\">H\u00e9ctor Apreza Patr\u00f3n<\/a>, secretario de la Jucopo; el secretario de Servicios Parlamentarios, Jos\u00e9 Enrique Sol\u00eds R\u00edos; el secretario de Servicios Administrativos y Financieros, Andr\u00e9s Rosendo Orozco Pintos; y el coordinador de la Unidad de Procesos de Consulta, Juan Salvador Susunaga Flores; y por el IEPC-Gro, el consejero Edmar Le\u00f3n Garc\u00eda; el secretario Ejecutivo, Pedro Pablo Mart\u00ednez Ortiz, y el encargado de la Coordinaci\u00f3n de Sistemas Normativos Pluriculturales, Zenaido Ortiz A\u00f1orve.<\/p>\n<p style=\"text-align: justify;\"><em>) S\u00edguenos en nuestra p\u00e1gina Facebook |<a href=\"https:\/\/www.facebook.com\/acapulcopress.news\" target=\"_blank\" rel=\"noopener\"> Acapulco Press<\/a><\/em><\/p>\n","protected":false},"excerpt":{"rendered":"<p>CHILPANCINGO * 5 de abril de 2023. ) Congreso de Guerrero El Congreso del Estado de Guerrero suscribi\u00f3 un convenio espec\u00edfico de colaboraci\u00f3n y coordinaci\u00f3n interinstitucional con el Instituto Electoral y de Participaci\u00f3n Ciudadana del Estado de Guerrero (IEPC-Gro), para la realizaci\u00f3n de la consulta a pueblos y comunidades ind\u00edgenas y afromexicanas. Encabezaron la ceremonia&#8230;<\/p>\n","protected":false},"author":2,"featured_media":1252431,"comment_status":"closed","ping_status":"closed","sticky":false,"template":"","format":"standard","meta":{"footnotes":""},"categories":[61,18561],"tags":[10258,12241,18260],"class_list":["post-1252428","post","type-post","status-publish","format-standard","has-post-thumbnail","hentry","category-legislacion","category-society-politics","tag-instituto-electoral-y-de-participacion-ciudadana-del-estado-de-guerrero-iepc-gro","tag-luz-fabiola-matildes-gama","tag-yoloczin-dominguez-serna"],"_links":{"self":[{"href":"https:\/\/www.acapulcopress.com\/index.php\/wp-json\/wp\/v2\/posts\/1252428","targetHints":{"allow":["GET"]}}],"collection":[{"href":"https:\/\/www.acapulcopress.com\/index.php\/wp-json\/wp\/v2\/posts"}],"about":[{"href":"https:\/\/www.acapulcopress.com\/index.php\/wp-json\/wp\/v2\/types\/post"}],"author":[{"embeddable":true,"href":"https:\/\/www.acapulcopress.com\/index.php\/wp-json\/wp\/v2\/users\/2"}],"replies":[{"embeddable":true,"href":"https:\/\/www.acapulcopress.com\/index.php\/wp-json\/wp\/v2\/comments?post=1252428"}],"version-history":[{"count":0,"href":"https:\/\/www.acapulcopress.com\/index.php\/wp-json\/wp\/v2\/posts\/1252428\/revisions"}],"wp:featuredmedia":[{"embeddable":true,"href":"https:\/\/www.acapulcopress.com\/index.php\/wp-json\/"}],"wp:attachment":[{"href":"https:\/\/www.acapulcopress.com\/index.php\/wp-json\/wp\/v2\/media?parent=1252428"}],"wp:term":[{"taxonomy":"category","embeddable":true,"href":"https:\/\/www.acapulcopress.com\/index.php\/wp-json\/wp\/v2\/categories?post=1252428"},{"taxonomy":"post_tag","embeddable":true,"href":"https:\/\/www.acapulcopress.com\/index.php\/wp-json\/wp\/v2\/tags?post=1252428"}],"curies":[{"name":"wp","href":"https:\/\/api.w.org\/{rel}","templated":true}]}}