{"id":1252433,"date":"2023-04-05T20:21:18","date_gmt":"2023-04-06T01:21:18","guid":{"rendered":"https:\/\/www.acapulcopress.com\/?p=1252433"},"modified":"2023-04-05T20:21:18","modified_gmt":"2023-04-06T01:21:18","slug":"no-es-arrogancia-a-amlo-le-afectan-mucho-los-vuelos-internacionales-indica","status":"publish","type":"post","link":"https:\/\/www.acapulcopress.com\/index.php\/2023\/04\/05\/no-es-arrogancia-a-amlo-le-afectan-mucho-los-vuelos-internacionales-indica\/","title":{"rendered":"No es arrogancia; a AMLO le \u00abafectan mucho\u00bb los vuelos internacionales, indica"},"content":{"rendered":"<p style=\"text-align: justify;\">CIUDAD DE M\u00c9XICO * 5 de abril de 2023.<br \/>\n<em>) Efe<br \/>\n<\/em>El presidente <a href=\"https:\/\/www.facebook.com\/lopezobrador.org.mx\" target=\"_blank\" rel=\"noopener\">Andr\u00e9s Manuel L\u00f3pez Obrador<\/a> asegur\u00f3 este mi\u00e9rcoles ante los l\u00edderes de Latinoam\u00e9rica que no puede viajar a sus pa\u00edses porque le afectan mucho los vuelos y afirm\u00f3 que \u201cno es arrogancia\u201d de su parte.<\/p>\n<p style=\"text-align: justify;\">Durante su participaci\u00f3n en la Alianza de Pa\u00edses de Am\u00e9rica Latina y el Caribe contra la Inflaci\u00f3n, donde participan al menos 10 naciones latinas, L\u00f3pez Obrador indic\u00f3 que viajar\u00e1 a Chile en septiembre de este a\u00f1o por el aniversario del golpe de Estado en ese pa\u00eds.<\/p>\n<p style=\"text-align: justify;\">\u201cEl 11 (de septiembre) voy a estar por all\u00e1 (Chile) No sientan que de parte nuestra hay arrogancia, que no los necesitamos, yo tengo un asunto muy particular, s\u00ed me afectan mucho los vuelos\u201d, dijo.<\/p>\n<p style=\"text-align: justify;\">El mandatario tambi\u00e9n anunci\u00f3 que visitar\u00e1 Colombia, Argentina y Brasil \u201cpor esas fechas\u201d.<\/p>\n<p style=\"text-align: justify;\">Previamente, durante la inauguraci\u00f3n de la cumbre, el presidente reiter\u00f3 que no puede viajar por lo que la reuni\u00f3n presencial que propuso para concretar la alianza ser\u00e1 en Canc\u00fan el 6 y 7 de mayo.<\/p>\n<p style=\"text-align: justify;\">\u201cLes invitamos para que nos podamos reunir en Canc\u00fan y se va a enojar Miguel (D\u00edaz-Canel) dice que por qu\u00e9 no en cuba, por qu\u00e9 en M\u00e9xico. Porque no salgo, ya voy a ir a verles, ustedes son mis hermanos, mi hermana\u201d, se\u00f1al\u00f3.<\/p>\n<p style=\"text-align: justify;\">L\u00f3pez Obrador explic\u00f3 que en la reuni\u00f3n tambi\u00e9n participar\u00e1n los cancilleres y los secretarios de Hacienda y Econom\u00eda de los pa\u00edses invitados.<\/p>\n<p style=\"text-align: justify;\">\u201cCanc\u00fan tiene la ventaja de que nos queda cerca a todos y tiene muchos vuelos para todos lados, por eso se pens\u00f3 en Canc\u00fan\u201d, dijo.<\/p>\n<p style=\"text-align: justify;\">Agreg\u00f3 que \u201cse trata de algo muy sencillo, que no simple, podemos hacer intercambios en lo econ\u00f3mico, en lo comercial, si nos podemos de acuerdo quitamos obst\u00e1culos, aranceles, medidas sanitarias y cada pa\u00eds tiene algo que ofrecer para los consumidores\u201d.<\/p>\n<p style=\"text-align: justify;\">M\u00e9xico y 10 pa\u00edses de Am\u00e9rica miembros de la Comunidad de Estados Latinoamericanos y Caribe\u00f1os (Celac) alcanzaron siete acuerdos para combatir la inflaci\u00f3n y facilitar el comercio regional, que incluye la creaci\u00f3n de un Grupo de Trabajo T\u00e9cnico con representantes de Gobierno de cada naci\u00f3n para determinar las medidas de cooperaci\u00f3n.<\/p>\n<p style=\"text-align: justify;\">Las naciones participantes tambi\u00e9n pactaron empujar medidas log\u00edsticas y financieras que permitan el intercambio de productos de la canasta b\u00e1sica y bienes intermedios en mejores condiciones, tomando en consideraci\u00f3n la realidad de cada pa\u00eds y con la prioridad de abaratar los costos.<\/p>\n<p style=\"text-align: justify;\">En la cumbre antiinflacionaria, participaron el presidente Andr\u00e9s Manuel L\u00f3pez Obrador y sus hom\u00f3logos de Argentina, Alberto Fern\u00e1ndez; Belice, Juan Antonio Brice\u00f1o; Bolivia, Luis Arce; Chile, Gabriel Boric; Cuba, Miguel D\u00edaz-Canel; Honduras, Xiomara Castro; San Vicente y las Granadinas, Keisal Melissa Peters; y Venezuela, Nicol\u00e1s Maduro, quienes resolvieron avanzar en la definici\u00f3n de facilidades comerciales entre los pa\u00edses de la regi\u00f3n latinoamericana.<\/p>\n<p style=\"text-align: justify;\">En la reuni\u00f3n que se dio de manera virtual, Colombia y Brasil no fueron representados por sus presidentes Gustavo Petro y Lula da Silva, respectivamente, sino por ministros de sus gabinetes.<\/p>\n<p style=\"text-align: justify;\"><em>) S\u00edguenos en nuestra p\u00e1gina Facebook | <a href=\"https:\/\/www.facebook.com\/acapulcopress.news\" target=\"_blank\" rel=\"noopener\">Acapulco Press<\/a><\/em><\/p>\n","protected":false},"excerpt":{"rendered":"<p>CIUDAD DE M\u00c9XICO * 5 de abril de 2023. ) Efe El presidente Andr\u00e9s Manuel L\u00f3pez Obrador asegur\u00f3 este mi\u00e9rcoles ante los l\u00edderes de Latinoam\u00e9rica que no puede viajar a sus pa\u00edses porque le afectan mucho los vuelos y afirm\u00f3 que \u201cno es arrogancia\u201d de su parte. Durante su participaci\u00f3n en la Alianza de Pa\u00edses&#8230;<\/p>\n","protected":false},"author":2,"featured_media":1252436,"comment_status":"closed","ping_status":"closed","sticky":false,"template":"","format":"standard","meta":{"footnotes":""},"categories":[1969,2020],"tags":[3665,3793,3896],"class_list":["post-1252433","post","type-post","status-publish","format-standard","has-post-thumbnail","hentry","category-trending","category-world-news","tag-alianza-de-paises-de-america-latina-y-el-caribe-contra-la-inflacion","tag-amlo","tag-andres-manuel-lopez-obrador"],"_links":{"self":[{"href":"https:\/\/www.acapulcopress.com\/index.php\/wp-json\/wp\/v2\/posts\/1252433","targetHints":{"allow":["GET"]}}],"collection":[{"href":"https:\/\/www.acapulcopress.com\/index.php\/wp-json\/wp\/v2\/posts"}],"about":[{"href":"https:\/\/www.acapulcopress.com\/index.php\/wp-json\/wp\/v2\/types\/post"}],"author":[{"embeddable":true,"href":"https:\/\/www.acapulcopress.com\/index.php\/wp-json\/wp\/v2\/users\/2"}],"replies":[{"embeddable":true,"href":"https:\/\/www.acapulcopress.com\/index.php\/wp-json\/wp\/v2\/comments?post=1252433"}],"version-history":[{"count":0,"href":"https:\/\/www.acapulcopress.com\/index.php\/wp-json\/wp\/v2\/posts\/1252433\/revisions"}],"wp:featuredmedia":[{"embeddable":true,"href":"https:\/\/www.acapulcopress.com\/index.php\/wp-json\/"}],"wp:attachment":[{"href":"https:\/\/www.acapulcopress.com\/index.php\/wp-json\/wp\/v2\/media?parent=1252433"}],"wp:term":[{"taxonomy":"category","embeddable":true,"href":"https:\/\/www.acapulcopress.com\/index.php\/wp-json\/wp\/v2\/categories?post=1252433"},{"taxonomy":"post_tag","embeddable":true,"href":"https:\/\/www.acapulcopress.com\/index.php\/wp-json\/wp\/v2\/tags?post=1252433"}],"curies":[{"name":"wp","href":"https:\/\/api.w.org\/{rel}","templated":true}]}}