{"id":1252438,"date":"2023-04-05T20:40:07","date_gmt":"2023-04-06T01:40:07","guid":{"rendered":"https:\/\/www.acapulcopress.com\/?p=1252438"},"modified":"2023-04-05T20:40:07","modified_gmt":"2023-04-06T01:40:07","slug":"evalua-evelyn-salgado-con-titular-de-sduopot-pavimentacion-de-caminos-rurales","status":"publish","type":"post","link":"https:\/\/www.acapulcopress.com\/index.php\/2023\/04\/05\/evalua-evelyn-salgado-con-titular-de-sduopot-pavimentacion-de-caminos-rurales\/","title":{"rendered":"Eval\u00faa Evelyn Salgado con titular de SDUOPOT pavimentaci\u00f3n de caminos rurales"},"content":{"rendered":"<p style=\"text-align: justify;\">CHILPANCINGO * 5 de abril de 2023.<br \/>\n<em>) Gobierno de Guerrero<\/em><br \/>\nLa gobernadora<a href=\"https:\/\/www.facebook.com\/EvelynSalgadoP\" target=\"_blank\" rel=\"noopener\"> Evelyn Salgado Pineda<\/a>, se reuni\u00f3 con la titular de la Secretar\u00eda de <img loading=\"lazy\" decoding=\"async\" class=\"alignleft size-medium wp-image-1252440\" src=\"https:\/\/www.acapulcopress.com\/wp-content\/uploads\/2023\/04\/ESP-SDUOPOT2-375x250.jpg\" alt=\"\" width=\"375\" height=\"250\" \/>Desarrollo Urbano, Obras P\u00fablicas y Ordenamiento Territorial, Irene Jim\u00e9nez Montiel, para evaluar los avances del programa de pavimentaci\u00f3n de caminos rurales artesanales que se construyen en La Monta\u00f1a y en algunos municipios de la Costa Chica, as\u00ed como algunas v\u00edas carreteras ya concluidas en el municipio de Acatepec lo que representa una mejor comunicaci\u00f3n entre las localidades y cabeceras municipales, acercando los servicios y llevando bienestar a quienes m\u00e1s\u00a0lo\u00a0necesitan.<\/p>\n<p><em>) S\u00edguenos en nuestra p\u00e1gina Facebook | <a href=\"https:\/\/www.facebook.com\/acapulcopress.news\" target=\"_blank\" rel=\"noopener\">Acapulco Press<\/a><\/em><\/p>\n","protected":false},"excerpt":{"rendered":"<p>CHILPANCINGO * 5 de abril de 2023. ) Gobierno de Guerrero La gobernadora Evelyn Salgado Pineda, se reuni\u00f3 con la titular de la Secretar\u00eda de Desarrollo Urbano, Obras P\u00fablicas y Ordenamiento Territorial, Irene Jim\u00e9nez Montiel, para evaluar los avances del programa de pavimentaci\u00f3n de caminos rurales artesanales que se construyen en La Monta\u00f1a y en&#8230;<\/p>\n","protected":false},"author":2,"featured_media":1252439,"comment_status":"closed","ping_status":"closed","sticky":false,"template":"","format":"standard","meta":{"footnotes":""},"categories":[1983,18561],"tags":[5033,8251,10416,16158],"class_list":["post-1252438","post","type-post","status-publish","format-standard","has-post-thumbnail","hentry","category-guerrerogob","category-society-politics","tag-caminos-artesanales","tag-evelyn-salgado-pineda","tag-irene-jimenez-montiel","tag-secretaria-de-desarrollo-urbano-obras-publicas-y-ordenamiento-territorial"],"_links":{"self":[{"href":"https:\/\/www.acapulcopress.com\/index.php\/wp-json\/wp\/v2\/posts\/1252438","targetHints":{"allow":["GET"]}}],"collection":[{"href":"https:\/\/www.acapulcopress.com\/index.php\/wp-json\/wp\/v2\/posts"}],"about":[{"href":"https:\/\/www.acapulcopress.com\/index.php\/wp-json\/wp\/v2\/types\/post"}],"author":[{"embeddable":true,"href":"https:\/\/www.acapulcopress.com\/index.php\/wp-json\/wp\/v2\/users\/2"}],"replies":[{"embeddable":true,"href":"https:\/\/www.acapulcopress.com\/index.php\/wp-json\/wp\/v2\/comments?post=1252438"}],"version-history":[{"count":0,"href":"https:\/\/www.acapulcopress.com\/index.php\/wp-json\/wp\/v2\/posts\/1252438\/revisions"}],"wp:featuredmedia":[{"embeddable":true,"href":"https:\/\/www.acapulcopress.com\/index.php\/wp-json\/"}],"wp:attachment":[{"href":"https:\/\/www.acapulcopress.com\/index.php\/wp-json\/wp\/v2\/media?parent=1252438"}],"wp:term":[{"taxonomy":"category","embeddable":true,"href":"https:\/\/www.acapulcopress.com\/index.php\/wp-json\/wp\/v2\/categories?post=1252438"},{"taxonomy":"post_tag","embeddable":true,"href":"https:\/\/www.acapulcopress.com\/index.php\/wp-json\/wp\/v2\/tags?post=1252438"}],"curies":[{"name":"wp","href":"https:\/\/api.w.org\/{rel}","templated":true}]}}