{"id":1252442,"date":"2023-04-05T21:30:46","date_gmt":"2023-04-06T02:30:46","guid":{"rendered":"https:\/\/www.acapulcopress.com\/?p=1252442"},"modified":"2023-04-05T21:30:46","modified_gmt":"2023-04-06T02:30:46","slug":"amigos-fans-y-familiares-despidieron-a-andres-garcia-en-acapulco","status":"publish","type":"post","link":"https:\/\/www.acapulcopress.com\/index.php\/2023\/04\/05\/amigos-fans-y-familiares-despidieron-a-andres-garcia-en-acapulco\/","title":{"rendered":"Amigos, fans y familiares despidieron a Andr\u00e9s Garc\u00eda en Acapulco"},"content":{"rendered":"<p style=\"text-align: justify;\">ACAPULCO * 5 de abril de 2023.<br \/>\n<em>) Efe \/ Infobae<\/em><br \/>\nEntre coronas de flores, familia y amigos despidieron este mi\u00e9rcoles al actor de origen dominicano <a href=\"https:\/\/www.acapulcopress.com\/trending\/world-news\/no-es-arrogancia-a-amlo-le-afectan-mucho-los-vuelos-internacionales-indica\/\" target=\"_blank\" rel=\"noopener\">Andr\u00e9s Garc\u00eda,<\/a> tras darse a conocer su fallecimiento, el d\u00eda de ayer, en casa de <img loading=\"lazy\" decoding=\"async\" class=\"alignleft size-medium wp-image-1252445\" src=\"https:\/\/www.acapulcopress.com\/wp-content\/uploads\/2023\/04\/andres-garcia3-375x301.jpg\" alt=\"\" width=\"375\" height=\"301\" \/>su esposa Margarita Portillo en la ciudad costera de Acapulco, en el sure\u00f1o estado de Guerrero, lugar donde radic\u00f3 durante sus \u00faltimos a\u00f1os de vida.<\/p>\n<p style=\"text-align: justify;\">\u201cMi esposo ya estaba muy debilitado, debido a su enfermedad ya no pod\u00eda digerir mucho, entonces me ped\u00eda de comer 20 cosas al d\u00eda y se le preparaban, pero com\u00eda un bocadito o dos\u201d, dijo Margarita Portillo a la prensa.<\/p>\n<p style=\"text-align: justify;\">Esto luego de que la cirrosis, enfermedad por la que estaba pasando Garc\u00eda, lo mantuviera en un estado delicado al darse a conocer que en los \u00faltimos ex\u00e1menes de sangre realizados manten\u00eda 5.1 de hemoglobina, siendo este un nivel muy bajo.<\/p>\n<p style=\"text-align: justify;\">La cirrosis es una lesi\u00f3n hep\u00e1tica cr\u00f3nica ocasionada por una variedad de causas que lleva <img loading=\"lazy\" decoding=\"async\" class=\"alignleft size-medium wp-image-1252443\" src=\"https:\/\/www.acapulcopress.com\/wp-content\/uploads\/2023\/04\/andres-garcia-375x500.jpg\" alt=\"\" width=\"375\" height=\"500\" \/>la formaci\u00f3n de cicatrices hep\u00e1ticas, lo cual hace que sea m\u00e1s dif\u00edcil para el cuerpo procesar los nutrientes, causando debilidad y p\u00e9rdida de peso, adem\u00e1s de acumular toxinas en el cerebro.<\/p>\n<p style=\"text-align: justify;\">\u201cEl domingo por la ma\u00f1ana yo ya lo ve\u00eda muy desmejorado, cada vez comiendo menos\u201d dijo su esposa, por lo que pidi\u00f3 que le diera un sacerdote la extremaunci\u00f3n para que de esta manera pudiera estar en paz consigo mismo.<\/p>\n<p style=\"text-align: justify;\">Garc\u00eda mantuvo hasta su \u00faltimo d\u00eda el car\u00e1cter por el que era reconocido a lo largo de su vida, y este d\u00eda las muestras de cari\u00f1o y oraciones se hicieron presentes para el actor.<\/p>\n<p style=\"text-align: justify;\">\u201cYo estaba d\u00e1ndole las gracias de la vida que hab\u00edamos vivido, le dije muchas cosas y le dec\u00eda \u2018f\u00edjate qu\u00e9 hay cientos de personas, Andr\u00e9s, que te est\u00e1n mandando su cari\u00f1o y est\u00e1n orando por ti\u2019. Le estaba diciendo y de repente yo me di cuenta de que ya su respiraci\u00f3n estaba m\u00e1s despacio\u201d, comparti\u00f3 la esposa del actor.<\/p>\n<p style=\"text-align: justify;\">Aun as\u00ed, su esposa pudo cumplir la \u00faltima voluntad de primer actor, ya que \u00e9l quer\u00eda que el d\u00eda que falleciera fuera ella quien le agarrara la mano para poder dejar este plano terrenal.<\/p>\n<p style=\"text-align: justify;\">\u201c\u00c9l dec\u00eda desde hace muchos a\u00f1os que cuando \u00e9l se fuera quer\u00eda que le agarrara la manita, y yo estaba acostada a lado de \u00e9l agarr\u00e1ndole la manita\u201d, comparti\u00f3.<\/p>\n<p style=\"text-align: justify;\">Seg\u00fan hab\u00edan informado medios locales en los \u00faltimos meses, la relaci\u00f3n que manten\u00eda con sus hijos no era buena. Tambi\u00e9n se detall\u00f3 que su testamento fue cambiado meses antes, dej\u00e1ndolos fuera de este, y siendo su esposa y otros familiares los beneficiarios de sus bienes materiales, entre ellos Para\u00edso I, su mansi\u00f3n en Acapulco.<\/p>\n<p style=\"text-align: justify;\">Tambi\u00e9n quien estuvo ausente por conflictos fue Roberto Palazuelos, el cual s\u00f3lo escribi\u00f3 una publicaci\u00f3n en sus redes sociales despidi\u00e9ndose del actor.<\/p>\n<p style=\"text-align: justify;\">\u201cPalazuelos se alej\u00f3 solito, por su propia boca y las mentiras, no he visto (las publicaciones) m\u00e1s que una cosa que me ense\u00f1aron ayer por la noche, pero eso les muestra la clase de ser humano que es y la clase de mentiroso\u201d, enfatiz\u00f3 Portillo.<\/p>\n<p style=\"text-align: justify;\">Aunque Garc\u00eda radic\u00f3 en Acapulco, su esposa dej\u00f3 en claro que el puerto le qued\u00f3 a deber mucho al actor al no realizarle los homenajes en vida, por lo que hacer uno a estas alturas ya ser\u00eda demasiado tarde.<\/p>\n<p style=\"text-align: justify;\">Jos\u00e9 Moran, un turista de la Ciudad de M\u00e9xico, lleg\u00f3 a darle las condolencias a la familia, ya que se encontraban en el puerto y su mam\u00e1 fue quien lo anim\u00f3 a acudir. \u201cYo conoc\u00ed a Andr\u00e9s Garc\u00eda en la novela de RBD, ah\u00ed fue la primera vez que lo vi, despu\u00e9s ya vi sus pel\u00edculas y quise venir a darle el \u00faltimo adi\u00f3s como se merece\u201d, detall\u00f3.<\/p>\n<p style=\"text-align: justify;\">El actor ser\u00e1 incinerado el jueves y sus cenizas ser\u00e1n esparcidas en la playa de su casa, lugar donde tambi\u00e9n est\u00e1n las de sus padres.<\/p>\n<p><strong>FUE COMO UN PADRE: PALAZUELOS<br \/>\n<\/strong><\/p>\n<p style=\"text-align: justify;\">Desde Brasil, <a href=\"https:\/\/www.facebook.com\/photo?fbid=233202319230158&amp;set=a.142513201632404\" target=\"_blank\" rel=\"noopener\">Roberto Palazuelos<\/a> mand\u00f3 un mensaje a trav\u00e9s de su cuenta en Instagram, <img loading=\"lazy\" decoding=\"async\" class=\"alignleft size-medium wp-image-1252447\" src=\"https:\/\/www.acapulcopress.com\/wp-content\/uploads\/2023\/04\/palazuelos-375x329.jpeg\" alt=\"\" width=\"375\" height=\"329\" \/>despu\u00e9s de enterarse de la muerte de Andr\u00e9s Garc\u00eda.<\/p>\n<p style=\"text-align: justify;\">\u201cRecibo la triste noticia que se me fue Andr\u00e9s, a miles de km de M\u00e9xico, una de las personas m\u00e1s importantes en mi vida, la raz\u00f3n por la que me convert\u00ed en actor alguien a quien quise como un padre, estoy devastado por no haberme podido despedir de \u00e9l y decirle cu\u00e1nto lo quer\u00eda, desgraciadamente gente ambiciosa que solo quer\u00eda sus vienes lo alejo de mi y de sus hijos\u201d, comenz\u00f3 el <a href=\"https:\/\/www.acapulcopress.com\/trending\/seguridad\/instruye-gobernadora-intensifican-acciones-para-fortalecer-seguridad-en-guerrero\/\" target=\"_blank\" rel=\"noopener\">mensaje<\/a>.<\/p>\n<p style=\"text-align: justify;\">Y continu\u00f3: \u201cSiempre lo recordar\u00e9 y creo que este dolor nunca se me va a quitar, \u00e9l fue mi gran amigo y como un padre para m\u00ed, fue toda una vida llena de historias y risas, le pido a Dios lo tenga en su gloria y me ayude a mi con este dolor que me parte el coraz\u00f3n, solo el sabe lo importante que Andr\u00e9s fue para mi, adi\u00f3s leyenda querido padre, siempre te extra\u00f1are y te llevare en mis oraciones\u201d.<\/p>\n<p style=\"text-align: justify;\"><strong>ROBERTO ES UNA MIERDA: ANDR\u00c9S<\/strong><\/p>\n<p style=\"text-align: justify;\">Fue a principios de 2021 que el rumor de que Roberto Palazuelos ser\u00eda el heredero <img loading=\"lazy\" decoding=\"async\" class=\"alignleft size-medium wp-image-1252446\" src=\"https:\/\/www.acapulcopress.com\/wp-content\/uploads\/2023\/04\/palazuelos-instagram-375x278.jpeg\" alt=\"\" width=\"375\" height=\"278\" \/>universal de la fortuna de Andr\u00e9s Garc\u00eda sembr\u00f3 un conflicto entre ambos actores que m\u00e1s adelante arreglaron ya que Andr\u00e9s conoc\u00eda a Roberto desde ni\u00f1o y lo consideraba un hijo. Esta fue la raz\u00f3n original por la que Andr\u00e9s Garc\u00eda incluy\u00f3 a Roberto Palazuelos en su testamento, adem\u00e1s de conferirle el rol de administrador de la porci\u00f3n de su fortuna que corresponder\u00eda a sus hijos Andr\u00e9s y Leonardo Garc\u00eda.<\/p>\n<p style=\"text-align: justify;\">Sin embargo septiembre de 2021, Roberto Palazuelos habr\u00eda querido vender una de las propiedades de Andr\u00e9s Garc\u00eda, conocida como El Castillo, ubicado en la alcald\u00eda Tlalpan de la Ciudad de M\u00e9xico, sin consentimiento del actor, lo que habr\u00eda causado un nuevo enojo.<\/p>\n<p style=\"text-align: justify;\">\u201cA Roberto lo hab\u00eda puesto como heredero, pero ya lo voy a quitar. Me est\u00e1 causando muchos problemas esa situaci\u00f3n, lo quito y se acab\u00f3\u201d, dijo el actor en una entrevista a Ventaneando<\/p>\n<p style=\"text-align: justify;\">El lunes 25 de julio, el veterano actor apareci\u00f3 en un enlace en el programa <em>De primera mano<\/em>, donde habl\u00f3 de su r\u00edspida relaci\u00f3n con Roberto Palazuelos, a quien le envi\u00f3 un mensaje.<\/p>\n<p style=\"text-align: justify;\">El actor residente en Acapulco, Guerrero, lanz\u00f3 maldiciones contra el llamado diamante negro, pues asegur\u00f3 que ha amenazado a su familia.<\/p>\n<p>\u201cDesgraciadamente Roberto Palazuelos no est\u00e1 para nada bien, no quiero adelantarle nada porque voy a, no s\u00e9 si debo decirlo&#8230; es una mierda, lo levant\u00e9 de chiquito, le ense\u00f1\u00e9 lo que pude, y ahora que me ve que estoy cojo, que no puedo caminar, y que tengo una debilidad tremenda, debida no s\u00e9 si a la edad o a una anemia que tengo, se pone a decir pendejadas de m\u00ed\u201d, expres\u00f3 el actor de 81 a\u00f1os.<\/p>\n<p style=\"text-align: justify;\">Pese a la relaci\u00f3n que los ha unido a trav\u00e9s de los a\u00f1os, el protagonista de Pedro Navaja ret\u00f3 \u201ca balazos\u201d al actor y empresario hotelero.<\/p>\n<p style=\"text-align: justify;\">\u201cLe voy a mandar un mensajito al <em>culerito<\/em> Palazuelos: Robertito, te invito el 15 de septiembre, si tienes pantalones, vente a la plaza del Carmenere y vamos a darnos un par de balazos t\u00fa y yo como los hombres, culero. 15 de septiembre, 3 de la tarde, ah\u00ed te espero, cabr\u00f3n, y deja de hablar de m\u00ed, hijo de puta\u201d, espet\u00f3 el actor visiblemente enfurecido.<\/p>\n<div style=\"width: 1160px;\" class=\"wp-video\"><video class=\"wp-video-shortcode\" id=\"video-1252442-1\" width=\"1160\" height=\"653\" preload=\"metadata\" controls=\"controls\"><source type=\"video\/mp4\" src=\"https:\/\/www.acapulcopress.com\/wp-content\/uploads\/2023\/04\/Roberto-es-una-mierda-Andres-Garcia.mp4?_=1\" \/><a href=\"https:\/\/www.acapulcopress.com\/wp-content\/uploads\/2023\/04\/Roberto-es-una-mierda-Andres-Garcia.mp4\">https:\/\/www.acapulcopress.com\/wp-content\/uploads\/2023\/04\/Roberto-es-una-mierda-Andres-Garcia.mp4<\/a><\/video><\/div>\n<p style=\"text-align: justify;\"><em>) S\u00edguenos en nuestra p\u00e1gina Facebook | <a href=\"https:\/\/www.facebook.com\/acapulcopress.news\" target=\"_blank\" rel=\"noopener\">Acapulco Press<\/a><\/em><\/p>\n","protected":false},"excerpt":{"rendered":"<p>ACAPULCO * 5 de abril de 2023. ) Efe \/ Infobae Entre coronas de flores, familia y amigos despidieron este mi\u00e9rcoles al actor de origen dominicano Andr\u00e9s Garc\u00eda, tras darse a conocer su fallecimiento, el d\u00eda de ayer, en casa de su esposa Margarita Portillo en la ciudad costera de Acapulco, en el sure\u00f1o estado&#8230;<\/p>\n","protected":false},"author":2,"featured_media":1252444,"comment_status":"closed","ping_status":"closed","sticky":false,"template":"","format":"standard","meta":{"footnotes":""},"categories":[1972,1988,1994],"tags":[3885,12512,15677,15687],"class_list":["post-1252442","post","type-post","status-publish","format-standard","has-post-thumbnail","hentry","category-special","category-lifestyles","category-personalidades","tag-andres-garcia","tag-margarita-portillo","tag-roberto-es-una-mierda-andres-garcia","tag-roberto-palazuelos"],"_links":{"self":[{"href":"https:\/\/www.acapulcopress.com\/index.php\/wp-json\/wp\/v2\/posts\/1252442","targetHints":{"allow":["GET"]}}],"collection":[{"href":"https:\/\/www.acapulcopress.com\/index.php\/wp-json\/wp\/v2\/posts"}],"about":[{"href":"https:\/\/www.acapulcopress.com\/index.php\/wp-json\/wp\/v2\/types\/post"}],"author":[{"embeddable":true,"href":"https:\/\/www.acapulcopress.com\/index.php\/wp-json\/wp\/v2\/users\/2"}],"replies":[{"embeddable":true,"href":"https:\/\/www.acapulcopress.com\/index.php\/wp-json\/wp\/v2\/comments?post=1252442"}],"version-history":[{"count":0,"href":"https:\/\/www.acapulcopress.com\/index.php\/wp-json\/wp\/v2\/posts\/1252442\/revisions"}],"wp:featuredmedia":[{"embeddable":true,"href":"https:\/\/www.acapulcopress.com\/index.php\/wp-json\/"}],"wp:attachment":[{"href":"https:\/\/www.acapulcopress.com\/index.php\/wp-json\/wp\/v2\/media?parent=1252442"}],"wp:term":[{"taxonomy":"category","embeddable":true,"href":"https:\/\/www.acapulcopress.com\/index.php\/wp-json\/wp\/v2\/categories?post=1252442"},{"taxonomy":"post_tag","embeddable":true,"href":"https:\/\/www.acapulcopress.com\/index.php\/wp-json\/wp\/v2\/tags?post=1252442"}],"curies":[{"name":"wp","href":"https:\/\/api.w.org\/{rel}","templated":true}]}}