{"id":1252460,"date":"2023-04-05T22:38:36","date_gmt":"2023-04-06T03:38:36","guid":{"rendered":"https:\/\/www.acapulcopress.com\/?p=1252460"},"modified":"2023-04-05T22:38:36","modified_gmt":"2023-04-06T03:38:36","slug":"cfe-no-creara-electricidad-solo-operara-iberdrola","status":"publish","type":"post","link":"https:\/\/www.acapulcopress.com\/index.php\/2023\/04\/05\/cfe-no-creara-electricidad-solo-operara-iberdrola\/","title":{"rendered":"CFE no crear\u00e1 electricidad; solo operar\u00e1 Iberdrola"},"content":{"rendered":"<p style=\"text-align: justify;\">CHILPANCINGO * 5 de abril de 2023.<br \/>\n) <a href=\"https:\/\/latinus.us\/2023\/04\/05\/cfe-no-podra-generar-mas-electricidad-con-plantas-iberdrola-solo-sera-operadora\/\" target=\"_blank\" rel=\"noopener\">LatinUS<\/a> \/ Con Informaci\u00f3n de Efe<br \/>\nLa <a href=\"https:\/\/www.facebook.com\/CFENacional\" target=\"_blank\" rel=\"noopener\">Comisi\u00f3n Federal de Electricidad (<\/a>CFE) no aumentar\u00e1 su capacidad de generaci\u00f3n el\u00e9ctrica con la compra de plantas de <a href=\"https:\/\/www.facebook.com\/iberdrolamex\" target=\"_blank\" rel=\"noopener\">Iberdrola<\/a> debido a que la adquisici\u00f3n la hizo el fondo privado <em>M\u00e9xico Infrastructure Partners (MIP)<\/em> y la empresa estatal s\u00f3lo ser\u00e1 la operadora, asegur\u00f3 Gonzalo Monroy, director general de <a href=\"https:\/\/www.gmec-ee.com\/about\/\" target=\"_blank\" rel=\"noopener\">GMEC,<\/a> en entrevista con Claudio Ochoa para <a href=\"https:\/\/www.youtube.com\/watch?v=P5zqHtTN9qs&amp;t=1486s\" target=\"_blank\" rel=\"noopener\">Latinus Diario<\/a>.<\/p>\n<p style=\"text-align: justify;\">\u201cCFE no aumenta su capacidad en absolutamente nada, ni siquiera un poco, simplemente va a ser el operador de estas plantas. Y este fondo privado le pagar\u00e1 a CFE justamente una tarifa fija o variable dependiendo de lo que logren acordar para la operaci\u00f3n de esas plantas\u201d, dijo el especialista en el sector energ\u00e9tico.<\/p>\n<p style=\"text-align: justify;\">Se\u00f1al\u00f3 que el gobierno de M\u00e9xico no va a comprometer gran parte de sus recursos para la compra de las plantas de Iberdrola, que ascienden a un monto de casi 6 mil millones de d\u00f3lares.<\/p>\n<p style=\"text-align: justify;\">\u201cDe hecho, la operaci\u00f3n es muy limitada en t\u00e9rminos de que seis entidades financieras mexicanas van a dar pr\u00e9stamos y garant\u00edas para que justamente este fondo privado (MIP) sea el comprador de estas plantas\u201d y por lo tanto, el due\u00f1o, detall\u00f3.<\/p>\n<p style=\"text-align: justify;\">El consultor consider\u00f3 que la venta es \u201cun buen negocio para todas las partes\u201d, debido a que Iberdrola podr\u00e1 utilizar el dinero para llevar energ\u00edas renovables a otras partes del mundo.<\/p>\n<p style=\"text-align: justify;\">\u201cEn el caso del gobierno tiene una ganancia pol\u00edtica muy importante, logra vencer a Iberdrola y eso hay que decirlo con toda claridad, logra doblegar a la empresa espa\u00f1ola, la m\u00e1s grande generadora privada en nuestro pa\u00eds y obviamente los obliga a deshacerse de sus activos\u201d, afirm\u00f3.<\/p>\n<p style=\"text-align: justify;\">Finalmente, Monroy asegur\u00f3 que no son 13 plantas las que adquirir\u00e1n, sino 17. \u201cLo que pasa es que son 13 que est\u00e1n en el programa de productora independiente de energ\u00eda, y de las cuales hay cuatro plantas m\u00e1s que est\u00e1n en conjunto b\u00e1sicamente de autogeneraci\u00f3n y autoabastecimiento\u201d.<\/p>\n<p style=\"text-align: justify;\">En contraste, el presidente <a href=\"https:\/\/www.facebook.com\/lopezobrador.org.mx\" target=\"_blank\" rel=\"noopener\">Andr\u00e9s Manuel L\u00f3pez Obrador<\/a> asegur\u00f3 esta ma\u00f1ana que con la compra de las plantas el\u00e9ctricas la CFE pasar\u00e1 de generar 39.6% a 55.5% de toda la energ\u00eda del pa\u00eds.<\/p>\n<p style=\"text-align: justify;\">\u201cEn esencia, lo que se garantiza es que no aumente el precio de la luz. (\u2026) llevamos a cabo esta operaci\u00f3n, esta compra, para fortalecer a la empresa p\u00fablica Comisi\u00f3n Federal de Electricidad (CFE) y de esta manera poder ofrecer la energ\u00eda el\u00e9ctrica a precios justos\u201d, expuso en su conferencia matutina.<\/p>\n<p style=\"text-align: justify;\"><em>) S\u00edguenos en nuestra p\u00e1gina Facebook | <a href=\"https:\/\/www.facebook.com\/acapulcopress.news\" target=\"_blank\" rel=\"noopener\">Acapulco Press<\/a><\/em><\/p>\n","protected":false},"excerpt":{"rendered":"<p>CHILPANCINGO * 5 de abril de 2023. ) LatinUS \/ Con Informaci\u00f3n de Efe La Comisi\u00f3n Federal de Electricidad (CFE) no aumentar\u00e1 su capacidad de generaci\u00f3n el\u00e9ctrica con la compra de plantas de Iberdrola debido a que la adquisici\u00f3n la hizo el fondo privado M\u00e9xico Infrastructure Partners (MIP) y la empresa estatal s\u00f3lo ser\u00e1 la&#8230;<\/p>\n","protected":false},"author":2,"featured_media":1252461,"comment_status":"closed","ping_status":"closed","sticky":false,"template":"","format":"standard","meta":{"footnotes":""},"categories":[1997],"tags":[2759,3793,3896,6151,9349,9998,13021],"class_list":["post-1252460","post","type-post","status-publish","format-standard","has-post-thumbnail","hentry","category-noticias-destacadas","tag-lacompraquenoescompra","tag-amlo","tag-andres-manuel-lopez-obrador","tag-comision-federal-de-electricidad-cfe","tag-gonzalo-monroy","tag-iberdrola","tag-mexico-infrastructure-partners-mip"],"_links":{"self":[{"href":"https:\/\/www.acapulcopress.com\/index.php\/wp-json\/wp\/v2\/posts\/1252460","targetHints":{"allow":["GET"]}}],"collection":[{"href":"https:\/\/www.acapulcopress.com\/index.php\/wp-json\/wp\/v2\/posts"}],"about":[{"href":"https:\/\/www.acapulcopress.com\/index.php\/wp-json\/wp\/v2\/types\/post"}],"author":[{"embeddable":true,"href":"https:\/\/www.acapulcopress.com\/index.php\/wp-json\/wp\/v2\/users\/2"}],"replies":[{"embeddable":true,"href":"https:\/\/www.acapulcopress.com\/index.php\/wp-json\/wp\/v2\/comments?post=1252460"}],"version-history":[{"count":0,"href":"https:\/\/www.acapulcopress.com\/index.php\/wp-json\/wp\/v2\/posts\/1252460\/revisions"}],"wp:featuredmedia":[{"embeddable":true,"href":"https:\/\/www.acapulcopress.com\/index.php\/wp-json\/"}],"wp:attachment":[{"href":"https:\/\/www.acapulcopress.com\/index.php\/wp-json\/wp\/v2\/media?parent=1252460"}],"wp:term":[{"taxonomy":"category","embeddable":true,"href":"https:\/\/www.acapulcopress.com\/index.php\/wp-json\/wp\/v2\/categories?post=1252460"},{"taxonomy":"post_tag","embeddable":true,"href":"https:\/\/www.acapulcopress.com\/index.php\/wp-json\/wp\/v2\/tags?post=1252460"}],"curies":[{"name":"wp","href":"https:\/\/api.w.org\/{rel}","templated":true}]}}