{"id":1252474,"date":"2023-04-10T20:14:08","date_gmt":"2023-04-11T01:14:08","guid":{"rendered":"https:\/\/www.acapulcopress.com\/?p=1252474"},"modified":"2023-04-10T20:14:08","modified_gmt":"2023-04-11T01:14:08","slug":"termina-emergencia-sanitaria-en-eu-por-covid19","status":"publish","type":"post","link":"https:\/\/www.acapulcopress.com\/index.php\/2023\/04\/10\/termina-emergencia-sanitaria-en-eu-por-covid19\/","title":{"rendered":"Termina emergencia sanitaria en EU por Covid19"},"content":{"rendered":"<p style=\"text-align: justify;\">WASHINGTON * 10 de abril de 2023.<br \/>\n<em>) Efe<br \/>\n<\/em>El presidente de Estados Unidos,<a href=\"https:\/\/www.facebook.com\/POTUS\" target=\"_blank\" rel=\"noopener\"> Joe Biden<\/a>, firm\u00f3 este lunes un decreto de ley que da por terminada la emergencia sanitaria ocasionada por la pandemia de la Covid-19 a nivel nacional.<\/p>\n<p style=\"text-align: justify;\">A trav\u00e9s del decreto de ley, H.J. Res. 7, el presidente estadounidense dio por terminada la emergencia sanitaria de la pandemia por la Covid-19 un mes antes de la fecha que hab\u00eda anunciado en enero pasado la Oficina de Gesti\u00f3n y Presupuestos de la Casa Blanca.<\/p>\n<p style=\"text-align: justify;\">La firma de Biden da luz verde a la normativa, que fue aprobada por la C\u00e1mara de Representantes, controlada por los republicanos, el pasado 31 de enero.<\/p>\n<p style=\"text-align: justify;\">La nueva ley da fin a las actuales declaraciones de emergencia nacional y de emergencia de salud p\u00fablica, decretadas por el expresidente Donald Trump en 2020.<\/p>\n<p style=\"text-align: justify;\">Las medidas de emergencia permit\u00edan al gobierno federal destinar fondos para apoyar los esfuerzos de los gobiernos locales para combatir la pandemia, entre otras acciones.<\/p>\n<p style=\"text-align: justify;\">En un principio, el gobierno de Biden se opuso al entonces proyecto de ley, se\u00f1alando que, de ser aprobado, crear\u00eda un \u201cenorme caos e incertidumbre en el sistema de salud de Estados Unidos\u201d.<\/p>\n<p style=\"text-align: justify;\">La Casa Blanca hab\u00eda se\u00f1alado a finales de enero su intenci\u00f3n de dejar de considerar el covid-19 una emergencia nacional el 11 de mayo, para evitar este tipo de consecuencias perjudiciales.<\/p>\n<p style=\"text-align: justify;\">En el comunicado, la Casa Blanca argument\u00f3 que este periodo de gracia hasta mayo evitar\u00e1 el \u201ccaos e incertidumbre en el sistema sanitario\u201d que se producir\u00eda de prosperar una iniciativa de los republicanos en la C\u00e1mara Baja, que contempla el cese inmediato de las declaraciones.<\/p>\n<p style=\"text-align: justify;\">Entre ellas, la administraci\u00f3n dem\u00f3crata se\u00f1al\u00f3 un fin abrupto del T\u00edtulo 42, una controvertida norma sanitaria que permite expulsiones en caliente de migrantes en la frontera con la excusa de la pandemia.<\/p>\n<p style=\"text-align: justify;\">El Gobierno dem\u00f3crata ha mantenido el 11 de mayo como la fecha en la que planea levantar la restricci\u00f3n migratoria.<\/p>\n<p style=\"text-align: justify;\">Por otra parte, el 20 de marzo, Joe Biden, firm\u00f3 un proyecto de ley que obliga a la directora de Inteligencia Nacional, Avril Haines, a desclasificar la informaci\u00f3n relacionada con los or\u00edgenes de la Covid-19.<\/p>\n<p style=\"text-align: justify;\">Biden dijo que compart\u00eda el objetivo del Congreso de hacer p\u00fablica toda la informaci\u00f3n posible sobre el origen de la Covid-19. Sin embargo, afirm\u00f3 que su administraci\u00f3n tendr\u00eda en cuenta la seguridad nacional a la hora de decidir qu\u00e9 informaci\u00f3n divulgar.<\/p>\n<p style=\"text-align: justify;\">\u201cAl aplicar esta legislaci\u00f3n, mi administraci\u00f3n desclasificar\u00e1 y compartir\u00e1 tanta informaci\u00f3n como sea posible\u201d, dijo Biden en un comunicado. A\u00f1adiendo que ser\u00e1, \u201cen consonancia con mi autoridad constitucional para proteger frente la divulgaci\u00f3n de informaci\u00f3n que pueda perjudicar la seguridad nacional\u201d.<\/p>\n<p style=\"text-align: justify;\">El proyecto de ley fue aprobado por unanimidad en el Senado y la C\u00e1mara de Representantes antes de ser enviado a la Casa Blanca.<\/p>\n<p style=\"text-align: justify;\"><em>) S\u00edguenos en nuestra p\u00e1gina Facebook | @<a href=\"https:\/\/www.facebook.com\/acapulcopress.news\" target=\"_blank\" rel=\"noopener\">Acapulco Press<\/a><\/em><\/p>\n","protected":false},"excerpt":{"rendered":"<p>WASHINGTON * 10 de abril de 2023. ) Efe El presidente de Estados Unidos, Joe Biden, firm\u00f3 este lunes un decreto de ley que da por terminada la emergencia sanitaria ocasionada por la pandemia de la Covid-19 a nivel nacional. A trav\u00e9s del decreto de ley, H.J. Res. 7, el presidente estadounidense dio por terminada&#8230;<\/p>\n","protected":false},"author":2,"featured_media":1252478,"comment_status":"closed","ping_status":"closed","sticky":false,"template":"","format":"standard","meta":{"footnotes":""},"categories":[1997],"tags":[5327,6705,7450,10820],"class_list":["post-1252474","post","type-post","status-publish","format-standard","has-post-thumbnail","hentry","category-noticias-destacadas","tag-casa-blanca","tag-covid19","tag-donald-trump","tag-joe-biden"],"_links":{"self":[{"href":"https:\/\/www.acapulcopress.com\/index.php\/wp-json\/wp\/v2\/posts\/1252474","targetHints":{"allow":["GET"]}}],"collection":[{"href":"https:\/\/www.acapulcopress.com\/index.php\/wp-json\/wp\/v2\/posts"}],"about":[{"href":"https:\/\/www.acapulcopress.com\/index.php\/wp-json\/wp\/v2\/types\/post"}],"author":[{"embeddable":true,"href":"https:\/\/www.acapulcopress.com\/index.php\/wp-json\/wp\/v2\/users\/2"}],"replies":[{"embeddable":true,"href":"https:\/\/www.acapulcopress.com\/index.php\/wp-json\/wp\/v2\/comments?post=1252474"}],"version-history":[{"count":0,"href":"https:\/\/www.acapulcopress.com\/index.php\/wp-json\/wp\/v2\/posts\/1252474\/revisions"}],"wp:featuredmedia":[{"embeddable":true,"href":"https:\/\/www.acapulcopress.com\/index.php\/wp-json\/"}],"wp:attachment":[{"href":"https:\/\/www.acapulcopress.com\/index.php\/wp-json\/wp\/v2\/media?parent=1252474"}],"wp:term":[{"taxonomy":"category","embeddable":true,"href":"https:\/\/www.acapulcopress.com\/index.php\/wp-json\/wp\/v2\/categories?post=1252474"},{"taxonomy":"post_tag","embeddable":true,"href":"https:\/\/www.acapulcopress.com\/index.php\/wp-json\/wp\/v2\/tags?post=1252474"}],"curies":[{"name":"wp","href":"https:\/\/api.w.org\/{rel}","templated":true}]}}