{"id":1252489,"date":"2023-04-10T21:22:43","date_gmt":"2023-04-11T02:22:43","guid":{"rendered":"https:\/\/www.acapulcopress.com\/?p=1252489"},"modified":"2023-04-10T21:22:43","modified_gmt":"2023-04-11T02:22:43","slug":"julian-murio-de-infarto-agudo-al-miocardio-revela-maribel-guardia","status":"publish","type":"post","link":"https:\/\/www.acapulcopress.com\/index.php\/2023\/04\/10\/julian-murio-de-infarto-agudo-al-miocardio-revela-maribel-guardia\/","title":{"rendered":"Juli\u00e1n muri\u00f3 de infarto agudo al miocardio, revela Maribel Guardia"},"content":{"rendered":"<p style=\"text-align: justify;\">CIUDAD DE M\u00c9XICO * 10 de abril de 2023.<br \/>\n<em>) <a href=\"https:\/\/www.proceso.com.mx\/cultura\/2023\/4\/10\/maribel-guardia-revela-la-causa-de-la-muerte-de-su-hijo-julian-figueroa-305075.html\" target=\"_blank\" rel=\"noopener\">Apro<\/a><br \/>\n<\/em>La actriz <a href=\"https:\/\/www.facebook.com\/MaribelGuardia\" target=\"_blank\" rel=\"noopener\">Maribel Guardia<\/a> revel\u00f3 la causa de la muerte de su hijo <a href=\"https:\/\/www.facebook.com\/profile.php?id=100043950617940\" target=\"_blank\" rel=\"noopener\">Juli\u00e1n Figueroa<\/a>. El joven fue hallado sin vida la noche del domingo.<\/p>\n<p style=\"text-align: justify;\">En un mensaje en sus redes sociales, la madre del cantante pidi\u00f3 tener respeto por su privacidad y \u00abel doloroso momento que pasamos\u00bb.<\/p>\n<p style=\"text-align: justify;\">\u00abLo encontraron inconsciente esta noche en su cuarto, mientras yo estaba en el teatro. Llamaron al 911 y cuando lleg\u00f3 la ambulancia y la polic\u00eda lo encontraron ya sin vida, sin rastro de violencia alguno\u00bb, dijo.<\/p>\n<p style=\"text-align: justify;\">Guardia revel\u00f3 que el parte m\u00e9dico indica que \u00abfalleci\u00f3 por un infarto agudo al miocardio y fibrilaci\u00f3n ventricular\u00bb.<\/p>\n<p style=\"text-align: justify;\">Adelant\u00f3 que las honras f\u00fanebres se realizar\u00e1n en privado, \u00abal lado de las personas m\u00e1s cercanas y que m\u00e1s lo amaron\u00bb.<\/p>\n<p style=\"text-align: justify;\">\u00abAgradezco a todos los mensajes de apoyo y amor que me han estado enviando, pero en \u00e9ste momento no tengo alma para contestar a nadie; espero poder hacerlo en otro momento\u00bb, dijo.<\/p>\n<p style=\"text-align: justify;\">El cantante recientemente hab\u00eda debutado en la telenovela Mi camino es amarte. Adem\u00e1s de ser compositor, estudi\u00f3 psicolog\u00eda. Le sobreviven su esposa Ime Garza y su hijo Jos\u00e9 Juli\u00e1n Figueroa Garza, de 5 a\u00f1os.<\/p>\n<p style=\"text-align: justify;\"><em>) S\u00edguenos en nuestra p\u00e1gina Facebook | @<a href=\"https:\/\/www.facebook.com\/acapulcopress.news\" target=\"_blank\" rel=\"noopener\">Acapulco Press<\/a><\/em><\/p>\n","protected":false},"excerpt":{"rendered":"<p>CIUDAD DE M\u00c9XICO * 10 de abril de 2023. ) Apro La actriz Maribel Guardia revel\u00f3 la causa de la muerte de su hijo Juli\u00e1n Figueroa. El joven fue hallado sin vida la noche del domingo. En un mensaje en sus redes sociales, la madre del cantante pidi\u00f3 tener respeto por su privacidad y \u00abel&#8230;<\/p>\n","protected":false},"author":2,"featured_media":1252492,"comment_status":"closed","ping_status":"closed","sticky":false,"template":"","format":"standard","meta":{"footnotes":""},"categories":[1972,1988,1994],"tags":[10793,11304,12633],"class_list":["post-1252489","post","type-post","status-publish","format-standard","has-post-thumbnail","hentry","category-special","category-lifestyles","category-personalidades","tag-joan-sebastian","tag-julian-figueroa","tag-maribel-guardia"],"_links":{"self":[{"href":"https:\/\/www.acapulcopress.com\/index.php\/wp-json\/wp\/v2\/posts\/1252489","targetHints":{"allow":["GET"]}}],"collection":[{"href":"https:\/\/www.acapulcopress.com\/index.php\/wp-json\/wp\/v2\/posts"}],"about":[{"href":"https:\/\/www.acapulcopress.com\/index.php\/wp-json\/wp\/v2\/types\/post"}],"author":[{"embeddable":true,"href":"https:\/\/www.acapulcopress.com\/index.php\/wp-json\/wp\/v2\/users\/2"}],"replies":[{"embeddable":true,"href":"https:\/\/www.acapulcopress.com\/index.php\/wp-json\/wp\/v2\/comments?post=1252489"}],"version-history":[{"count":0,"href":"https:\/\/www.acapulcopress.com\/index.php\/wp-json\/wp\/v2\/posts\/1252489\/revisions"}],"wp:featuredmedia":[{"embeddable":true,"href":"https:\/\/www.acapulcopress.com\/index.php\/wp-json\/"}],"wp:attachment":[{"href":"https:\/\/www.acapulcopress.com\/index.php\/wp-json\/wp\/v2\/media?parent=1252489"}],"wp:term":[{"taxonomy":"category","embeddable":true,"href":"https:\/\/www.acapulcopress.com\/index.php\/wp-json\/wp\/v2\/categories?post=1252489"},{"taxonomy":"post_tag","embeddable":true,"href":"https:\/\/www.acapulcopress.com\/index.php\/wp-json\/wp\/v2\/tags?post=1252489"}],"curies":[{"name":"wp","href":"https:\/\/api.w.org\/{rel}","templated":true}]}}