{"id":1252494,"date":"2023-04-10T21:41:29","date_gmt":"2023-04-11T02:41:29","guid":{"rendered":"https:\/\/www.acapulcopress.com\/?p=1252494"},"modified":"2023-04-10T21:41:29","modified_gmt":"2023-04-11T02:41:29","slug":"protejo-al-ejercito-porque-no-es-un-ejercito-represor-amlo","status":"publish","type":"post","link":"https:\/\/www.acapulcopress.com\/index.php\/2023\/04\/10\/protejo-al-ejercito-porque-no-es-un-ejercito-represor-amlo\/","title":{"rendered":"Protejo al Ej\u00e9rcito porque no es un ej\u00e9rcito represor | AMLO"},"content":{"rendered":"<p style=\"text-align: justify;\">CIUDAD DE M\u00c9XICO * 10 de abril de 2023.<br \/>\n<em>) <a href=\"https:\/\/www.proceso.com.mx\/nacional\/2023\/4\/10\/protejo-al-ejercito-porque-es-fundamental-para-el-estado-no-es-represor-amlo-305100.html\" target=\"_blank\" rel=\"noopener\">Apro<\/a><br \/>\n<\/em>El presidente <a href=\"https:\/\/www.facebook.com\/lopezobrador.org.mx\" target=\"_blank\" rel=\"noopener\">Andr\u00e9s Manuel L\u00f3pez Obrador<\/a> asegur\u00f3 que su gobierno protege al Ej\u00e9rcito mexicano \u201cporque es una instituci\u00f3n fundamental para el Estado mexicano y no es un ej\u00e9rcito represor\u201d.<\/p>\n<p style=\"text-align: justify;\">Agradeci\u00f3 a los dirigentes de las fuerzas armadas por su apoyo, por lo que no se equivoc\u00f3 ni con el general Luis Cresencio Sandoval, ni con el secretario de Marina, Rafael Ojeda Dur\u00e1n \u201cy eso les puede a los conservadores corruptos e hip\u00f3critas, les puede de que yo tenga el respaldo\u201d.<\/p>\n<p style=\"text-align: justify;\">Justific\u00f3 que la actuaci\u00f3n de las fuerzas armadas siempre se ha basado en el cumplimiento de \u00f3rdenes de civiles \u201cpara llevar a cabo actos de represi\u00f3n, lamentables, pero que ha actuado siempre recibiendo \u00f3rdenes de los presidentes, porque no se debe de olvidar que el comandante supremo de las Fuerzas Armadas es el presidente de la Rep\u00fablica\u201d.<\/p>\n<p style=\"text-align: justify;\">Al preguntarle si tambi\u00e9n proteg\u00edan a las c\u00fapulas militares, respondi\u00f3: \u201cS\u00ed, porque son pueblo, no se convirtieron en oligarcas. Por ejemplo, cuando Salinas cre\u00f3 la nueva oligarqu\u00eda, el llamado grupo compacto, no hay ning\u00fan militar, nada m\u00e1s que este asunto pues no se acepta, \u00bfno?, tan f\u00e1cilmente\u201d.<\/p>\n<p style=\"text-align: justify;\">Afirm\u00f3 que la poblaci\u00f3n mexicana se qued\u00f3 \u201ccon la idea de que el Ej\u00e9rcito es represor y se nos olvida de que este Ej\u00e9rcito surge de un movimiento revolucionario, surge para enfrentar el golpe de Estado de Victoriano Huerta, pero para reestablecer la legalidad y la democracia en M\u00e9xico\u201d.<\/p>\n<p style=\"text-align: justify;\">A\u00f1adi\u00f3 que la defensa al Ej\u00e9rcito es porque viene del pueblo, es pueblo uniformado, hijos de campesinos, de obreros, comerciantes y de militares.<\/p>\n<p style=\"text-align: justify;\">\u201cDe los 25 generales de divisi\u00f3n -hagan el estudio-, ninguno viene de la \u00e9lite econ\u00f3mica del pa\u00eds, ninguno de los generales de divisi\u00f3n pertenece a la oligarqu\u00eda, no es como el Ej\u00e9rcito de otros pa\u00edses, no voy a mencionar los otros pa\u00edses. Por eso tenemos que defender al Ej\u00e9rcito\u201d, dijo.<\/p>\n<p style=\"text-align: justify;\">A Ojeda Dur\u00e1n lo defini\u00f3 como un hombre recto, estricto, honesto, nacionalista y, por eso, lo nombr\u00f3.<\/p>\n<p style=\"text-align: justify;\">\u201cLo ten\u00edan marginado porque los que estaban hab\u00edan entrado, incluso, violando los procedimientos para el ascenso. Siempre era un almirante que llegaba, pero que ten\u00eda un desempe\u00f1o en una regi\u00f3n naval o en regiones navales\u201d, se\u00f1al\u00f3.<\/p>\n<p style=\"text-align: justify;\">Tambi\u00e9n expuso que propuso a quien fue secretario particular del almirante en turno, y despu\u00e9s a quien fue oficial mayor, porque manejaba las relaciones p\u00fablicas y ten\u00eda entendimiento con los medios.<\/p>\n<p style=\"text-align: justify;\">\u201cEntonces, pues busqu\u00e9 y encontr\u00e9 afortunadamente al almirante Ojeda, que hab\u00eda escrito en los a\u00f1os 80 \u2014porque hice una investigaci\u00f3n de todos\u2014 un libro en contra de la corrupci\u00f3n\u201d, relat\u00f3.<\/p>\n<p style=\"text-align: justify;\"><em>) S\u00edguenos en nuestra p\u00e1gina Facebook | @<a href=\"https:\/\/www.facebook.com\/acapulcopress.news\" target=\"_blank\" rel=\"noopener\">Acapulco Press<\/a><\/em><\/p>\n","protected":false},"excerpt":{"rendered":"<p>CIUDAD DE M\u00c9XICO * 10 de abril de 2023. ) Apro El presidente Andr\u00e9s Manuel L\u00f3pez Obrador asegur\u00f3 que su gobierno protege al Ej\u00e9rcito mexicano \u201cporque es una instituci\u00f3n fundamental para el Estado mexicano y no es un ej\u00e9rcito represor\u201d. Agradeci\u00f3 a los dirigentes de las fuerzas armadas por su apoyo, por lo que no&#8230;<\/p>\n","protected":false},"author":2,"featured_media":1252495,"comment_status":"closed","ping_status":"closed","sticky":false,"template":"","format":"standard","meta":{"footnotes":""},"categories":[1969,1972,2005],"tags":[3793,3896,7642,8993,12166,12654,15232,16351,16460],"class_list":["post-1252494","post","type-post","status-publish","format-standard","has-post-thumbnail","hentry","category-trending","category-special","category-seguridad-y-justicia","tag-amlo","tag-andres-manuel-lopez-obrador","tag-ejercito","tag-fuerzas-armadas-de-mexico-fam","tag-luis-cresencio-sandoval","tag-marina","tag-rafael-ojeda-duran","tag-sedena","tag-semar"],"_links":{"self":[{"href":"https:\/\/www.acapulcopress.com\/index.php\/wp-json\/wp\/v2\/posts\/1252494","targetHints":{"allow":["GET"]}}],"collection":[{"href":"https:\/\/www.acapulcopress.com\/index.php\/wp-json\/wp\/v2\/posts"}],"about":[{"href":"https:\/\/www.acapulcopress.com\/index.php\/wp-json\/wp\/v2\/types\/post"}],"author":[{"embeddable":true,"href":"https:\/\/www.acapulcopress.com\/index.php\/wp-json\/wp\/v2\/users\/2"}],"replies":[{"embeddable":true,"href":"https:\/\/www.acapulcopress.com\/index.php\/wp-json\/wp\/v2\/comments?post=1252494"}],"version-history":[{"count":0,"href":"https:\/\/www.acapulcopress.com\/index.php\/wp-json\/wp\/v2\/posts\/1252494\/revisions"}],"wp:featuredmedia":[{"embeddable":true,"href":"https:\/\/www.acapulcopress.com\/index.php\/wp-json\/"}],"wp:attachment":[{"href":"https:\/\/www.acapulcopress.com\/index.php\/wp-json\/wp\/v2\/media?parent=1252494"}],"wp:term":[{"taxonomy":"category","embeddable":true,"href":"https:\/\/www.acapulcopress.com\/index.php\/wp-json\/wp\/v2\/categories?post=1252494"},{"taxonomy":"post_tag","embeddable":true,"href":"https:\/\/www.acapulcopress.com\/index.php\/wp-json\/wp\/v2\/tags?post=1252494"}],"curies":[{"name":"wp","href":"https:\/\/api.w.org\/{rel}","templated":true}]}}