{"id":1252499,"date":"2023-04-10T22:00:43","date_gmt":"2023-04-11T03:00:43","guid":{"rendered":"https:\/\/www.acapulcopress.com\/?p=1252499"},"modified":"2023-04-10T22:00:43","modified_gmt":"2023-04-11T03:00:43","slug":"dif-guerrero-inicio-jornada-de-deteccion-oportuna-de-cancer-en-costa-chica","status":"publish","type":"post","link":"https:\/\/www.acapulcopress.com\/index.php\/2023\/04\/10\/dif-guerrero-inicio-jornada-de-deteccion-oportuna-de-cancer-en-costa-chica\/","title":{"rendered":"DIF Guerrero inici\u00f3 jornada de detecci\u00f3n oportuna de c\u00e1ncer en Costa Chica"},"content":{"rendered":"<p style=\"text-align: justify;\">TECOANAPA * 10 de abril de 2023.<br \/>\n) DIF Guerrero<br \/>\n<img loading=\"lazy\" decoding=\"async\" class=\"alignleft size-medium wp-image-1252501\" src=\"https:\/\/www.acapulcopress.com\/wp-content\/uploads\/2023\/04\/DIFGRO.TECOANAPA2-375x250.jpg\" alt=\"\" width=\"375\" height=\"250\" \/>Durante cinco d\u00edas consecutivos el <a href=\"https:\/\/www.facebook.com\/SistemaDIFGuerrero\" target=\"_blank\" rel=\"noopener\">DIF Guerrero<\/a> junto al <a href=\"https:\/\/www.facebook.com\/Iecanguerrero\" target=\"_blank\" rel=\"noopener\">Instituto Estatal de Cancerolog\u00eda (IECAN)<\/a> \u201cDr. Arturo Beltr\u00e1n Ortega\u201d, llevar\u00e1n a cabo la jornada de detecci\u00f3n oportuna de c\u00e1ncer \u201cPrevenir es Transformar\u201d, para habitantes de la regi\u00f3n de la Costa Chica del Estado, se tiene previsto realizar m\u00e1s de 500 estudios m\u00e9dicos de manera totalmente gratuita.<\/p>\n<p style=\"text-align: justify;\">Lo anterior, en cumplimiento al compromiso de la gobernadora<a href=\"https:\/\/www.facebook.com\/EvelynSalgadoP\" target=\"_blank\" rel=\"noopener\"> Evelyn Salgado Pineda<\/a> de acercar los servicios de salud a todos los municipios de la entidad, con el fin de prevenir y salvaguardar la salud de las y los guerrerenses.<\/p>\n<p style=\"text-align: justify;\">En el municipio de Tecoanapa, la presidenta del DIF estatal, <a href=\"https:\/\/www.facebook.com\/LizSalgadoP\" target=\"_blank\" rel=\"noopener\">Liz Salgado Pineda<\/a>, encabez\u00f3 el banderazo de inicio de la brigada en la que inform\u00f3 que se realizar\u00e1n m\u00e1s de 500 <img loading=\"lazy\" decoding=\"async\" class=\"alignleft size-medium wp-image-1252504\" src=\"https:\/\/www.acapulcopress.com\/wp-content\/uploads\/2023\/04\/DIFGRO.TECOANAPA5-375x270.jpg\" alt=\"\" width=\"375\" height=\"270\" \/>estudios gratuitos de papanicolaou, mastograf\u00edas, consultas m\u00e9dicas, ant\u00edgeno prost\u00e1tico, ultrasonidos p\u00e9lvicos y abdominales, as\u00ed como el seguimiento integral a los casos que resulten positivos a alg\u00fan tipo de c\u00e1ncer.<\/p>\n<p style=\"text-align: justify;\">Liz Salgado, asegur\u00f3 que es gracias a las brigadas m\u00e9dicas que se han salvado decenas de vidas, por lo que reconoci\u00f3 la importancia de que tanto mujeres como hombres hagan uso de los servicios que ofrece gratuitamente la administraci\u00f3n estatal que encabeza la gobernadora Evelyn Salgado Pineda, en todos los municipios del estado.<\/p>\n<p style=\"text-align: justify;\">Adem\u00e1s, dio a conocer que la brigada de cancerolog\u00eda tambi\u00e9n visitar\u00e1 los municipios de San Luis Acatl\u00e1n, Azoy\u00fa, Marquelia y Copala, \u201cpara refrendar los lazos de cari\u00f1o y amor <img loading=\"lazy\" decoding=\"async\" class=\"alignleft size-medium wp-image-1252500\" src=\"https:\/\/www.acapulcopress.com\/wp-content\/uploads\/2023\/04\/DIFGRO.TECOANAPA-375x250.jpg\" alt=\"\" width=\"375\" height=\"250\" \/>con las familias guerrerenses, el motor y base de nuestra sociedad\u201d, puntualiz\u00f3.<\/p>\n<p style=\"text-align: justify;\">En el arranque la acompa\u00f1aron la directora general del IECAN, Sandra Fajardo Hern\u00e1ndez; la presidenta municipal de Tecoanapa, Carmen Iliana Castillo y la directora del DIF municipal, Emma Pereyra Adame, as\u00ed como personal m\u00e9dico a quienes exhort\u00f3 a brindar un servicio respetuoso y oportuno a\u00a0la\u00a0ciudadan\u00eda.<\/p>\n<p style=\"text-align: justify;\"><em>) S\u00edguenos en nuestra p\u00e1gina Facebook | @<a href=\"https:\/\/www.facebook.com\/acapulcopress.news\" target=\"_blank\" rel=\"noopener\">Acapulco Press<\/a><\/em><\/p>\n","protected":false},"excerpt":{"rendered":"<p>TECOANAPA * 10 de abril de 2023. ) DIF Guerrero Durante cinco d\u00edas consecutivos el DIF Guerrero junto al Instituto Estatal de Cancerolog\u00eda (IECAN) \u201cDr. Arturo Beltr\u00e1n Ortega\u201d, llevar\u00e1n a cabo la jornada de detecci\u00f3n oportuna de c\u00e1ncer \u201cPrevenir es Transformar\u201d, para habitantes de la regi\u00f3n de la Costa Chica del Estado, se tiene previsto&#8230;<\/p>\n","protected":false},"author":2,"featured_media":1252505,"comment_status":"closed","ping_status":"closed","sticky":false,"template":"","format":"standard","meta":{"footnotes":""},"categories":[1983,18561],"tags":[7313,10270,12012],"class_list":["post-1252499","post","type-post","status-publish","format-standard","has-post-thumbnail","hentry","category-guerrerogob","category-society-politics","tag-dif-guerrero","tag-instituto-estatal-de-cancerologia-iecan-dr-arturo-beltran-ortega","tag-liz-salgado-pineda"],"_links":{"self":[{"href":"https:\/\/www.acapulcopress.com\/index.php\/wp-json\/wp\/v2\/posts\/1252499","targetHints":{"allow":["GET"]}}],"collection":[{"href":"https:\/\/www.acapulcopress.com\/index.php\/wp-json\/wp\/v2\/posts"}],"about":[{"href":"https:\/\/www.acapulcopress.com\/index.php\/wp-json\/wp\/v2\/types\/post"}],"author":[{"embeddable":true,"href":"https:\/\/www.acapulcopress.com\/index.php\/wp-json\/wp\/v2\/users\/2"}],"replies":[{"embeddable":true,"href":"https:\/\/www.acapulcopress.com\/index.php\/wp-json\/wp\/v2\/comments?post=1252499"}],"version-history":[{"count":0,"href":"https:\/\/www.acapulcopress.com\/index.php\/wp-json\/wp\/v2\/posts\/1252499\/revisions"}],"wp:featuredmedia":[{"embeddable":true,"href":"https:\/\/www.acapulcopress.com\/index.php\/wp-json\/"}],"wp:attachment":[{"href":"https:\/\/www.acapulcopress.com\/index.php\/wp-json\/wp\/v2\/media?parent=1252499"}],"wp:term":[{"taxonomy":"category","embeddable":true,"href":"https:\/\/www.acapulcopress.com\/index.php\/wp-json\/wp\/v2\/categories?post=1252499"},{"taxonomy":"post_tag","embeddable":true,"href":"https:\/\/www.acapulcopress.com\/index.php\/wp-json\/wp\/v2\/tags?post=1252499"}],"curies":[{"name":"wp","href":"https:\/\/api.w.org\/{rel}","templated":true}]}}