{"id":1252514,"date":"2023-04-10T22:46:15","date_gmt":"2023-04-11T03:46:15","guid":{"rendered":"https:\/\/www.acapulcopress.com\/?p=1252514"},"modified":"2023-04-10T22:46:15","modified_gmt":"2023-04-11T03:46:15","slug":"convoca-congreso-de-guerrero-a-concurso-estatal-de-fotografia","status":"publish","type":"post","link":"https:\/\/www.acapulcopress.com\/index.php\/2023\/04\/10\/convoca-congreso-de-guerrero-a-concurso-estatal-de-fotografia\/","title":{"rendered":"Convoca Congreso de Guerrero a Concurso Estatal de Fotograf\u00eda"},"content":{"rendered":"<p style=\"text-align: justify;\">CHILPANCINGO * 10 de abril de 2023.<br \/>\n<em>) Congreso de Guerrero\u00a0<\/em><br \/>\nLas Comisiones de los Derechos de las Ni\u00f1as, Ni\u00f1os y Adolescentes, de Turismo, de la Juventud y el Deporte y de Asuntos Ind\u00edgenas y Afromexicanos del <a href=\"https:\/\/www.facebook.com\/congresogro\" target=\"_blank\" rel=\"noopener\">Congreso del Estado<\/a> convocan a la ni\u00f1ez y juventud guerrerense a participar en el Concurso Estatal de Fotograf\u00eda.<\/p>\n<p style=\"text-align: justify;\">El certamen tiene como finalidad que las ni\u00f1as, ni\u00f1os y adolescentes muestren las tradiciones de sus respectivos municipios o regiones, como danzas, gastronom\u00eda y m\u00fasica, as\u00ed como los lugares tur\u00edsticos, hist\u00f3ricos o emblem\u00e1ticos dignos de dar a conocer.<\/p>\n<p style=\"text-align: justify;\">Las categor\u00edas del concurso son de 5 a 8 a\u00f1os de edad, de 9 a 13 y de 14 a 18 a\u00f1os, y para participar, los interesados podr\u00e1n enviar sus fotograf\u00edas al correo electr\u00f3nico <a href=\"mailto:concursoinfantilfotografia@gmail.com\" target=\"_blank\" rel=\"noopener\"><em>concursoinfantilfotografia@gmail.com<\/em><\/a>, a partir de esta fecha y hasta el 20 de abril de este a\u00f1o.<\/p>\n<p style=\"text-align: justify;\">Los concursantes s\u00f3lo podr\u00e1n participar con una fotograf\u00eda, misma que deber\u00e1 contener el nombre completo de la persona, edad, fecha de nacimiento, n\u00famero de contacto, municipio y localidad, nombre del padre, madre o tutor, en una calidad m\u00e1xima para imprimir de 6&#215;4 (tama\u00f1o carta) en formato de imagen.<\/p>\n<p style=\"text-align: justify;\">La exposici\u00f3n de las fotograf\u00edas y premiaci\u00f3n de los ganadores se llevar\u00e1 a cabo el d\u00eda 27 de abril en las instalaciones del Congreso\u00a0del Estado, en el marco de las actividades del mes de las Ni\u00f1as y Ni\u00f1os.<\/p>\n<p style=\"text-align: justify;\">Adem\u00e1s, las comisiones legislativas establecen en la convocatoria que se otorgar\u00e1 un premio especial a las ni\u00f1as y ni\u00f1os que se autorreconozcan como afromexicanos o ind\u00edgenas.<\/p>\n<p style=\"text-align: justify;\">Dichos \u00f3rganos legislativos son integrados de la siguiente manera: De los Derechos de las Ni\u00f1as, Ni\u00f1os y Adolescentes, Beatriz Mojica Morga, presidenta; Julieta Fern\u00e1ndez M\u00e1rquez, secretaria; Jennyfer Garc\u00eda Lucena, Nora Yanek Vel\u00e1zquez Mart\u00ednez y Susana Paola Ju\u00e1rez G\u00f3mez, vocales. De Turismo, Ana Lenis Res\u00e9ndiz Javier, presidenta; Yanelly Hern\u00e1ndez Mart\u00ednez, secretaria; Carlos Cruz L\u00f3pez, Yoloczin Lizbeth Dom\u00ednguez Serna y Joaqu\u00edn Badillo Escamilla, vocales. De la Juventud y el Deporte, Ang\u00e9lica Espinoza Garc\u00eda, presidenta; Ana Lenis Res\u00e9ndiz Javier, secretaria; Julieta Fern\u00e1ndez M\u00e1rquez, Jennyfer Garc\u00eda Lucena y Marben de la Cruz Santiago, vocales. De Asuntos Ind\u00edgenas y Afromexicanos, Marben de la Cruz Santiago, presidenta; Leticia Mosso Hern\u00e1ndez, secretaria; Ana Lenis Res\u00e9ndiz Javier, Rafael Navarrete Quezada y Masedonio Mendoza Basurto, vocales.<\/p>\n<p style=\"text-align: justify;\"><em>) S\u00edguenos en nuestra p\u00e1gina Facebook | @<a href=\"https:\/\/www.facebook.com\/acapulcopress.news\" target=\"_blank\" rel=\"noopener\">Acapulco Press<\/a><\/em><\/p>\n","protected":false},"excerpt":{"rendered":"<p>CHILPANCINGO * 10 de abril de 2023. ) Congreso de Guerrero\u00a0 Las Comisiones de los Derechos de las Ni\u00f1as, Ni\u00f1os y Adolescentes, de Turismo, de la Juventud y el Deporte y de Asuntos Ind\u00edgenas y Afromexicanos del Congreso del Estado convocan a la ni\u00f1ez y juventud guerrerense a participar en el Concurso Estatal de Fotograf\u00eda&#8230;.<\/p>\n","protected":false},"author":2,"featured_media":1252509,"comment_status":"closed","ping_status":"closed","sticky":false,"template":"","format":"standard","meta":{"footnotes":""},"categories":[2057,61,1988,18561],"tags":[6315,6370],"class_list":["post-1252514","post","type-post","status-publish","format-standard","has-post-thumbnail","hentry","category-eventos-lifestyles","category-legislacion","category-lifestyles","category-society-politics","tag-concurso-estatal-de-fotografia","tag-congreso-de-guerrero"],"_links":{"self":[{"href":"https:\/\/www.acapulcopress.com\/index.php\/wp-json\/wp\/v2\/posts\/1252514","targetHints":{"allow":["GET"]}}],"collection":[{"href":"https:\/\/www.acapulcopress.com\/index.php\/wp-json\/wp\/v2\/posts"}],"about":[{"href":"https:\/\/www.acapulcopress.com\/index.php\/wp-json\/wp\/v2\/types\/post"}],"author":[{"embeddable":true,"href":"https:\/\/www.acapulcopress.com\/index.php\/wp-json\/wp\/v2\/users\/2"}],"replies":[{"embeddable":true,"href":"https:\/\/www.acapulcopress.com\/index.php\/wp-json\/wp\/v2\/comments?post=1252514"}],"version-history":[{"count":0,"href":"https:\/\/www.acapulcopress.com\/index.php\/wp-json\/wp\/v2\/posts\/1252514\/revisions"}],"wp:featuredmedia":[{"embeddable":true,"href":"https:\/\/www.acapulcopress.com\/index.php\/wp-json\/"}],"wp:attachment":[{"href":"https:\/\/www.acapulcopress.com\/index.php\/wp-json\/wp\/v2\/media?parent=1252514"}],"wp:term":[{"taxonomy":"category","embeddable":true,"href":"https:\/\/www.acapulcopress.com\/index.php\/wp-json\/wp\/v2\/categories?post=1252514"},{"taxonomy":"post_tag","embeddable":true,"href":"https:\/\/www.acapulcopress.com\/index.php\/wp-json\/wp\/v2\/tags?post=1252514"}],"curies":[{"name":"wp","href":"https:\/\/api.w.org\/{rel}","templated":true}]}}