{"id":1252525,"date":"2023-04-11T19:41:21","date_gmt":"2023-04-12T00:41:21","guid":{"rendered":"https:\/\/www.acapulcopress.com\/?p=1252525"},"modified":"2023-04-11T19:41:21","modified_gmt":"2023-04-12T00:41:21","slug":"la-expo-feria-de-ometepec-y-el-conclave-de-el-pantano","status":"publish","type":"post","link":"https:\/\/www.acapulcopress.com\/index.php\/2023\/04\/11\/la-expo-feria-de-ometepec-y-el-conclave-de-el-pantano\/","title":{"rendered":"La Expo-Feria de Ometepec y el c\u00f3nclave de \u201cEl Pantano\u201d"},"content":{"rendered":"<p style=\"text-align: justify;\">Marem\u00e1gnum<br \/>\n\u00bb <strong>RICARDO<\/strong> | <strong>CASTILLO BARRIENTOS<\/strong><br \/>\n<em>) Facebook: @<a href=\"https:\/\/www.facebook.com\/ricardocastill01\" target=\"_blank\" rel=\"noopener\">Ricardo Castillo Barrientos<\/a><\/em><\/p>\n<p style=\"text-align: justify;\">La Expo-Feria de Ometepec solo fue pretexto para el reencuentro de los pr\u00f3ceres que han gobernado o han estado a punto de gobernar la entidad:<a href=\"https:\/\/www.facebook.com\/AngelAguirreRiveroOficial\" target=\"_blank\" rel=\"noopener\"> \u00c1ngel Aguirre<\/a> y <a href=\"https:\/\/www.facebook.com\/AstudilloFloresHector\" target=\"_blank\" rel=\"noopener\">H\u00e9ctor Astudillo<\/a>, por un lado; por el otro, <a href=\"https:\/\/www.facebook.com\/ManuelAnorveBanos\" target=\"_blank\" rel=\"noopener\">Manuel A\u00f1orve<\/a>, <a href=\"https:\/\/www.facebook.com\/MorenoArcosMario\" target=\"_blank\" rel=\"noopener\">Mario Moreno<\/a> y <a href=\"https:\/\/www.facebook.com\/sofioramirezh\" target=\"_blank\" rel=\"noopener\">Sof\u00edo Ram\u00edrez<\/a>. Rodeados de sus equipos pol\u00edticos pasaron lista en el Rancho \u201cEl Pantano\u201d, convocados por el ex gobernador <img loading=\"lazy\" decoding=\"async\" class=\"alignleft size-medium wp-image-1252526\" src=\"https:\/\/www.acapulcopress.com\/wp-content\/uploads\/2023\/04\/aguirre-375x148.jpg\" alt=\"\" width=\"375\" height=\"148\" \/>Aguirre Rivero. Por parte del ex gobernador Rub\u00e9n Figueroa alz\u00f3 la mano su escudero, H\u00e9ctor Vicario. Tambi\u00e9n presentes la presidenta de la C\u00e1mara de Diputados, Yanelly Hern\u00e1ndez y los presidentes del Comit\u00e9 Estatal del PRI y PRD, Alejandro Bravo y Alberto Catal\u00e1n.<\/p>\n<p style=\"text-align: justify;\">La Expo-Feria -en su edici\u00f3n 49- llev\u00f3 el nombre del profesor Delfino Aguirre Rivero. El Comit\u00e9 Organizador corri\u00f3 la invitaci\u00f3n de cortes\u00eda a la gobernadora Evelyn Salgado para el corte del list\u00f3n inaugural. No los desair\u00f3, apoy\u00f3 econ\u00f3micamente y mand\u00f3 como su representante al secretario de Desarrollo Rural, Alejandro Zepeda Castorena.<\/p>\n<p style=\"text-align: justify;\"><img loading=\"lazy\" decoding=\"async\" class=\"alignleft size-medium wp-image-1252528\" src=\"https:\/\/www.acapulcopress.com\/wp-content\/uploads\/2023\/04\/moreno-375x170.jpg\" alt=\"\" width=\"375\" height=\"170\" \/>Para el pueblo pan y circo y felices disfrutaron los atractivos de la Feria y la Exposici\u00f3n ganadera m\u00e1s importante del estado por la crianza de ganado de alto registro en la Costa Chica, desplazando a la otrora productiva Tierra Caliente, en este sector de la econom\u00eda.<\/p>\n<p style=\"text-align: justify;\">Vayamos a \u201cEl Pantano\u201d, lugar emblem\u00e1tico de la familia Aguirre Rivero, por los juegos infantiles y juveniles que disfrutaron junto a sus padres don Delfino y do\u00f1a Lola, convertido ahora en un rancho nada ostentoso, a pesar que su propietario ha sido gobernador dos veces.<\/p>\n<p style=\"text-align: justify;\">El c\u00f3nclave dio cita a un centenar de pol\u00edticos venidos a menos del PRI y del PRD, salvo la presencia de algunos alcaldes y diputados locales y otros personajes esperanzados en nuevas oportunidades pol\u00edticas, cartuchos quemados les llama el p\u00f3pulo.<\/p>\n<p style=\"text-align: justify;\">El c\u00f3nclave se desarroll\u00f3 en un ambiente entusiasta y de expectaci\u00f3n cuando hizo su aparici\u00f3n el jinete a la alta escuela, el perspicaz \u201cPochito\u201d A\u00f1orve, hijo del odioso Armando \u201cPocho\u201d A\u00f1orve, montando con inusual maestr\u00eda un noble corcel que movi\u00f3 sus extremidades al ritmo del sonido de banda.<\/p>\n<p style=\"text-align: justify;\">La gran camarader\u00eda se reflejaba en sus rostros, todo era hermandad de los que saludan: \u201cmi querido hermano del alma\u201d. Dejando atr\u00e1s en apariencia, desencuentros, diferencias y traiciones. El cl\u00e1sico borr\u00f3n y cuenta nueva para el bienestar de todos y seguir en la jugada.<\/p>\n<p style=\"text-align: justify;\">\u00c1ngel Aguirre ofreci\u00f3 la comida en honor al ex gobernador Astudillo Flores y como factor de unidad marc\u00f3 la pauta para refrendar su amistad, al tiempo de llamar a cerrar filas para la contienda electoral del 24; haciendo previas remembranzas salpicadas del humor fino que posee y hace disfrutar a los concurrentes.<\/p>\n<p style=\"text-align: justify;\">En sus intervenciones, Astudillo, A\u00f1orve, Moreno y Vicario, ratificaron sus compromisos de unidad y armon\u00eda que deben prevalecer para salir avante en el pr\u00f3ximo proceso electoral, confiados que AMLO no aparecer\u00e1 en la boleta y eso les da la seguridad de incrementar el n\u00famero de alcald\u00edas y diputaciones locales.<\/p>\n<p style=\"text-align: justify;\">La rebatinga vendr\u00e1 por la candidatura de primera minor\u00eda al Senado por la alianza PRI-PRD-PAN. Aguirre y A\u00f1orve llevan mano frente Astudillo y Moreno, que tendr\u00e1n que cataxiciar por candidaturas a diputaciones \u201cpluris\u201d y asegurar pase autom\u00e1tico a la sobrevivencia pol\u00edtica, en tiempos pintados de guinda.<\/p>\n<p style=\"text-align: justify;\">Mientras esto sucedi\u00f3 en \u201cEl Pantano\u201d, los machuchones de Morena se est\u00e1n frotando las manos con llevarse \u201ccarro completo\u201d, al mejor estilo de los inmemoriales tiempos priistas. Recordemos que en pol\u00edtica nada est\u00e1 escrito, todo es cosa de tiempos y circunstancias, que ahora favorecen al Movimiento de Regeneraci\u00f3n Nacional.<\/p>\n<p style=\"text-align: justify;\">Marea Baja.- Lamentable, muy lamentable, el desprecio e indiferencia al Caudillo del Sur, Gral. Emiliano Zapata Salazar, en su 104 Aniversario Luctuoso, que se conmemor\u00f3 frente a su estatua en la ciudad de Chilpancingo, con la presencia de funcionarios menores, ni el secretario de Desarrollo Rural, Alejandro Zepeda Castorena, estuvo presente como era su obligaci\u00f3n. Deslucido evento de la Secretaria de Cultura, cuya titular tampoco asisti\u00f3.<\/p>\n<p style=\"text-align: justify;\">Quienes si se dieron cita fueron los integrantes del Movimiento Guerrerense \u00a1Que Viva Zapata!, que homenajearon al comandante del Ej\u00e9rcito Libertador del Sur, que combati\u00f3 implacablemente a los caciques de su natal estado de Morelos y Guerrero, y promovi\u00f3 la Reforma Agraria con el lema \u00a1Tierra y Libertad!<\/p>\n<p style=\"text-align: justify;\">Marea Alta.- Ya se hizo un enredijo la construcci\u00f3n del nuevo hospital del ISSSTE de tercer nivel en Acapulco, aprobado por el presidente L\u00f3pez Obrador, a petici\u00f3n de la ex alcaldesa y magistrada Adela Rom\u00e1n, Eloy Cisneros y Benjam\u00edn Sandoval.<\/p>\n<p style=\"text-align: justify;\">Los gestores del hospital confirman una disputa por la ubicaci\u00f3n del nosocomio. Funcionarios de los 3 niveles est\u00e1n metiendo manos para llevarse la tajada del le\u00f3n. El hilo se revent\u00f3 por lo m\u00e1s delgado y cobr\u00f3 la cabeza del subdelegado de Administraci\u00f3n y Finanzas, Zeferino G\u00f3mez Valdovinos, a quien le achacaron m\u00faltiples actos de corrupci\u00f3n, sin comprob\u00e1rsele alguna fechor\u00eda hasta el momento.<\/p>\n<p style=\"text-align: justify;\">Maremoto.- Durante la pasada semana de reflexi\u00f3n, corri\u00f3 la especie de un acuerdo entre los fundadores del FREDEUAG para insistir a Javier Salda\u00f1a Almaz\u00e1n, lo perjudicial que resulta para la M\u00e1xima Casa de Estudios y a esta corriente universitaria, aferrarse a un tercer periodo rectoral, lo que podr\u00eda implicar posible inestabilidad emocional.<\/p>\n<p style=\"text-align: justify;\">Los Fredeuagos cuentan entre sus filas con perfiles acad\u00e9micos y cient\u00edficos muy superiores a Salda\u00f1a Almaz\u00e1n, quien carece de una reconocida trayectoria en \u00e1mbitos del conocimiento. Proponen al maestro Efr\u00e9n Arellano Cisneros, al doctor \u00c1ngel Ascencio Romero, a la doctora Laura Sampedro Rosas, viuda del doctor Rosal\u00edo Wences.<\/p>\n<p style=\"text-align: justify;\">A Javier Salda\u00f1a no le queda m\u00e1s que declinar por alg\u00fan compa\u00f1ero de su grupo pol\u00edtico, quienes ya le dieron la oportunidad de dirigir dos periodos a la UAGro. No est\u00e1n de acuerdo con tanta ambici\u00f3n pol\u00edtica y econ\u00f3mica, as\u00ed como la instauraci\u00f3n de un cacicazgo universitario al peor estilo de las universidades de Guadalajara e Hidalgo.<\/p>\n<p style=\"text-align: justify;\"><em>) S\u00edguenos en nuestra p\u00e1gina Facebook | @<a href=\"https:\/\/www.facebook.com\/acapulcopress.news\" target=\"_blank\" rel=\"noopener\">Acapulco Press<\/a><\/em><\/p>\n","protected":false},"excerpt":{"rendered":"<p>Marem\u00e1gnum \u00bb RICARDO | CASTILLO BARRIENTOS ) Facebook: @Ricardo Castillo Barrientos La Expo-Feria de Ometepec solo fue pretexto para el reencuentro de los pr\u00f3ceres que han gobernado o han estado a punto de gobernar la entidad: \u00c1ngel Aguirre y H\u00e9ctor Astudillo, por un lado; por el otro, Manuel A\u00f1orve, Mario Moreno y Sof\u00edo Ram\u00edrez. Rodeados&#8230;<\/p>\n","protected":false},"author":2,"featured_media":1252527,"comment_status":"closed","ping_status":"closed","sticky":false,"template":"","format":"standard","meta":{"footnotes":""},"categories":[2071,1991],"tags":[3926,8295,9705,12366,12503,12685,15575,16789],"class_list":["post-1252525","post","type-post","status-publish","format-standard","has-post-thumbnail","hentry","category-opinion-analisis-columnas","category-libertad-de-expresion","tag-angel-aguirre-rivero","tag-expo-feria-de-ometepec-2023","tag-hector-astudillo-flores","tag-manuel-anorve-banos","tag-maremagnum","tag-mario-moreno-arcos","tag-ricardo-castillo-barrientos","tag-sofio-ramirez-hernandez"],"_links":{"self":[{"href":"https:\/\/www.acapulcopress.com\/index.php\/wp-json\/wp\/v2\/posts\/1252525","targetHints":{"allow":["GET"]}}],"collection":[{"href":"https:\/\/www.acapulcopress.com\/index.php\/wp-json\/wp\/v2\/posts"}],"about":[{"href":"https:\/\/www.acapulcopress.com\/index.php\/wp-json\/wp\/v2\/types\/post"}],"author":[{"embeddable":true,"href":"https:\/\/www.acapulcopress.com\/index.php\/wp-json\/wp\/v2\/users\/2"}],"replies":[{"embeddable":true,"href":"https:\/\/www.acapulcopress.com\/index.php\/wp-json\/wp\/v2\/comments?post=1252525"}],"version-history":[{"count":0,"href":"https:\/\/www.acapulcopress.com\/index.php\/wp-json\/wp\/v2\/posts\/1252525\/revisions"}],"wp:featuredmedia":[{"embeddable":true,"href":"https:\/\/www.acapulcopress.com\/index.php\/wp-json\/"}],"wp:attachment":[{"href":"https:\/\/www.acapulcopress.com\/index.php\/wp-json\/wp\/v2\/media?parent=1252525"}],"wp:term":[{"taxonomy":"category","embeddable":true,"href":"https:\/\/www.acapulcopress.com\/index.php\/wp-json\/wp\/v2\/categories?post=1252525"},{"taxonomy":"post_tag","embeddable":true,"href":"https:\/\/www.acapulcopress.com\/index.php\/wp-json\/wp\/v2\/tags?post=1252525"}],"curies":[{"name":"wp","href":"https:\/\/api.w.org\/{rel}","templated":true}]}}