{"id":1252537,"date":"2023-04-11T18:40:08","date_gmt":"2023-04-11T23:40:08","guid":{"rendered":"https:\/\/www.acapulcopress.com\/?p=1252537"},"modified":"2023-04-11T18:40:08","modified_gmt":"2023-04-11T23:40:08","slug":"diputado-apreza-presenta-reforma-a-ley-de-igualdad-entre-mujeres-y-hombres","status":"publish","type":"post","link":"https:\/\/www.acapulcopress.com\/index.php\/2023\/04\/11\/diputado-apreza-presenta-reforma-a-ley-de-igualdad-entre-mujeres-y-hombres\/","title":{"rendered":"Diputado Apreza presenta reforma a Ley de Igualdad entre Mujeres y Hombres"},"content":{"rendered":"<p style=\"text-align: justify;\">CHILPANCINGO * 11 de abril de 2023.<br \/>\n<em>) Congreso de Guerrero<\/em><br \/>\nEl diputado H\u00e9ctor Apreza Patr\u00f3n present\u00f3 una iniciativa de reforma a la Ley para la Igualdad entre Mujeres y Hombres del Estado de Guerrero, a efecto de que la Unidad de G\u00e9nero de cada ente p\u00fablico contribuya a la difusi\u00f3n, promoci\u00f3n y protecci\u00f3n de los derechos de la mujer en el \u00e1mbito familiar, laboral y comunitario, as\u00ed como implementar acciones encaminadas al empoderamiento de las servidoras p\u00fablicas en un contexto de igualdad en cada instituci\u00f3n.<\/p>\n<p style=\"text-align: justify;\">Al exponer su propuesta, el diputado integrante del Grupo Parlamentario del PRI dijo que las constituciones federal y estatal, as\u00ed como la Ley General de Igualdad de G\u00e9nero entre Hombres y Mujeres del Estado de Guerrero, tienen como objetivo regular y garantizar los derechos entre hombres y mujeres, generando las condiciones necesarias para eliminar cualquier forma de discriminaci\u00f3n por raz\u00f3n de g\u00e9nero, as\u00ed como establecer como principios rectores la igualdad, la no discriminaci\u00f3n y la equidad.<\/p>\n<p style=\"text-align: justify;\">Extern\u00f3 que es importante que el Estado, las dependencias, entidades paraestatales y \u00f3rganos de la administraci\u00f3n p\u00fablica estatal contin\u00faen garantizando la conformaci\u00f3n de acciones y pol\u00edticas tendentes a lograr la igualdad entre hombres y mujeres en los \u00e1mbitos pol\u00edtico, econ\u00f3mico, social y cultural, pero que tambi\u00e9n estas acciones se incluyan en los planes de gobierno y en los respectivos presupuestos de egresos.<\/p>\n<p style=\"text-align: justify;\">Por ello, extern\u00f3 la importancia de seguir legislando en la materia para hacer efectiva la versatilidad y otorgar mayor reconocimiento legal a las unidades de g\u00e9nero que se encuentran al interior de cada ente p\u00fablico, a efecto de que sigan contribuyendo a la difusi\u00f3n, promoci\u00f3n y protecci\u00f3n de los derechos de las mujeres en el \u00e1mbito familiar, laboral y comunitario, adem\u00e1s de implementar pol\u00edticas, programas y acciones encaminadas al empoderamiento de las personas servidoras p\u00fablicas en un contexto de igualdad.<\/p>\n<p style=\"text-align: justify;\">Esta iniciativa fue turnada a la Comisi\u00f3n para la Unidad de G\u00e9nero del Congreso para su an\u00e1lisis y dictaminaci\u00f3n.<\/p>\n<p style=\"text-align: justify;\"><em>) S\u00edguenos en nuestra p\u00e1gina Facebook | @<a href=\"https:\/\/www.facebook.com\/acapulcopress.news\" target=\"_blank\" rel=\"noopener\">Acapulco Press<\/a><\/em><\/p>\n","protected":false},"excerpt":{"rendered":"<p>CHILPANCINGO * 11 de abril de 2023. ) Congreso de Guerrero El diputado H\u00e9ctor Apreza Patr\u00f3n present\u00f3 una iniciativa de reforma a la Ley para la Igualdad entre Mujeres y Hombres del Estado de Guerrero, a efecto de que la Unidad de G\u00e9nero de cada ente p\u00fablico contribuya a la difusi\u00f3n, promoci\u00f3n y protecci\u00f3n de&#8230;<\/p>\n","protected":false},"author":2,"featured_media":1252520,"comment_status":"closed","ping_status":"closed","sticky":false,"template":"","format":"standard","meta":{"footnotes":""},"categories":[61,18561],"tags":[6370,9702],"class_list":["post-1252537","post","type-post","status-publish","format-standard","has-post-thumbnail","hentry","category-legislacion","category-society-politics","tag-congreso-de-guerrero","tag-hector-apreza-patron"],"_links":{"self":[{"href":"https:\/\/www.acapulcopress.com\/index.php\/wp-json\/wp\/v2\/posts\/1252537","targetHints":{"allow":["GET"]}}],"collection":[{"href":"https:\/\/www.acapulcopress.com\/index.php\/wp-json\/wp\/v2\/posts"}],"about":[{"href":"https:\/\/www.acapulcopress.com\/index.php\/wp-json\/wp\/v2\/types\/post"}],"author":[{"embeddable":true,"href":"https:\/\/www.acapulcopress.com\/index.php\/wp-json\/wp\/v2\/users\/2"}],"replies":[{"embeddable":true,"href":"https:\/\/www.acapulcopress.com\/index.php\/wp-json\/wp\/v2\/comments?post=1252537"}],"version-history":[{"count":0,"href":"https:\/\/www.acapulcopress.com\/index.php\/wp-json\/wp\/v2\/posts\/1252537\/revisions"}],"wp:featuredmedia":[{"embeddable":true,"href":"https:\/\/www.acapulcopress.com\/index.php\/wp-json\/"}],"wp:attachment":[{"href":"https:\/\/www.acapulcopress.com\/index.php\/wp-json\/wp\/v2\/media?parent=1252537"}],"wp:term":[{"taxonomy":"category","embeddable":true,"href":"https:\/\/www.acapulcopress.com\/index.php\/wp-json\/wp\/v2\/categories?post=1252537"},{"taxonomy":"post_tag","embeddable":true,"href":"https:\/\/www.acapulcopress.com\/index.php\/wp-json\/wp\/v2\/tags?post=1252537"}],"curies":[{"name":"wp","href":"https:\/\/api.w.org\/{rel}","templated":true}]}}