{"id":1252568,"date":"2023-04-12T22:23:10","date_gmt":"2023-04-13T03:23:10","guid":{"rendered":"https:\/\/www.acapulcopress.com\/?p=1252568"},"modified":"2023-04-12T22:23:10","modified_gmt":"2023-04-13T03:23:10","slug":"covid19-entre-enfermedades-adicionadas-en-reforma-a-ley-del-trabajo","status":"publish","type":"post","link":"https:\/\/www.acapulcopress.com\/index.php\/2023\/04\/12\/covid19-entre-enfermedades-adicionadas-en-reforma-a-ley-del-trabajo\/","title":{"rendered":"Covid19, entre enfermedades adicionadas en reforma a Ley del Trabajo"},"content":{"rendered":"<p style=\"text-align: justify;\">CIUDAD DE M\u00c9XICO * 12 de abril de 2023.<br \/>\n<em>) <a href=\"https:\/\/latinus.us\/2023\/04\/12\/diputados-aprueban-ampliacion-lista-enfermedades-trabajo-incluye-covid-19-ansiedad\/\" target=\"_blank\" rel=\"noopener\">LatinUS<\/a><\/em><br \/>\nLa C\u00e1mara de Diputados aprob\u00f3 este mi\u00e9rcoles el dictamen que reforma la Ley Federal de Trabajo que actualiza la tabla de enfermedades y accidentes de trabajo, en la cual se incluye la Covid-19 y diferentes padecimientos que afectan la salud mental como la ansiedad y la depresi\u00f3n.<\/p>\n<p style=\"text-align: justify;\">La propuesta fue aprobada con 427 votos a favor, cero en contra y cero abstenciones; el dictamen pasar\u00e1 al Senado para su revisi\u00f3n y aprobaci\u00f3n.<\/p>\n<p style=\"text-align: justify;\">La modificaci\u00f3n incluye la Covid-19 en el grupo de patolog\u00edas infecciosas y parasitarias; reconoce como enfermedad el trastorno de ansiedad, trastorno no org\u00e1nico del ciclo sue\u00f1o-vigilia, trastorno asociado con el estr\u00e9s y trastorno depresivo.<\/p>\n<p style=\"text-align: justify;\">Adem\u00e1s, incrementa las enfermedades derivadas por intoxicaciones de 36 a 46; agrupa enfermedades como neumoconiosis y broncopulmonares producidas por aspiraci\u00f3n de polvos y humos de origen animal, vegetal o mineral.<\/p>\n<p style=\"text-align: justify;\">La reforma a la Ley del Trabajo agrega tambi\u00e9n aquellas enfermedades de las v\u00edas respiratorias producidas por inhalaci\u00f3n de gases o vapores y del sistema respiratorio; aumenta de 10 a 14 las enfermedades producidas por factores mec\u00e1nicos y variaciones de los elementos naturales del medio de trabajo.<\/p>\n<p style=\"text-align: justify;\">\u201cEl dictamen de la Comisi\u00f3n de Trabajo y Previsi\u00f3n Social precisa que las tablas de enfermedades de trabajo, as\u00ed como el cat\u00e1logo de c\u00e9dulas para la valuaci\u00f3n de enfermedades de trabajo ser\u00e1n revisadas al menos cada cinco a\u00f1os a partir de su publicaci\u00f3n o cuando existan estudios e investigaciones que lo justifiquen\u201d, inform\u00f3 la C\u00e1mara Baja.<\/p>\n<p style=\"text-align: justify;\">La diputada del Partido Acci\u00f3n Nacional (PAN), Leticia Zepeda Mart\u00ednez, en su participaci\u00f3n asegur\u00f3 que con la aprobaci\u00f3n de este dictamen se soluciona un problema de 50 a\u00f1os, ya que desde 1970 no se actualizaba la tabla de enfermedades.<\/p>\n<p style=\"text-align: justify;\">Zepeda Mart\u00ednez celebr\u00f3 que aumentara la de 21 a 41 el grupo de enfermedades infecciosas y parasitarias, entre las que agrega la Covid-19, adem\u00e1s de que el c\u00e1ncer de origen laboral fue el grupo de enfermedades con mayor aumento, pues paso de cuatro a 30 padecimientos.<\/p>\n<p style=\"text-align: justify;\">Por su parte, el diputado de Morena, Manuel de Jes\u00fas Baldenabro Arredondo, se refiri\u00f3 a la incorporaci\u00f3n de los padecimientos que afectan la salud mental de los trabajadores, pues en el dictamen aprobado contempla el trastorno de ansiedad, estr\u00e9s grave y depresi\u00f3n.<\/p>\n<p style=\"text-align: justify;\"><em>) S\u00edguenos en nuestra p\u00e1gina Facebook | @<a href=\"https:\/\/www.facebook.com\/acapulcopress.news\" target=\"_blank\" rel=\"noopener\">Acapulco Press<\/a><\/em><\/p>\n","protected":false},"excerpt":{"rendered":"<p>CIUDAD DE M\u00c9XICO * 12 de abril de 2023. ) LatinUS La C\u00e1mara de Diputados aprob\u00f3 este mi\u00e9rcoles el dictamen que reforma la Ley Federal de Trabajo que actualiza la tabla de enfermedades y accidentes de trabajo, en la cual se incluye la Covid-19 y diferentes padecimientos que afectan la salud mental como la ansiedad&#8230;<\/p>\n","protected":false},"author":2,"featured_media":1252569,"comment_status":"closed","ping_status":"closed","sticky":false,"template":"","format":"standard","meta":{"footnotes":""},"categories":[1969,1998],"tags":[6701,11868],"class_list":["post-1252568","post","type-post","status-publish","format-standard","has-post-thumbnail","hentry","category-trending","category-proteccion-ciudadana","tag-covid-19","tag-ley-del-trabajo-mexico"],"_links":{"self":[{"href":"https:\/\/www.acapulcopress.com\/index.php\/wp-json\/wp\/v2\/posts\/1252568","targetHints":{"allow":["GET"]}}],"collection":[{"href":"https:\/\/www.acapulcopress.com\/index.php\/wp-json\/wp\/v2\/posts"}],"about":[{"href":"https:\/\/www.acapulcopress.com\/index.php\/wp-json\/wp\/v2\/types\/post"}],"author":[{"embeddable":true,"href":"https:\/\/www.acapulcopress.com\/index.php\/wp-json\/wp\/v2\/users\/2"}],"replies":[{"embeddable":true,"href":"https:\/\/www.acapulcopress.com\/index.php\/wp-json\/wp\/v2\/comments?post=1252568"}],"version-history":[{"count":0,"href":"https:\/\/www.acapulcopress.com\/index.php\/wp-json\/wp\/v2\/posts\/1252568\/revisions"}],"wp:featuredmedia":[{"embeddable":true,"href":"https:\/\/www.acapulcopress.com\/index.php\/wp-json\/"}],"wp:attachment":[{"href":"https:\/\/www.acapulcopress.com\/index.php\/wp-json\/wp\/v2\/media?parent=1252568"}],"wp:term":[{"taxonomy":"category","embeddable":true,"href":"https:\/\/www.acapulcopress.com\/index.php\/wp-json\/wp\/v2\/categories?post=1252568"},{"taxonomy":"post_tag","embeddable":true,"href":"https:\/\/www.acapulcopress.com\/index.php\/wp-json\/wp\/v2\/tags?post=1252568"}],"curies":[{"name":"wp","href":"https:\/\/api.w.org\/{rel}","templated":true}]}}