{"id":1252571,"date":"2023-04-12T22:46:41","date_gmt":"2023-04-13T03:46:41","guid":{"rendered":"https:\/\/www.acapulcopress.com\/?p=1252571"},"modified":"2023-04-12T22:46:41","modified_gmt":"2023-04-13T03:46:41","slug":"anuncia-moderna-vacuna-eficaz-contra-cancer","status":"publish","type":"post","link":"https:\/\/www.acapulcopress.com\/index.php\/2023\/04\/12\/anuncia-moderna-vacuna-eficaz-contra-cancer\/","title":{"rendered":"Anuncia &#8216;Moderna&#8217; vacuna eficaz contra c\u00e1ncer"},"content":{"rendered":"<p style=\"text-align: justify;\">MADRID * 12 de abril de 2023.<br \/>\n<em>) Europa Press<br \/>\n<\/em>El director m\u00e9dico de Moderna, Paul Burton, ha avanzado que la vacuna personalizada contra el c\u00e1ncer de la compa\u00f1\u00eda, en combinaci\u00f3n con la inmunoterapia de MSD &#8216;Keytruda&#8217; (pembrolizumab), podr\u00eda estar lista para \u00abfinales de la d\u00e9cada\u00bb.<\/p>\n<p style=\"text-align: justify;\">\u00abTendremos esa vacuna y ser\u00e1 muy eficaz, y salvar\u00e1 muchos cientos de miles, si no millones de vidas. Creo que podremos ofrecer vacunas personalizadas contra m\u00faltiples tipos de tumores a personas de todo el mundo\u00bb, asegur\u00f3 Burton en declaraciones al peri\u00f3dico brit\u00e1nico &#8216;The Guardian&#8217;.<\/p>\n<p style=\"text-align: justify;\">El experto detall\u00f3 c\u00f3mo funciona esta vacuna basada en ARNm, que alertar\u00eda al sistema inmunitario de un c\u00e1ncer que ya est\u00e1 creciendo en el cuerpo de un paciente para que pueda atacarlo y destruirlo, sin destruir las c\u00e9lulas sanas.<\/p>\n<p style=\"text-align: justify;\">Para ello, se identifican fragmentos de prote\u00ednas en la superficie de las c\u00e9lulas cancerosas que no est\u00e1n presentes en las c\u00e9lulas sanas (y que tienen m\u00e1s probabilidades de desencadenar una respuesta inmunitaria) y luego se crean fragmentos de ARNm que indicar\u00e1n al organismo c\u00f3mo fabricarlos.<\/p>\n<p style=\"text-align: justify;\">En primer lugar, los m\u00e9dicos toman una biopsia del tumor del paciente y la env\u00edan al laboratorio, donde se secuencia su material gen\u00e9tico para identificar las mutaciones que no est\u00e1n presentes en las c\u00e9lulas sanas.<\/p>\n<p style=\"text-align: justify;\">A continuaci\u00f3n, un algoritmo de aprendizaje autom\u00e1tico identifica cu\u00e1les de estas mutaciones son responsables del crecimiento del c\u00e1ncer. Con el tiempo, tambi\u00e9n aprende qu\u00e9 partes de las prote\u00ednas anormales que codifican estas mutaciones tienen m\u00e1s probabilidades de desencadenar una respuesta inmunitaria. A continuaci\u00f3n, se fabrican los ARNm de los ant\u00edgenos m\u00e1s prometedores y se empaquetan en una vacuna personalizada.<\/p>\n<p style=\"text-align: justify;\"><strong>VACUNA CONTRA EL C\u00c1NCER: GRAN ENSAYO EN 2023<\/strong><\/p>\n<p style=\"text-align: justify;\">En febrero, la Administraci\u00f3n de Alimentos y Medicamentos de Estados Unidos (FDA, por sus siglas en ingl\u00e9s) concedi\u00f3 la designaci\u00f3n de terapia innovadora a esta vacuna contra el c\u00e1ncer de Moderna para pacientes con melanoma, con el objetivo de acelerar su desarrollo y revisi\u00f3n.<\/p>\n<p style=\"text-align: justify;\">La decisi\u00f3n de Estados Unidos se produjo dos meses despu\u00e9s de que Moderna presentara los resultados de un ensayo cl\u00ednico de fase 2 que mostraba que la vacuna, en combinaci\u00f3n con &#8216;Keytruda&#8217;, reduc\u00eda la recurrencia del melanoma un 44 por ciento.<\/p>\n<p style=\"text-align: justify;\">As\u00ed, los resultados de este estudio se convirtieron en la primera demostraci\u00f3n de la eficacia de un tratamiento oncol\u00f3gico que utiliza la tecnolog\u00eda ARNm, utilizada por primera vez para las vacunas contra la COVID-19.<\/p>\n<p style=\"text-align: justify;\">Moderna y MSD tienen previsto discutir estos datos con las autoridades reguladoras e iniciar un estudio de fase 3 en melanoma en 2023. Adem\u00e1s, planean ampliarlo \u00abr\u00e1pidamente\u00bb a otros tipos de tumores.<\/p>\n<p style=\"text-align: justify;\"><strong>Vacunas contra el c\u00e1ncer o enfermedades cardiovasculares para 2030<\/strong><\/p>\n<p style=\"text-align: justify;\">En la entrevista con &#8216;The Guardian&#8217;, el director m\u00e9dico de Moderna tambi\u00e9n anunci\u00f3 que la compa\u00f1\u00eda espera que sus vacunas con la tecnolog\u00eda ARNm tambi\u00e9n est\u00e9n disponibles para 2030 contra enfermedades cardiovasculares, autoinmunes o enfermedades raras, y tambi\u00e9n de forma \u00abmuy prometedora\u00bb.<\/p>\n<p style=\"text-align: justify;\">\u00abPuede aplicarse a todo tipo de enfermedades: c\u00e1ncer, enfermedades infecciosas, cardiovasculares, autoinmunes y raras. Tenemos estudios en todas esas \u00e1reas y todos han demostrado ser tremendamente prometedores\u00bb, resalt\u00f3 Burton.<\/p>\n<p style=\"text-align: justify;\">En este sentido, el experto considera que con una sola vacuna se podr\u00eda alcanzar a varias infecciones respiratorias, como la covid-19, la gripe y el virus respiratorio sincitial (VRS).<\/p>\n<p style=\"text-align: justify;\">En enero, Moderna anunci\u00f3 los resultados de un ensayo en fase avanzada de su vacuna experimental contra el VRS, que concluyeron que es un 83.7% eficaz para prevenir al menos dos s\u00edntomas, como tos y fiebre, en adultos de 60 a\u00f1os o m\u00e1s. Estados Unidos tambi\u00e9n concedi\u00f3 a esta vacuna la designaci\u00f3n de terapia innovadora.<\/p>\n<p style=\"text-align: justify;\">Otro campo de actuaci\u00f3n son las enfermedades raras: \u00abCreo que tendremos terapias basadas en el ARNm para enfermedades raras que antes no se pod\u00edan curar, y creo que dentro de 10 a\u00f1os nos acercaremos a un mundo en el que realmente se podr\u00e1 identificar la causa gen\u00e9tica de una enfermedad y, con relativa sencillez, ir a editarla y repararla utilizando tecnolog\u00eda basada en el ARNm\u00bb.<\/p>\n<p style=\"text-align: justify;\"><em>) S\u00edguenos en nuestra p\u00e1gina Facebook | @<a href=\"https:\/\/www.facebook.com\/acapulcopress.news\" target=\"_blank\" rel=\"noopener\">Acapulco Press<\/a><\/em><\/p>\n","protected":false},"excerpt":{"rendered":"<p>MADRID * 12 de abril de 2023. ) Europa Press El director m\u00e9dico de Moderna, Paul Burton, ha avanzado que la vacuna personalizada contra el c\u00e1ncer de la compa\u00f1\u00eda, en combinaci\u00f3n con la inmunoterapia de MSD &#8216;Keytruda&#8217; (pembrolizumab), podr\u00eda estar lista para \u00abfinales de la d\u00e9cada\u00bb. \u00abTendremos esa vacuna y ser\u00e1 muy eficaz, y salvar\u00e1&#8230;<\/p>\n","protected":false},"author":2,"featured_media":1252572,"comment_status":"closed","ping_status":"closed","sticky":false,"template":"","format":"standard","meta":{"footnotes":""},"categories":[1997],"tags":[4148,13240,13369,14362,17721],"class_list":["post-1252571","post","type-post","status-publish","format-standard","has-post-thumbnail","hentry","category-noticias-destacadas","tag-arnm","tag-moderna","tag-msd-keytruda","tag-paul-burton","tag-vacuna-contra-cancer"],"_links":{"self":[{"href":"https:\/\/www.acapulcopress.com\/index.php\/wp-json\/wp\/v2\/posts\/1252571","targetHints":{"allow":["GET"]}}],"collection":[{"href":"https:\/\/www.acapulcopress.com\/index.php\/wp-json\/wp\/v2\/posts"}],"about":[{"href":"https:\/\/www.acapulcopress.com\/index.php\/wp-json\/wp\/v2\/types\/post"}],"author":[{"embeddable":true,"href":"https:\/\/www.acapulcopress.com\/index.php\/wp-json\/wp\/v2\/users\/2"}],"replies":[{"embeddable":true,"href":"https:\/\/www.acapulcopress.com\/index.php\/wp-json\/wp\/v2\/comments?post=1252571"}],"version-history":[{"count":0,"href":"https:\/\/www.acapulcopress.com\/index.php\/wp-json\/wp\/v2\/posts\/1252571\/revisions"}],"wp:featuredmedia":[{"embeddable":true,"href":"https:\/\/www.acapulcopress.com\/index.php\/wp-json\/"}],"wp:attachment":[{"href":"https:\/\/www.acapulcopress.com\/index.php\/wp-json\/wp\/v2\/media?parent=1252571"}],"wp:term":[{"taxonomy":"category","embeddable":true,"href":"https:\/\/www.acapulcopress.com\/index.php\/wp-json\/wp\/v2\/categories?post=1252571"},{"taxonomy":"post_tag","embeddable":true,"href":"https:\/\/www.acapulcopress.com\/index.php\/wp-json\/wp\/v2\/tags?post=1252571"}],"curies":[{"name":"wp","href":"https:\/\/api.w.org\/{rel}","templated":true}]}}