{"id":1252580,"date":"2023-04-13T18:53:34","date_gmt":"2023-04-13T23:53:34","guid":{"rendered":"https:\/\/www.acapulcopress.com\/?p=1252580"},"modified":"2023-04-13T18:53:34","modified_gmt":"2023-04-13T23:53:34","slug":"la-rebelion-de-los-obispos-y-la-construccion-de-paz","status":"publish","type":"post","link":"https:\/\/www.acapulcopress.com\/index.php\/2023\/04\/13\/la-rebelion-de-los-obispos-y-la-construccion-de-paz\/","title":{"rendered":"La rebeli\u00f3n de los obispos y la construcci\u00f3n de paz"},"content":{"rendered":"<p style=\"text-align: justify;\">Marem\u00e1gnum<br \/>\n\u00bb <strong>RICARDO<\/strong> | <strong>CASTILLO BARRIENTOS<\/strong><br \/>\n<em>) Facebook: @R<a href=\"https:\/\/www.facebook.com\/ricardocastill01\" target=\"_blank\" rel=\"noopener\">icardo Castillo Barrientos<\/a><\/em><\/p>\n<p style=\"text-align: justify;\">El controvertido obispo em\u00e9rito Salvador Rangel Mendoza, nuevamente le puso el cascabel al gato. Primero, con ir a rajar le\u00f1a con el <a href=\"https:\/\/www.facebook.com\/ConElPapa\" target=\"_blank\" rel=\"noopener\">papa Francisco<\/a>, Sumo Pont\u00edfice de la Iglesia Cat\u00f3lica, sobre el exacerbado clima de violencia e inseguridad en Guerrero y seguramente le informar\u00e1 de las relaciones incestuosas que mantiene con algunos capos de grupos criminales, a fin de pacificar la entidad.<\/p>\n<p style=\"text-align: justify;\">Con anterioridad, monse\u00f1or Rangel hab\u00eda se\u00f1alado que conjuntamente con el ex gobernador Rub\u00e9n Figueroa, lograron apaciguar el estado, en momentos aciagos ante la pasividad oficial.<\/p>\n<p style=\"text-align: justify;\">La inseguridad p\u00fablica ha sido un tema recurrente del prelado. Cada vez que tiene oportunidad se lanza contra el gobierno estatal, haciendo afirmaciones categ\u00f3ricas como asegurar que le consta el clar\u00edsimo vac\u00edo de autoridad que existe en Guerrero. Monse\u00f1or Rangel va m\u00e1s all\u00e1: \u201cEste vac\u00edo de poder y de atenci\u00f3n de las autoridades, lo han ido llenando los narcotraficantes\u201d.<\/p>\n<p style=\"text-align: justify;\">Tambi\u00e9n el obispo de la di\u00f3cesis Chilpancingo-Chilapa, Jos\u00e9 de Jes\u00fas Gonz\u00e1lez, ha contribuido al clima de animadversi\u00f3n contra el Gobierno del Estado, haciendo cr\u00edticos se\u00f1alamientos del enrarecimiento del ambiente social a causa del incremento de la violencia en los \u00faltimos meses.<\/p>\n<p style=\"text-align: justify;\">En buena medida los jerarcas eclesi\u00e1sticos reciben de su feligres\u00eda informaci\u00f3n fidedigna que les permite un conocimiento detallado de sucesos criminales y de los principales generadores de violencia. No hacen m\u00e1s que interpretar la realidad y los sentimientos y temores que cotidianamente vive la poblaci\u00f3n.<\/p>\n<p style=\"text-align: justify;\">El Comit\u00e9 Ejecutivo Estatal de Morena, reaccion\u00f3 virulentamente contra los obispos Rangel y Gonz\u00e1lez, por supuestas pretensiones desestabilizadoras y ser \u201caliados y c\u00f3mplices del crimen organizado\u201d. Con estas aseveraciones se complican y tensan las relaciones entre la iglesia cat\u00f3lica y la gobernadora <a href=\"https:\/\/www.facebook.com\/EvelynSalgadoP\" target=\"_blank\" rel=\"noopener\">Evelyn Salgado Pineda<\/a>, que deber\u00edan caminar en armon\u00eda, como siempre ha sido. Ahora las condiciones son distintas y las relaciones distantes.<\/p>\n<p style=\"text-align: justify;\">El pol\u00e9mico y protag\u00f3nico monse\u00f1or Rangel Mendoza, rechaz\u00f3 tajantemente, cualquier pretensi\u00f3n desestabilizadora y s\u00ed contribuir a la construcci\u00f3n de la paz, que corresponde edificar al gobierno en sus tres niveles y de garantizar la seguridad p\u00fablica como lo mandata el texto constitucional. Como no s\u00e9 est\u00e1 cumpliendo con el mandato, los jerarcas cat\u00f3licos se ven obligados entrarle al toro por los cuernos, \u201cen este vac\u00edo de poder que han dejado las instituciones\u201d.<\/p>\n<p style=\"text-align: justify;\"><strong>Marea Baja.-<\/strong> Un gran acierto la convocatoria del Concurso Estatal de Fotograf\u00eda, dirigido a ni\u00f1as, ni\u00f1os y adolescentes, lanzada por el Congreso del Estado. Lo interesante del certamen consiste que los participantes podr\u00e1n registrar sus fotograf\u00edas sobre nuestras tradiciones (danzas, gastronom\u00eda y m\u00fasica) y los lugares tur\u00edsticos, hist\u00f3ricos o emblem\u00e1ticos de Guerrero, que consideren significativos y que quieran dar a conocer desde sus comunidades.<\/p>\n<p style=\"text-align: justify;\">Habr\u00e1 premios en efectivo en cada categor\u00eda. Las ni\u00f1as o ni\u00f1os ind\u00edgenas o afromexicanos recibir\u00e1n un premio especial. Esta actividad es una buena faceta que pone \u00e9nfasis en los segmentos infantil y juvenil siempre olvidados y que tienen pocas oportunidades de participar en eventos culturales de esta naturaleza.<\/p>\n<p style=\"text-align: justify;\"><strong>Marea Alta.-<\/strong> Las huestes felixistas est\u00e1n subiendo el tono de la campa\u00f1a \u00a1Es Claudia!, con pintas de grandes dimensiones en sitios estrat\u00e9gicos de las ciudades de Acapulco, Chilpancingo, Iguala y Zihuatanejo, que captan la atenci\u00f3n de automovilistas y transe\u00fantes, que circulan por esas zonas de gran afluencia urbana.<\/p>\n<p style=\"text-align: justify;\">La aspirante presidencial Claudia Sheinbaum, Jefa de Gobierno de la CDMX, se ha demorado en anunciar su pr\u00f3xima presencia en la entidad, gan\u00e1ndole la delantera Marcelo Ebrard y Ad\u00e1n Augusto L\u00f3pez, que han realizado sendos actos masivos en Acapulco.<\/p>\n<p style=\"text-align: justify;\">En v\u00eda de mientras, la coordinaci\u00f3n de la campa\u00f1a \u00a1Es Claudia!, realizar\u00e1 una Asamblea Informativa el domingo 23 de abril, en conocido hotel de la avenida Costera Miguel Alem\u00e1n, a efecto de no rezagarse ante los grupos de campa\u00f1a de los otros aspirantes presidenciales. Antes, el domingo 16, se llevar\u00e1 a cabo otra Asamblea Informativa de simpatizantes de Claudia, en la colonia Zapata con otros coordinadores. \u00a1La rebatinga en pleno!<\/p>\n<p style=\"text-align: justify;\"><strong>Maremoto.-<\/strong> Para explicar la delicada problem\u00e1tica del agua potable en la capital del estado, la asociaci\u00f3n civil \u201cPor un Mejor Guerrero\u201d, que dirige el ameritado maestro Ra\u00fal Salgado, invit\u00f3 al titular de la CAPACH, Carlos Balbuena Schiaffini, quien destac\u00f3 los trabajos de modernizaci\u00f3n de los sistemas administrativos, financieros y t\u00e9cnico de ese organismo paramunicipal.<\/p>\n<p style=\"text-align: justify;\">Los habitantes de la ciudad de Chilpancingo sufren de manera permanente la escasez del vital l\u00edquido, sin que alguna autoridad ofrezca y ejecute soluciones definitivas a este grav\u00edsimo problema, el cual podr\u00eda provocar un estallido social, que se manifiesta todos los d\u00edas con innumerables bloqueos de calles y avenidas, en exigencia de agua potable. Un verdadero martirio para las familias m\u00e1s pobres que tienen que desembolsar el poco dinero que tienen para pagar pipas o tambos de agua, con lo caro que est\u00e1n.<\/p>\n<p style=\"text-align: justify;\">El director de la CAPACH, se refiri\u00f3 a tres proyectos como soluci\u00f3n al problema: traer agua de los r\u00edos Mezcala o Papagayo y otro que no especific\u00f3, con costo aproximado de 3 mil millones de pesos, que deben de ser aportados por los gobiernos federal y del estado. Por algo se debe comenzar en una primera etapa, a la voz de ya y no dar m\u00e1s largas a una soluci\u00f3n definitiva, despu\u00e9s de varias d\u00e9cadas que diversos gobiernos vienen arrastrando, en perjuicio de las familias chilpancinguenses.<\/p>\n<p style=\"text-align: justify;\">) S\u00edguenos en nuestra p\u00e1gina Facebook | @Acapulco Press<br \/>\nhttps:\/\/www.facebook.com\/acapulcopress.news<br \/>\n) Vis\u00edtanos en acapulcopress.com<\/p>\n","protected":false},"excerpt":{"rendered":"<p>Marem\u00e1gnum \u00bb RICARDO | CASTILLO BARRIENTOS ) Facebook: @Ricardo Castillo Barrientos El controvertido obispo em\u00e9rito Salvador Rangel Mendoza, nuevamente le puso el cascabel al gato. Primero, con ir a rajar le\u00f1a con el papa Francisco, Sumo Pont\u00edfice de la Iglesia Cat\u00f3lica, sobre el exacerbado clima de violencia e inseguridad en Guerrero y seguramente le informar\u00e1&#8230;<\/p>\n","protected":false},"author":2,"featured_media":1252581,"comment_status":"closed","ping_status":"closed","sticky":false,"template":"","format":"standard","meta":{"footnotes":""},"categories":[1972,2071,1991],"tags":[5110,5174,11006,12503,14214,15575,15853,15962],"class_list":["post-1252580","post","type-post","status-publish","format-standard","has-post-thumbnail","hentry","category-special","category-opinion-analisis-columnas","category-libertad-de-expresion","tag-capach","tag-carlos-balbuena-schiaffini","tag-jose-de-jesus-gonzalez","tag-maremagnum","tag-papa-francisco","tag-ricardo-castillo-barrientos","tag-ruben-figueroa","tag-salvador-rangel-mendoza"],"_links":{"self":[{"href":"https:\/\/www.acapulcopress.com\/index.php\/wp-json\/wp\/v2\/posts\/1252580","targetHints":{"allow":["GET"]}}],"collection":[{"href":"https:\/\/www.acapulcopress.com\/index.php\/wp-json\/wp\/v2\/posts"}],"about":[{"href":"https:\/\/www.acapulcopress.com\/index.php\/wp-json\/wp\/v2\/types\/post"}],"author":[{"embeddable":true,"href":"https:\/\/www.acapulcopress.com\/index.php\/wp-json\/wp\/v2\/users\/2"}],"replies":[{"embeddable":true,"href":"https:\/\/www.acapulcopress.com\/index.php\/wp-json\/wp\/v2\/comments?post=1252580"}],"version-history":[{"count":0,"href":"https:\/\/www.acapulcopress.com\/index.php\/wp-json\/wp\/v2\/posts\/1252580\/revisions"}],"wp:featuredmedia":[{"embeddable":true,"href":"https:\/\/www.acapulcopress.com\/index.php\/wp-json\/"}],"wp:attachment":[{"href":"https:\/\/www.acapulcopress.com\/index.php\/wp-json\/wp\/v2\/media?parent=1252580"}],"wp:term":[{"taxonomy":"category","embeddable":true,"href":"https:\/\/www.acapulcopress.com\/index.php\/wp-json\/wp\/v2\/categories?post=1252580"},{"taxonomy":"post_tag","embeddable":true,"href":"https:\/\/www.acapulcopress.com\/index.php\/wp-json\/wp\/v2\/tags?post=1252580"}],"curies":[{"name":"wp","href":"https:\/\/api.w.org\/{rel}","templated":true}]}}